{"id":73185,"date":"2015-10-06T15:07:37","date_gmt":"2015-10-06T18:07:37","guid":{"rendered":"http:\/\/www.24baires.com\/?p=73185"},"modified":"2015-10-06T15:07:37","modified_gmt":"2015-10-06T18:07:37","slug":"el-senado-comienza-a-debatir-la-ley-para-el-desarrollo-de-la-industria-satelital","status":"publish","type":"post","link":"http:\/\/www.24baires.com\/?p=73185","title":{"rendered":"El senado comienza a debatir la Ley para el Desarrollo de la Industria Satelital"},"content":{"rendered":"<p>La actividad comenzar\u00e1 a la 15 en la C\u00e1mara alta. En esta primera sesi\u00f3n asistir\u00e1n el presidente de la Autoridad Federal de Tecnolog\u00edas de la Informaci\u00f3n y las Comunicaciones, Norberto Berner, y el presidente Arsat, Mat\u00edas Bianchi.<!--more--><\/p>\n<p>Desde las 15 horas comienza a debatirse en el Honorable Senado de la Naci\u00f3n Argentina el Proyecto de Ley para el Desarrollo de la Industria Satelital. En esta primera sesi\u00f3n asistir\u00e1n el presidente de la Autoridad Federal de Tecnolog\u00edas de la Informaci\u00f3n y las Comunicaciones (AFTIC), Norberto Berner, y el presidente de la empresa Argentina de Soluciones Satelitales (ARSAT), Mat\u00edas Bianchi.<\/p>\n<p>Los ejes principales del proyecto consisten en declarar de inter\u00e9s p\u00fablico al desarrollo de la industria satelital como pol\u00edtica de estado, otorg\u00e1ndole prioridad nacional en lo relativo a sat\u00e9lites geoestacionarios de telecomunicaciones y establecer la aprobaci\u00f3n de un \u201cPlan Satelital Geoestacionario Argentino 2015-2035\u201d. El proyecto ser\u00e1 tratado en las comisiones de Sistemas, Medios de Comunicaci\u00f3n y Libertad de Expresi\u00f3n y en la de Presupuesto y Hacienda, en el Sal\u00f3n Azul del Congreso de la Naci\u00f3n, y ser\u00e1n presididas por los senadores nacionales Liliana Fellner y Juan Abal Medina.<\/p>\n","protected":false},"excerpt":{"rendered":"<p>La actividad comenzar\u00e1 a la 15 en la C\u00e1mara alta. En esta primera sesi\u00f3n asistir\u00e1n el presidente de la Autoridad Federal de Tecnolog\u00edas de la Informaci\u00f3n y las Comunicaciones, Norberto Berner, y el presidente Arsat, Mat\u00edas Bianchi.<\/p>\n","protected":false},"author":8,"featured_media":0,"comment_status":"open","ping_status":"open","sticky":false,"template":"","format":"standard","meta":{"_jetpack_newsletter_access":"","_jetpack_dont_email_post_to_subs":false,"_jetpack_newsletter_tier_id":0,"_jetpack_memberships_contains_paywalled_content":false,"_jetpack_memberships_contains_paid_content":false,"footnotes":""},"categories":[51],"tags":[],"class_list":["post-73185","post","type-post","status-publish","format-standard","hentry","category-politica"],"jetpack_shortlink":"https:\/\/wp.me\/p2JWE0-j2p","jetpack-related-posts":[{"id":106464,"url":"http:\/\/www.24baires.com\/?p=106464","url_meta":{"origin":73185,"position":0},"title":"El Gobierno privatiz\u00f3 bandas de comunicaciones m\u00f3viles que pertenec\u00edan a Arsat","author":"GB","date":"21\/01\/2019","format":false,"excerpt":"Sin lugar a la discusi\u00f3n, la administraci\u00f3n de Mauricio Macri modific\u00f3 la Ley de Desarrollo de la Industria Satelital que en su art\u00edculo 11 reservaba en forma exclusiva las bandas de frecuencias para Arsat, mientras que ahora el ENACOM podr\u00e1 otorgarle dichas bandas de comunicaciones a prestadores de servicios privados\u2026","rel":"","context":"En \u00abPol\u00edtica\u00bb","block_context":{"text":"Pol\u00edtica","link":"http:\/\/www.24baires.com\/?cat=51"},"img":{"alt_text":"","src":"https:\/\/i0.wp.com\/www.24baires.com\/wp-content\/uploads\/2018\/09\/macri.jpg?resize=350%2C200","width":350,"height":200,"srcset":"https:\/\/i0.wp.com\/www.24baires.com\/wp-content\/uploads\/2018\/09\/macri.jpg?resize=350%2C200 1x, https:\/\/i0.wp.com\/www.24baires.com\/wp-content\/uploads\/2018\/09\/macri.jpg?resize=525%2C300 1.5x"},"classes":[]},{"id":52731,"url":"http:\/\/www.24baires.com\/?p=52731","url_meta":{"origin":73185,"position":1},"title":"Argentina enviar\u00e1 el primer sat\u00e9lite al espacio","author":"GB","date":"30\/08\/2014","format":false,"excerpt":"Se trata del Arsat-1, fabricado por la firma estatal Invap en la ciudad de Bariloche. Este s\u00e1bado ser\u00e1 trasladado a la Guayana Francesa. Desde las 9:30 de este s\u00e1bado, Argentina da un paso m\u00e1s hacia un hecho in\u00e9dito en su historia: convertirse en uno de los ocho pa\u00edses con tecnolog\u00eda\u2026","rel":"","context":"En \u00abTecnolog\u00eda\u00bb","block_context":{"text":"Tecnolog\u00eda","link":"http:\/\/www.24baires.com\/?cat=46"},"img":{"alt_text":"","src":"https:\/\/i0.wp.com\/www.24baires.com\/wp-content\/uploads\/2014\/08\/satelite.jpg?resize=350%2C200","width":350,"height":200,"srcset":"https:\/\/i0.wp.com\/www.24baires.com\/wp-content\/uploads\/2014\/08\/satelite.jpg?resize=350%2C200 1x, https:\/\/i0.wp.com\/www.24baires.com\/wp-content\/uploads\/2014\/08\/satelite.jpg?resize=525%2C300 1.5x"},"classes":[]},{"id":56544,"url":"http:\/\/www.24baires.com\/?p=56544","url_meta":{"origin":73185,"position":2},"title":"De Vido: \u00abCon el nuevo plan de telecomunicaciones se reivindica el federalismo\u00bb","author":"GB","date":"04\/11\/2014","format":false,"excerpt":"La Comisi\u00f3n de Sistemas, Medios y Comunicaci\u00f3n del Senado comenz\u00f3 a debatir esta ma\u00f1ana el proyecto de ley de telecomunicaciones Argentina Digital, enviado por el Poder Ejecutivo, con la presencia del jefe de Gabinete, Jorge Capitanich, y del ministro de Planificaci\u00f3n Federal, Julio De Vido. El ministro de Planificaci\u00f3n, Julio\u2026","rel":"","context":"En \u00abEconom\u00eda\u00bb","block_context":{"text":"Econom\u00eda","link":"http:\/\/www.24baires.com\/?cat=45"},"img":{"alt_text":"de vido2","src":"https:\/\/i0.wp.com\/www.24baires.com\/wp-content\/uploads\/2013\/12\/de-vido2.jpg?resize=350%2C200","width":350,"height":200,"srcset":"https:\/\/i0.wp.com\/www.24baires.com\/wp-content\/uploads\/2013\/12\/de-vido2.jpg?resize=350%2C200 1x, https:\/\/i0.wp.com\/www.24baires.com\/wp-content\/uploads\/2013\/12\/de-vido2.jpg?resize=525%2C300 1.5x"},"classes":[]},{"id":56503,"url":"http:\/\/www.24baires.com\/?p=56503","url_meta":{"origin":73185,"position":3},"title":"El Arsat-1 ya est\u00e1 en la posici\u00f3n esperada","author":"Grupo Sierra","date":"03\/11\/2014","format":false,"excerpt":"El sat\u00e9lite geoestacionario de telecomunicaciones cumpli\u00f3 exitosamente, uno tras otro, los eventos programados. \u201cEl sat\u00e9lite qued\u00f3 ayer en la posici\u00f3n orbital 81, en la cual se va a hacer la prueba de la carga \u00fatil (antes de estacionarlo en la \u00f3rbita 72), que es lo \u00faltimo que queda probar\u201d, sostuvo\u2026","rel":"","context":"En \u00abTecnolog\u00eda\u00bb","block_context":{"text":"Tecnolog\u00eda","link":"http:\/\/www.24baires.com\/?cat=46"},"img":{"alt_text":"arsat 1","src":"https:\/\/i0.wp.com\/www.24baires.com\/wp-content\/uploads\/2014\/10\/arsat-1.jpg?resize=350%2C200","width":350,"height":200,"srcset":"https:\/\/i0.wp.com\/www.24baires.com\/wp-content\/uploads\/2014\/10\/arsat-1.jpg?resize=350%2C200 1x, https:\/\/i0.wp.com\/www.24baires.com\/wp-content\/uploads\/2014\/10\/arsat-1.jpg?resize=525%2C300 1.5x"},"classes":[]},{"id":96105,"url":"http:\/\/www.24baires.com\/?p=96105","url_meta":{"origin":73185,"position":4},"title":"El Colegio de Ingenieros de la Provincia rechaz\u00f3 el acuerdo Arsat-Hughes","author":"Grupo Sierra","date":"23\/07\/2017","format":false,"excerpt":"\u00a0 El Colegio de Ingenieros de la provincia de Buenos Aires (CIPBA), manifest\u00f3 hoy su \u201cpreocupaci\u00f3n\u201d y \u201crechazo\u201d a un posible acuerdo entre Arsat y la firma estadounidense Hughes para construir el sat\u00e9lite Arsat 3. El CIPBA rechaz\u00f3 en un comunicado \u201cla intenci\u00f3n del gobierno nacional de poner en manos\u2026","rel":"","context":"En \u00abGeneral\u00bb","block_context":{"text":"General","link":"http:\/\/www.24baires.com\/?cat=67"},"img":{"alt_text":"","src":"http:\/\/i0.wp.com\/elretratodehoy.com.ar\/wp-content\/uploads\/2017\/07\/arsat.jpg?resize=350%2C200","width":350,"height":200,"srcset":"http:\/\/i0.wp.com\/elretratodehoy.com.ar\/wp-content\/uploads\/2017\/07\/arsat.jpg?resize=350%2C200 1x, http:\/\/i0.wp.com\/elretratodehoy.com.ar\/wp-content\/uploads\/2017\/07\/arsat.jpg?resize=525%2C300 1.5x"},"classes":[]},{"id":62765,"url":"http:\/\/www.24baires.com\/?p=62765","url_meta":{"origin":73185,"position":5},"title":"Empresas de telecomunicaciones ratificaron el compromiso de invertir en 4G","author":"GB","date":"06\/03\/2015","format":false,"excerpt":"Responsables de reconocidas multinacionales de telecomunicaciones manifestaron su intenci\u00f3n de invertir en Argentina a partir del avance de esa tecnolog\u00eda en el pa\u00eds, inform\u00f3 el secretario de Comunicaciones, Norberto Berner. El funcionario se reuni\u00f3 en Barcelona, donde particip\u00f3 del Congreso Mundial de Tecnolog\u00eda M\u00f3vil, que finaliz\u00f3 este jueves, con directivos\u2026","rel":"","context":"En \u00abEconom\u00eda\u00bb","block_context":{"text":"Econom\u00eda","link":"http:\/\/www.24baires.com\/?cat=45"},"img":{"alt_text":"adolescente celular","src":"https:\/\/i0.wp.com\/www.24baires.com\/wp-content\/uploads\/2013\/05\/adolescente-celular-300x300.jpg?resize=350%2C200","width":350,"height":200},"classes":[]}],"jetpack_sharing_enabled":true,"jetpack_likes_enabled":true,"jetpack_featured_media_url":"","_links":{"self":[{"href":"http:\/\/www.24baires.com\/index.php?rest_route=\/wp\/v2\/posts\/73185","targetHints":{"allow":["GET"]}}],"collection":[{"href":"http:\/\/www.24baires.com\/index.php?rest_route=\/wp\/v2\/posts"}],"about":[{"href":"http:\/\/www.24baires.com\/index.php?rest_route=\/wp\/v2\/types\/post"}],"author":[{"embeddable":true,"href":"http:\/\/www.24baires.com\/index.php?rest_route=\/wp\/v2\/users\/8"}],"replies":[{"embeddable":true,"href":"http:\/\/www.24baires.com\/index.php?rest_route=%2Fwp%2Fv2%2Fcomments&post=73185"}],"version-history":[{"count":1,"href":"http:\/\/www.24baires.com\/index.php?rest_route=\/wp\/v2\/posts\/73185\/revisions"}],"predecessor-version":[{"id":73186,"href":"http:\/\/www.24baires.com\/index.php?rest_route=\/wp\/v2\/posts\/73185\/revisions\/73186"}],"wp:attachment":[{"href":"http:\/\/www.24baires.com\/index.php?rest_route=%2Fwp%2Fv2%2Fmedia&parent=73185"}],"wp:term":[{"taxonomy":"category","embeddable":true,"href":"http:\/\/www.24baires.com\/index.php?rest_route=%2Fwp%2Fv2%2Fcategories&post=73185"},{"taxonomy":"post_tag","embeddable":true,"href":"http:\/\/www.24baires.com\/index.php?rest_route=%2Fwp%2Fv2%2Ftags&post=73185"}],"curies":[{"name":"wp","href":"https:\/\/api.w.org\/{rel}","templated":true}]}}