{"id":73178,"date":"2015-10-06T14:00:36","date_gmt":"2015-10-06T17:00:36","guid":{"rendered":"http:\/\/www.24baires.com\/?p=73178"},"modified":"2015-10-06T11:27:27","modified_gmt":"2015-10-06T14:27:27","slug":"hay-que-buscar-a-los-narcos-a-las-villas-y-a-nordelta","status":"publish","type":"post","link":"http:\/\/www.24baires.com\/?p=73178","title":{"rendered":"\u00abHay que buscar a los narcos a las villas y a Nordelta\u00bb"},"content":{"rendered":"<p><img data-recalc-dims=\"1\" loading=\"lazy\" decoding=\"async\" class=\"aligncenter size-full wp-image-63748\" src=\"https:\/\/i0.wp.com\/www.24baires.com\/wp-content\/uploads\/2015\/03\/massa-1.jpg?resize=560%2C313\" alt=\"massa 1\" width=\"560\" height=\"313\" srcset=\"https:\/\/i0.wp.com\/www.24baires.com\/wp-content\/uploads\/2015\/03\/massa-1.jpg?w=560 560w, https:\/\/i0.wp.com\/www.24baires.com\/wp-content\/uploads\/2015\/03\/massa-1.jpg?resize=300%2C168 300w\" sizes=\"auto, (max-width: 560px) 100vw, 560px\" \/>El candidato presidencial de UNA, Sergio Massa, volvi\u00f3 a apuntar sus ca\u00f1ones electorales contra el narcotr\u00e1fico luego de la pol\u00e9mica que se gener\u00f3 por uno de sus spots que indicaban que iba a combatir los narcos que se met\u00edan en las villas, aunque ahora dijo que tambi\u00e9n lo har\u00e1 con los que est\u00e1n en Nordelta. <!--more--><\/p>\n<p>\u00abHay que ir a buscar a todos, en las villas y en Nordelta y si es extranjero hay que mandarlo fuera del pa\u00eds. Estoy tranquilo porque no tengo compromiso con nadie y puedo plantear esto crudamente, vamos a ir por todos\u00bb, se\u00f1al\u00f3 Massa.<\/p>\n<p>En declaraciones a C5N, el ex intendente de Tigre habl\u00f3 sobre el avance del narcotr\u00e1fico. \u00abYo quiero usar las fuerzas armadas para acompa\u00f1ar las fuerzas de seguridad para la frontera y en los barrios para dar asistencia. Decir esto significa que quiero usar todas las fuerzas para luchar contra el narcotr\u00e1fico\u00bb, asegur\u00f3.<\/p>\n","protected":false},"excerpt":{"rendered":"<p>El candidato presidencial de UNA, Sergio Massa, volvi\u00f3 a apuntar sus ca\u00f1ones electorales contra el narcotr\u00e1fico luego de la pol\u00e9mica que se gener\u00f3 por uno de sus spots que indicaban que iba a combatir los narcos que se met\u00edan en las villas, aunque ahora dijo que tambi\u00e9n lo har\u00e1 con los que est\u00e1n en Nordelta.<\/p>\n","protected":false},"author":4,"featured_media":0,"comment_status":"open","ping_status":"open","sticky":false,"template":"","format":"standard","meta":{"_jetpack_newsletter_access":"","_jetpack_dont_email_post_to_subs":false,"_jetpack_newsletter_tier_id":0,"_jetpack_memberships_contains_paywalled_content":false,"_jetpack_memberships_contains_paid_content":false,"footnotes":""},"categories":[51],"tags":[],"class_list":["post-73178","post","type-post","status-publish","format-standard","hentry","category-politica"],"jetpack_shortlink":"https:\/\/wp.me\/p2JWE0-j2i","jetpack-related-posts":[{"id":73106,"url":"http:\/\/www.24baires.com\/?p=73106","url_meta":{"origin":73178,"position":0},"title":"Rossi asegura que Macri \u00abquiere terminar\u00bb con pol\u00edticas de DDHH","author":"AF","date":"05\/10\/2015","format":false,"excerpt":"El ministro de Defensa asegur\u00f3 que el PRO es un partido \"con funcionarios y candidatos que fueron miembros de la dictadura\". Sobre Massa, se\u00f1al\u00f3 que \"atrasa en sus propuestas\" de utilizar a las fuerzas armadas en la lucha contra el narcotr\u00e1fico. \"Macri dijo que va a terminar con el curro\u2026","rel":"","context":"En \u00abPol\u00edtica\u00bb","block_context":{"text":"Pol\u00edtica","link":"http:\/\/www.24baires.com\/?cat=51"},"img":{"alt_text":"rossi","src":"https:\/\/i0.wp.com\/www.24baires.com\/wp-content\/uploads\/2015\/02\/rossi1.jpg?resize=350%2C200","width":350,"height":200,"srcset":"https:\/\/i0.wp.com\/www.24baires.com\/wp-content\/uploads\/2015\/02\/rossi1.jpg?resize=350%2C200 1x, https:\/\/i0.wp.com\/www.24baires.com\/wp-content\/uploads\/2015\/02\/rossi1.jpg?resize=525%2C300 1.5x"},"classes":[]},{"id":105819,"url":"http:\/\/www.24baires.com\/?p=105819","url_meta":{"origin":73178,"position":1},"title":"Tras las denuncias, Nordelta S.A. se mostr\u00f3 a favor del ingreso del transporte p\u00fablico","author":"GB","date":"08\/12\/2018","format":false,"excerpt":"La empresa afirm\u00f3 que trabaja para que los colectivos de la l\u00ednea 723 ingresen al complejo de barrios privados \"como en cualquier ciudad de la Provincia\". Las empleadas dom\u00e9sticas hab\u00edan denunciado que los propietarios no las dejaban viajar en los mismos veh\u00edculos que ellos. Tras las denuncias de las trabajadoras\u2026","rel":"","context":"En \u00abMunicipios\u00bb","block_context":{"text":"Municipios","link":"http:\/\/www.24baires.com\/?cat=44"},"img":{"alt_text":"","src":"https:\/\/i0.wp.com\/www.24baires.com\/wp-content\/uploads\/2018\/12\/bus-tigre.jpg?resize=350%2C200","width":350,"height":200,"srcset":"https:\/\/i0.wp.com\/www.24baires.com\/wp-content\/uploads\/2018\/12\/bus-tigre.jpg?resize=350%2C200 1x, https:\/\/i0.wp.com\/www.24baires.com\/wp-content\/uploads\/2018\/12\/bus-tigre.jpg?resize=525%2C300 1.5x"},"classes":[]},{"id":32840,"url":"http:\/\/www.24baires.com\/?p=32840","url_meta":{"origin":73178,"position":2},"title":"Advierten que en el Tigre Massa tiene su propio Muro de Berl\u00edn","author":"GB","date":"01\/10\/2013","format":false,"excerpt":"El candidato a concejal de Tigre por el Frente para la Victoria, Gustavo Piantino, manifest\u00f3 que \"los paredones que esconden a Villa Garrote de los turistas y separan el Nordelta del Barrio las Tunas, s\u00f3lo sirven para ocultar las desigualdades del fracaso del modelo\" en la ciudad comandada por el\u2026","rel":"","context":"En \u00abELECCIONES 2013\u00bb","block_context":{"text":"ELECCIONES 2013","link":"http:\/\/www.24baires.com\/?cat=72"},"img":{"alt_text":"","src":"","width":0,"height":0},"classes":[]},{"id":46185,"url":"http:\/\/www.24baires.com\/?p=46185","url_meta":{"origin":73178,"position":3},"title":"Investigan a profesionales sospechados de ayudar a lavar dinero en Nordelta","author":"AF","date":"17\/05\/2014","format":false,"excerpt":"La Justicia espera los informes que elabora la UIF y el Banco Central en base a la informaci\u00f3n secuestrada en los allanamientos. Para el juez Santa Marina, las conversaciones registradas demostrar\u00edan \u201cel grado de inversiones y patrimonio\u201d de los miembros de la banda, \u201cpese a los esfuerzos de los profesionales\u2026","rel":"","context":"En \u00abLocales\u00bb","block_context":{"text":"Locales","link":"http:\/\/www.24baires.com\/?cat=38"},"img":{"alt_text":"nordelta","src":"https:\/\/i0.wp.com\/www.24baires.com\/wp-content\/uploads\/2014\/05\/nordelta-300x199.jpg?resize=350%2C200","width":350,"height":200},"classes":[]},{"id":105737,"url":"http:\/\/www.24baires.com\/?p=105737","url_meta":{"origin":73178,"position":4},"title":"Una trabajadora de Nordelta fue obligada a bajar del colectivo","author":"GB","date":"04\/12\/2018","format":false,"excerpt":"La mujer grab\u00f3 el momento en el que el chofer de la empresa Mary Go le pide que se baje para esperar otro veh\u00edculo. \"Cumplo \u00f3rdenes\", justific\u00f3. Las denuncias p\u00fablicas no lograron frenar la discriminaci\u00f3n en Nordelta. Una trabajadora fue obligada a bajar del colectivo de la empresa Mary Go,\u2026","rel":"","context":"En \u00abSociedad\u00bb","block_context":{"text":"Sociedad","link":"http:\/\/www.24baires.com\/?cat=1"},"img":{"alt_text":"","src":"https:\/\/i0.wp.com\/www.24baires.com\/wp-content\/uploads\/2018\/12\/colectivo-nordelta.jpg?resize=350%2C200","width":350,"height":200,"srcset":"https:\/\/i0.wp.com\/www.24baires.com\/wp-content\/uploads\/2018\/12\/colectivo-nordelta.jpg?resize=350%2C200 1x, https:\/\/i0.wp.com\/www.24baires.com\/wp-content\/uploads\/2018\/12\/colectivo-nordelta.jpg?resize=525%2C300 1.5x"},"classes":[]},{"id":43462,"url":"http:\/\/www.24baires.com\/?p=43462","url_meta":{"origin":73178,"position":5},"title":"La polic\u00eda lleva a cabo allamanientos en countries en una causa por lavado de dinero","author":"GB","date":"07\/04\/2014","format":false,"excerpt":"La Justicia investiga a empresas vinculada al pase de futbolistas por supuesto lavado de activos provenientes del narcotr\u00e1fico. Se realizan diez operativos en simult\u00e1neo. En el marco de una causa por lavado de dinero, efectivos policiales realizan cerca de diez allanamientos simult\u00e1neos en busca de una banda de narcotraficantes colombiana\u2026","rel":"","context":"En \u00abPoliciales\u00bb","block_context":{"text":"Policiales","link":"http:\/\/www.24baires.com\/?cat=49"},"img":{"alt_text":"","src":"https:\/\/i0.wp.com\/www.24baires.com\/wp-content\/uploads\/2014\/04\/country.png?resize=350%2C200","width":350,"height":200,"srcset":"https:\/\/i0.wp.com\/www.24baires.com\/wp-content\/uploads\/2014\/04\/country.png?resize=350%2C200 1x, https:\/\/i0.wp.com\/www.24baires.com\/wp-content\/uploads\/2014\/04\/country.png?resize=525%2C300 1.5x"},"classes":[]}],"jetpack_sharing_enabled":true,"jetpack_likes_enabled":true,"jetpack_featured_media_url":"","_links":{"self":[{"href":"http:\/\/www.24baires.com\/index.php?rest_route=\/wp\/v2\/posts\/73178","targetHints":{"allow":["GET"]}}],"collection":[{"href":"http:\/\/www.24baires.com\/index.php?rest_route=\/wp\/v2\/posts"}],"about":[{"href":"http:\/\/www.24baires.com\/index.php?rest_route=\/wp\/v2\/types\/post"}],"author":[{"embeddable":true,"href":"http:\/\/www.24baires.com\/index.php?rest_route=\/wp\/v2\/users\/4"}],"replies":[{"embeddable":true,"href":"http:\/\/www.24baires.com\/index.php?rest_route=%2Fwp%2Fv2%2Fcomments&post=73178"}],"version-history":[{"count":1,"href":"http:\/\/www.24baires.com\/index.php?rest_route=\/wp\/v2\/posts\/73178\/revisions"}],"predecessor-version":[{"id":73179,"href":"http:\/\/www.24baires.com\/index.php?rest_route=\/wp\/v2\/posts\/73178\/revisions\/73179"}],"wp:attachment":[{"href":"http:\/\/www.24baires.com\/index.php?rest_route=%2Fwp%2Fv2%2Fmedia&parent=73178"}],"wp:term":[{"taxonomy":"category","embeddable":true,"href":"http:\/\/www.24baires.com\/index.php?rest_route=%2Fwp%2Fv2%2Fcategories&post=73178"},{"taxonomy":"post_tag","embeddable":true,"href":"http:\/\/www.24baires.com\/index.php?rest_route=%2Fwp%2Fv2%2Ftags&post=73178"}],"curies":[{"name":"wp","href":"https:\/\/api.w.org\/{rel}","templated":true}]}}