{"id":73140,"date":"2015-10-05T19:02:37","date_gmt":"2015-10-05T22:02:37","guid":{"rendered":"http:\/\/www.24baires.com\/?p=73140"},"modified":"2015-10-05T19:02:37","modified_gmt":"2015-10-05T22:02:37","slug":"anibal-presento-su-plan-agropecuario-en-la-plata","status":"publish","type":"post","link":"http:\/\/www.24baires.com\/?p=73140","title":{"rendered":"An\u00edbal present\u00f3 su plan agropecuario en La Plata"},"content":{"rendered":"<p><img data-recalc-dims=\"1\" loading=\"lazy\" decoding=\"async\" class=\"aligncenter size-full wp-image-73141\" src=\"https:\/\/i0.wp.com\/www.24baires.com\/wp-content\/uploads\/2015\/10\/anibal-acto.jpg?resize=560%2C262\" alt=\"anibal acto\" width=\"560\" height=\"262\" srcset=\"https:\/\/i0.wp.com\/www.24baires.com\/wp-content\/uploads\/2015\/10\/anibal-acto.jpg?w=560 560w, https:\/\/i0.wp.com\/www.24baires.com\/wp-content\/uploads\/2015\/10\/anibal-acto.jpg?resize=300%2C140 300w\" sizes=\"auto, (max-width: 560px) 100vw, 560px\" \/>El candidato a gobernador bonaerense del Frente para la Victoria anunci\u00f3 su \u00abgabinete agropecuario\u00bb en caso de imponerse en los comicios de octubre.<br \/>\n<!--more--><\/p>\n<p>An\u00edbal Fern\u00e1ndez present\u00f3 a los integrantes de ese gabinete durante un acto en el Teatro Argentino de La Plata.<\/p>\n<p>Entre sus anuncios, el candidato avis\u00f3 que el actual secretario de Agricultura, Ganader\u00eda y Pesca de la Naci\u00f3n, Roberto Gabriel Delgado, ser\u00e1 el futuro presidente del Banco Provincia si gana las elecciones.<\/p>\n<p>\u00abHac\u00eda muchos a\u00f1os que el Banco no ten\u00eda cara de campo y queremos hacer una fuerte apuesta\u00bb, dijo An\u00edbal Fern\u00e1ndez al presentar el equipo agropecuario que lo acompa\u00f1ar\u00e1 si es gobernador y que estar\u00e1 encabezado como ministro de Asuntos Agrarios por Roberto Domenech.<\/p>\n<p>El plan. La propuesta del candidato oficialista para el sector agropecuario apuntar\u00e1 a \u201cpriorizar la producci\u00f3n y trabajar con cada distrito para lograr un desarrollo estrat\u00e9gico por zona\u201d, seg\u00fan se inform\u00f3 a trav\u00e9s de un comunicado.<\/p>\n<p>Fern\u00e1ndez precis\u00f3 que \u201cel secreto\u201d de su gesti\u00f3n en materia agropecuaria ser\u00e1 que \u201clos intendentes y los chacareros se sienten en la misma mesa con la gente\u201d de la cartera agraria bonaerense.<\/p>\n<p>&nbsp;<\/p>\n<p>&nbsp;<\/p>\n<p>&nbsp;<\/p>\n<p>&nbsp;<\/p>\n<p>&nbsp;<\/p>\n<p>&nbsp;<\/p>\n<p>&nbsp;<\/p>\n<p>&nbsp;<\/p>\n<p>&nbsp;<\/p>\n<p>&nbsp;<\/p>\n<p>&nbsp;<\/p>\n<p>&nbsp;<\/p>\n<p>&nbsp;<\/p>\n<p>&nbsp;<\/p>\n","protected":false},"excerpt":{"rendered":"<p>El candidato a gobernador bonaerense del Frente para la Victoria anunci\u00f3 su \u00abgabinete agropecuario\u00bb en caso de imponerse en los comicios de octubre.<\/p>\n","protected":false},"author":8,"featured_media":0,"comment_status":"open","ping_status":"open","sticky":false,"template":"","format":"standard","meta":{"_jetpack_newsletter_access":"","_jetpack_dont_email_post_to_subs":false,"_jetpack_newsletter_tier_id":0,"_jetpack_memberships_contains_paywalled_content":false,"_jetpack_memberships_contains_paid_content":false,"footnotes":""},"categories":[51],"tags":[],"class_list":["post-73140","post","type-post","status-publish","format-standard","hentry","category-politica"],"jetpack_shortlink":"https:\/\/wp.me\/p2JWE0-j1G","jetpack-related-posts":[{"id":67228,"url":"http:\/\/www.24baires.com\/?p=67228","url_meta":{"origin":73140,"position":0},"title":"An\u00edbal F. promete pol\u00edticas claras hacia al campo si es elegido Gobernador","author":"GB","date":"08\/06\/2015","format":false,"excerpt":"El jefe de Gabinete nacional y precandidato a gobernador bonaerense por el FpV, An\u00edbal Fern\u00e1ndez, afirm\u00f3 que si es elegido para reemplazar a Daniel Scioli el sector agropecuario tendr\u00e1 un ministerio de Asuntos Agrarios \"como no lo han visto nunca\u201d con \u201cpol\u00edticas muy claras para los chacareros\u201d. Fern\u00e1ndez asegur\u00f3 que\u2026","rel":"","context":"En \u00abElecciones 2015\u00bb","block_context":{"text":"Elecciones 2015","link":"http:\/\/www.24baires.com\/?cat=74"},"img":{"alt_text":"anibal","src":"https:\/\/i0.wp.com\/www.24baires.com\/wp-content\/uploads\/2015\/01\/anibal.jpg?resize=350%2C200","width":350,"height":200,"srcset":"https:\/\/i0.wp.com\/www.24baires.com\/wp-content\/uploads\/2015\/01\/anibal.jpg?resize=350%2C200 1x, https:\/\/i0.wp.com\/www.24baires.com\/wp-content\/uploads\/2015\/01\/anibal.jpg?resize=525%2C300 1.5x"},"classes":[]},{"id":71557,"url":"http:\/\/www.24baires.com\/?p=71557","url_meta":{"origin":73140,"position":1},"title":"An\u00edbal Fern\u00e1ndez sigue sumando el apoyo de los intendentes de la Provincia","author":"GB","date":"02\/09\/2015","format":false,"excerpt":"El jefe de Gabinete y candidato a gobernador de la provincia de Buenos Aires por el FpV se reuni\u00f3 con intendentes y candidatos de la cuarta secci\u00f3n electoral bonaerense. El jefe de Gabinete y candidato a gobernador de la provincia de Buenos Aires por el Frente para la Victoria, An\u00edbal\u2026","rel":"","context":"En \u00abElecciones 2015\u00bb","block_context":{"text":"Elecciones 2015","link":"http:\/\/www.24baires.com\/?cat=74"},"img":{"alt_text":"","src":"","width":0,"height":0},"classes":[]},{"id":73065,"url":"http:\/\/www.24baires.com\/?p=73065","url_meta":{"origin":73140,"position":2},"title":"\u00abQuiero el crecimiento de nuestros productores y nuestros habitantes\u00bb","author":"AF","date":"03\/10\/2015","format":false,"excerpt":"El jefe de Gabinete y candidato a gobernador para la Provincia de Buenos Aires por el Frente para la Victoria (FpV), An\u00edbal Fern\u00e1ndez, expuso aspectos de su programa agropecuario y se\u00f1al\u00f3 que la meta es \u201cel crecimiento\" de los \"productores\" y los \"habitantes\u201d, al recorrer las localidades de Daireaux y\u2026","rel":"","context":"En \u00abElecciones 2015\u00bb","block_context":{"text":"Elecciones 2015","link":"http:\/\/www.24baires.com\/?cat=74"},"img":{"alt_text":"","src":"https:\/\/i0.wp.com\/www.24baires.com\/wp-content\/uploads\/2015\/10\/an%C3%ADbal-fern%C3%A1ndez-calle.jpg?resize=350%2C200","width":350,"height":200},"classes":[]},{"id":73109,"url":"http:\/\/www.24baires.com\/?p=73109","url_meta":{"origin":73140,"position":3},"title":"Sol\u00e1: \u201cAl igual que Daniel Scioli, An\u00edbal Fern\u00e1ndez arrug\u00f3\u00bb","author":"AF","date":"05\/10\/2015","format":false,"excerpt":"El candidato Bonaerense por Uni\u00f3n por una Nueva Alternativa (UNA), Felipe Sol\u00e1, visit\u00f3 la Sociedad Rural de Bah\u00eda Blanca junto a Roberto Lavagna, chicane\u00f3 a su rival del FpV An\u00edbal Fern\u00e1ndez al acusarlo de no querer debatir y asegur\u00f3 que cuenta con \u201clas ganas, experiencia, equipos y los mejores proyectos\u2026","rel":"","context":"En \u00abElecciones 2015\u00bb","block_context":{"text":"Elecciones 2015","link":"http:\/\/www.24baires.com\/?cat=74"},"img":{"alt_text":"felipe sol\u00e1","src":"https:\/\/i0.wp.com\/www.24baires.com\/wp-content\/uploads\/2014\/07\/felipe-sol%C3%A1.jpg?resize=350%2C200","width":350,"height":200,"srcset":"https:\/\/i0.wp.com\/www.24baires.com\/wp-content\/uploads\/2014\/07\/felipe-sol%C3%A1.jpg?resize=350%2C200 1x, https:\/\/i0.wp.com\/www.24baires.com\/wp-content\/uploads\/2014\/07\/felipe-sol%C3%A1.jpg?resize=525%2C300 1.5x"},"classes":[]},{"id":70891,"url":"http:\/\/www.24baires.com\/?p=70891","url_meta":{"origin":73140,"position":4},"title":"Scioli anunci\u00f3 beneficios y firm\u00f3 la emergencia agropecuaria provincial","author":"GB","date":"20\/08\/2015","format":false,"excerpt":"Fue durante una reuni\u00f3n que mantuvo este mediod\u00eda con la mesa agropecuaria provincial en la que confluyen la Sociedad Rural Argentina (SRA), Federaci\u00f3n Agraria (FAA), Carbap y Coninagro. Scioli abri\u00f3 la reuni\u00f3n firmando un decreto que declar\u00f3 la emergencia agropecuaria en la provincia y, en ese marco, -en el que\u2026","rel":"","context":"En \u00abProvincia\u00bb","block_context":{"text":"Provincia","link":"http:\/\/www.24baires.com\/?cat=40"},"img":{"alt_text":"scioli 1","src":"https:\/\/i0.wp.com\/www.24baires.com\/wp-content\/uploads\/2015\/01\/scioli-1.jpg?resize=350%2C200","width":350,"height":200,"srcset":"https:\/\/i0.wp.com\/www.24baires.com\/wp-content\/uploads\/2015\/01\/scioli-1.jpg?resize=350%2C200 1x, https:\/\/i0.wp.com\/www.24baires.com\/wp-content\/uploads\/2015\/01\/scioli-1.jpg?resize=525%2C300 1.5x"},"classes":[]},{"id":71387,"url":"http:\/\/www.24baires.com\/?p=71387","url_meta":{"origin":73140,"position":5},"title":"Kicillof anunci\u00f3 un plan de ayuda para los campos inundados","author":"GB","date":"31\/08\/2015","format":false,"excerpt":"El ministro de Econom\u00eda da a conocer medidas para los campos de m\u00e1s de 60 partidos bonaerenses afectados por las inundaciones. Las mismas incluyen la asistencia financiara y la declaraci\u00f3n de la emergencia agropecuaria a ra\u00edz de esta situaci\u00f3n. El ministro de Econom\u00eda da a conocer medidas para los campos\u2026","rel":"","context":"En \u00abEconom\u00eda\u00bb","block_context":{"text":"Econom\u00eda","link":"http:\/\/www.24baires.com\/?cat=45"},"img":{"alt_text":"kicillof","src":"https:\/\/i0.wp.com\/www.24baires.com\/wp-content\/uploads\/2014\/07\/kicillof.jpg?resize=350%2C200","width":350,"height":200,"srcset":"https:\/\/i0.wp.com\/www.24baires.com\/wp-content\/uploads\/2014\/07\/kicillof.jpg?resize=350%2C200 1x, https:\/\/i0.wp.com\/www.24baires.com\/wp-content\/uploads\/2014\/07\/kicillof.jpg?resize=525%2C300 1.5x"},"classes":[]}],"jetpack_sharing_enabled":true,"jetpack_likes_enabled":true,"jetpack_featured_media_url":"","_links":{"self":[{"href":"http:\/\/www.24baires.com\/index.php?rest_route=\/wp\/v2\/posts\/73140","targetHints":{"allow":["GET"]}}],"collection":[{"href":"http:\/\/www.24baires.com\/index.php?rest_route=\/wp\/v2\/posts"}],"about":[{"href":"http:\/\/www.24baires.com\/index.php?rest_route=\/wp\/v2\/types\/post"}],"author":[{"embeddable":true,"href":"http:\/\/www.24baires.com\/index.php?rest_route=\/wp\/v2\/users\/8"}],"replies":[{"embeddable":true,"href":"http:\/\/www.24baires.com\/index.php?rest_route=%2Fwp%2Fv2%2Fcomments&post=73140"}],"version-history":[{"count":1,"href":"http:\/\/www.24baires.com\/index.php?rest_route=\/wp\/v2\/posts\/73140\/revisions"}],"predecessor-version":[{"id":73142,"href":"http:\/\/www.24baires.com\/index.php?rest_route=\/wp\/v2\/posts\/73140\/revisions\/73142"}],"wp:attachment":[{"href":"http:\/\/www.24baires.com\/index.php?rest_route=%2Fwp%2Fv2%2Fmedia&parent=73140"}],"wp:term":[{"taxonomy":"category","embeddable":true,"href":"http:\/\/www.24baires.com\/index.php?rest_route=%2Fwp%2Fv2%2Fcategories&post=73140"},{"taxonomy":"post_tag","embeddable":true,"href":"http:\/\/www.24baires.com\/index.php?rest_route=%2Fwp%2Fv2%2Ftags&post=73140"}],"curies":[{"name":"wp","href":"https:\/\/api.w.org\/{rel}","templated":true}]}}