{"id":73137,"date":"2015-10-05T18:32:04","date_gmt":"2015-10-05T21:32:04","guid":{"rendered":"http:\/\/www.24baires.com\/?p=73137"},"modified":"2015-10-05T18:32:04","modified_gmt":"2015-10-05T21:32:04","slug":"scioli-ratifico-su-compromiso-con-la-cultura","status":"publish","type":"post","link":"http:\/\/www.24baires.com\/?p=73137","title":{"rendered":"Scioli ratific\u00f3 su compromiso con la cultura"},"content":{"rendered":"<p><img data-recalc-dims=\"1\" loading=\"lazy\" decoding=\"async\" class=\"alignleft size-full wp-image-70306\" src=\"https:\/\/i0.wp.com\/www.24baires.com\/wp-content\/uploads\/2015\/08\/bunker-scioli.jpg?resize=320%2C214\" alt=\"bunker scioli\" width=\"320\" height=\"214\" srcset=\"https:\/\/i0.wp.com\/www.24baires.com\/wp-content\/uploads\/2015\/08\/bunker-scioli.jpg?w=320 320w, https:\/\/i0.wp.com\/www.24baires.com\/wp-content\/uploads\/2015\/08\/bunker-scioli.jpg?resize=300%2C201 300w\" sizes=\"auto, (max-width: 320px) 100vw, 320px\" \/>Con la presencia de artistas de la talla de Alejandro Dolina y Osvaldo Santoro, present\u00f3 propuestas, en casa de ser electo presidente.<!--more--><\/p>\n<p>El candidato presidencial del Frente para la Victoria, Daniel Scioli, encabezaba esta tarde el Encuentro para la Cultura en el NH Tango de la Ciudad de Buenos Aires.<\/p>\n<p>Ratific\u00f3 su compromiso con la cultura frente a artistas de la talla del periodista, escritor y locutor Alejandro Dolina, el actor Osvaldo Santoro y la actriz Victoria Onetto, entre otros tantos personajes p\u00fablicos que respaldan el camino iniciado en 2003 junto a N\u00e9stor Kirchner y continuado por la presidenta Cristina Fern\u00e1ndez.<\/p>\n<p>\u201cVamos a promover el cine, el teatro y los talleres culturales\u201d, asegur\u00f3 Scioli, el candidato del FpV para la Presidencia, que comparte la f\u00f3rmula con Carlos Zannini.<\/p>\n<p>M\u00e1s actividades. El gobernador bonaerense hab\u00eda ratificado m\u00e1s temprano que la prioridad en su agenda es \u201cla seguridad habitacional, la seguridad ciudadana y fundamentalmente el trabajo\u00bb, al inaugurar en el partido bonaerense de San Mart\u00edn el edificio del Centro Operativo Municipal (COM).<\/p>\n<p>Scioli estuvo acompa\u00f1ado por su candidato a vicepresidente, Carlos Zannini; el jefe de gabinete y postulante a gobernador bonaerense, An\u00edbal Fern\u00e1ndez; y el intendente local, Gabriel Katopodis.<\/p>\n<p>\u00abMe comprometo a garantizarles que sobre estos nuevos derechos que han conquistado, sobre los seis millones de puestos de trabajo que se han generado con 14.600 pymes que han resurgido, vamos a encarar el pr\u00f3ximo cap\u00edtulo hist\u00f3rico que es la agenda del desarrollo argentino\u00bb, sostuvo el mandatario provincial.<\/p>\n<p>&nbsp;<\/p>\n<p>&nbsp;<\/p>\n<p>&nbsp;<\/p>\n<p>&nbsp;<\/p>\n<p>&nbsp;<\/p>\n<p>&nbsp;<\/p>\n<p>&nbsp;<\/p>\n<p>&nbsp;<\/p>\n<p>&nbsp;<\/p>\n<p>&nbsp;<\/p>\n<p>&nbsp;<\/p>\n<p>&nbsp;<\/p>\n<p>&nbsp;<\/p>\n<p>&nbsp;<\/p>\n<p>&nbsp;<\/p>\n<p>&nbsp;<\/p>\n","protected":false},"excerpt":{"rendered":"<p>Con la presencia de artistas de la talla de Alejandro Dolina y Osvaldo Santoro, present\u00f3 propuestas, en casa de ser electo presidente.<\/p>\n","protected":false},"author":8,"featured_media":0,"comment_status":"open","ping_status":"open","sticky":false,"template":"","format":"standard","meta":{"_jetpack_newsletter_access":"","_jetpack_dont_email_post_to_subs":false,"_jetpack_newsletter_tier_id":0,"_jetpack_memberships_contains_paywalled_content":false,"_jetpack_memberships_contains_paid_content":false,"footnotes":""},"categories":[51],"tags":[],"class_list":["post-73137","post","type-post","status-publish","format-standard","hentry","category-politica"],"jetpack_shortlink":"https:\/\/wp.me\/p2JWE0-j1D","jetpack-related-posts":[{"id":43847,"url":"http:\/\/www.24baires.com\/?p=43847","url_meta":{"origin":73137,"position":0},"title":"Tres de Febrero: Osvaldo Santoro consider\u00f3 que \u00abMassa es puro marketing\u00bb","author":"GB","date":"14\/04\/2014","format":false,"excerpt":"TRES DE FEBRERO-El actor y actual concejal kirchnerista de Tres de Febrero, carg\u00f3 duro contra el l\u00edder del Frente Renovador. Asegur\u00f3 que \u00e9l conoce bien la propaganda y que Massa lo \"asusta mucho\". Sostuvo que el candidato en 2015 debe salir de una interna entre Scioli, Randazzo y Juli\u00e1n Dom\u00ednguez.\u2026","rel":"","context":"En \u00abPol\u00edtica\u00bb","block_context":{"text":"Pol\u00edtica","link":"http:\/\/www.24baires.com\/?cat=51"},"img":{"alt_text":"Osvaldo Santoro","src":"https:\/\/i0.wp.com\/www.24baires.com\/wp-content\/uploads\/2014\/04\/Osvaldo-Santoro-300x228.jpg?resize=350%2C200","width":350,"height":200},"classes":[]},{"id":108387,"url":"http:\/\/www.24baires.com\/?p=108387","url_meta":{"origin":73137,"position":1},"title":"Scioli ratific\u00f3 su candidatura presidencial","author":"GB","date":"25\/05\/2019","format":false,"excerpt":"El exgobernador de la Provincia de Buenos Aires particip\u00f3 del Congreso Educativo de Ajedrez que se realiz\u00f3 en la ciudad balnearia y manifest\u00f3 sus deseos de ser el primer mandatario del pa\u00eds despu\u00e9s del 10 de diciembre, sin embargo aclar\u00f3: \u201cVer\u00e9 como peronista en qu\u00e9 lugar puedo hacer mi mayor\u2026","rel":"","context":"En \u00abPol\u00edtica\u00bb","block_context":{"text":"Pol\u00edtica","link":"http:\/\/www.24baires.com\/?cat=51"},"img":{"alt_text":"","src":"https:\/\/i0.wp.com\/www.24baires.com\/wp-content\/uploads\/2019\/05\/scioli-mar-del.jpg?resize=350%2C200","width":350,"height":200,"srcset":"https:\/\/i0.wp.com\/www.24baires.com\/wp-content\/uploads\/2019\/05\/scioli-mar-del.jpg?resize=350%2C200 1x, https:\/\/i0.wp.com\/www.24baires.com\/wp-content\/uploads\/2019\/05\/scioli-mar-del.jpg?resize=525%2C300 1.5x"},"classes":[]},{"id":73265,"url":"http:\/\/www.24baires.com\/?p=73265","url_meta":{"origin":73137,"position":2},"title":"En un acto con Mujica, Scioli ratific\u00f3 su compromiso para industrializar la ruralidad","author":"AF","date":"07\/10\/2015","format":false,"excerpt":"El candidato presidencial del Frente para la Victoria particip\u00f3 de un acto junto con el ex presidente uruguayo en el partido bonaerense de Magdalena. \"Es fundamental fortalecer lo nuestro\u201d, indic\u00f3. El candidato presidencial del Frente para la Victoria (FPV), Daniel Scioli, particip\u00f3 esta tarde de un acto junto con el\u2026","rel":"","context":"En \u00abSociedad\u00bb","block_context":{"text":"Sociedad","link":"http:\/\/www.24baires.com\/?cat=1"},"img":{"alt_text":"","src":"https:\/\/i0.wp.com\/www.24baires.com\/wp-content\/uploads\/2015\/10\/mujica-scioli.jpg?resize=350%2C200","width":350,"height":200},"classes":[]},{"id":120181,"url":"http:\/\/www.24baires.com\/?p=120181","url_meta":{"origin":73137,"position":3},"title":"El Frente de Todos pasa a llamarse \u00abUni\u00f3n por la Patria\u00bb","author":"AF","date":"14\/06\/2023","format":false,"excerpt":"Los distintos sectores que componen el frente oficialista mantienen reuniones para definir, entre otras cosas, la constituci\u00f3n de su junta partidaria y el reglamento electoral que fijar\u00e1 pisos y porcentajes para la integraci\u00f3n de listas. El Frente de Todos (FdT) se llamar\u00e1 Uni\u00f3n por la Patria (UxP) en las pr\u00f3ximas\u2026","rel":"","context":"En \u00abPol\u00edtica\u00bb","block_context":{"text":"Pol\u00edtica","link":"http:\/\/www.24baires.com\/?cat=51"},"img":{"alt_text":"","src":"https:\/\/i0.wp.com\/www.24baires.com\/wp-content\/uploads\/2023\/06\/cfk-25-5.png?resize=350%2C200","width":350,"height":200,"srcset":"https:\/\/i0.wp.com\/www.24baires.com\/wp-content\/uploads\/2023\/06\/cfk-25-5.png?resize=350%2C200 1x, https:\/\/i0.wp.com\/www.24baires.com\/wp-content\/uploads\/2023\/06\/cfk-25-5.png?resize=525%2C300 1.5x, https:\/\/i0.wp.com\/www.24baires.com\/wp-content\/uploads\/2023\/06\/cfk-25-5.png?resize=700%2C400 2x, https:\/\/i0.wp.com\/www.24baires.com\/wp-content\/uploads\/2023\/06\/cfk-25-5.png?resize=1050%2C600 3x"},"classes":[]},{"id":32856,"url":"http:\/\/www.24baires.com\/?p=32856","url_meta":{"origin":73137,"position":4},"title":"Con m\u00e1s de 180 mil visitantes, cerr\u00f3 la VI Feria del Libro de La Matanza","author":"AF","date":"02\/10\/2013","format":false,"excerpt":"Un espectacular Peric\u00f3n Nacional fue el marco perfecto para dar cierre a una exitosa VI edici\u00f3n de la Feria Municipal del Libro en La Matanza. M\u00e1s de 1000 bailarines brindaron ayer un show \u00fanico ante miles de vecinos en la calle Almafuerte, frente al Palacio Municipal de La Matanza. Esta\u2026","rel":"","context":"En \u00abLocales\u00bb","block_context":{"text":"Locales","link":"http:\/\/www.24baires.com\/?cat=38"},"img":{"alt_text":"","src":"https:\/\/i0.wp.com\/www.24baires.com\/wp-content\/uploads\/2013\/10\/feria-libro-la-matanza.jpg?resize=350%2C200","width":350,"height":200,"srcset":"https:\/\/i0.wp.com\/www.24baires.com\/wp-content\/uploads\/2013\/10\/feria-libro-la-matanza.jpg?resize=350%2C200 1x, https:\/\/i0.wp.com\/www.24baires.com\/wp-content\/uploads\/2013\/10\/feria-libro-la-matanza.jpg?resize=525%2C300 1.5x"},"classes":[]},{"id":101122,"url":"http:\/\/www.24baires.com\/?p=101122","url_meta":{"origin":73137,"position":5},"title":"Indagar\u00e1n a Scioli por irregularidades en la construcci\u00f3n de las UPA 24","author":"AF","date":"17\/03\/2018","format":false,"excerpt":"El ex gobernador Daniel Scioli y quien fuera su ministro de Salud, Alejandro Collia, fueron imputados y citados a prestar declaraci\u00f3n indagatoria en el marco de una causa que investiga presuntas irregularidades en la adjudicaci\u00f3n de ocho Unidades de Pronta Atenci\u00f3n (UPA 24) para las que se destinaron m\u00e1s de\u2026","rel":"","context":"En \u00abJUDICIALES\u00bb","block_context":{"text":"JUDICIALES","link":"http:\/\/www.24baires.com\/?cat=68"},"img":{"alt_text":"","src":"https:\/\/i0.wp.com\/www.24baires.com\/wp-content\/uploads\/2014\/05\/Daniel-Scioli.jpg?resize=350%2C200","width":350,"height":200,"srcset":"https:\/\/i0.wp.com\/www.24baires.com\/wp-content\/uploads\/2014\/05\/Daniel-Scioli.jpg?resize=350%2C200 1x, https:\/\/i0.wp.com\/www.24baires.com\/wp-content\/uploads\/2014\/05\/Daniel-Scioli.jpg?resize=525%2C300 1.5x"},"classes":[]}],"jetpack_sharing_enabled":true,"jetpack_likes_enabled":true,"jetpack_featured_media_url":"","_links":{"self":[{"href":"http:\/\/www.24baires.com\/index.php?rest_route=\/wp\/v2\/posts\/73137","targetHints":{"allow":["GET"]}}],"collection":[{"href":"http:\/\/www.24baires.com\/index.php?rest_route=\/wp\/v2\/posts"}],"about":[{"href":"http:\/\/www.24baires.com\/index.php?rest_route=\/wp\/v2\/types\/post"}],"author":[{"embeddable":true,"href":"http:\/\/www.24baires.com\/index.php?rest_route=\/wp\/v2\/users\/8"}],"replies":[{"embeddable":true,"href":"http:\/\/www.24baires.com\/index.php?rest_route=%2Fwp%2Fv2%2Fcomments&post=73137"}],"version-history":[{"count":1,"href":"http:\/\/www.24baires.com\/index.php?rest_route=\/wp\/v2\/posts\/73137\/revisions"}],"predecessor-version":[{"id":73138,"href":"http:\/\/www.24baires.com\/index.php?rest_route=\/wp\/v2\/posts\/73137\/revisions\/73138"}],"wp:attachment":[{"href":"http:\/\/www.24baires.com\/index.php?rest_route=%2Fwp%2Fv2%2Fmedia&parent=73137"}],"wp:term":[{"taxonomy":"category","embeddable":true,"href":"http:\/\/www.24baires.com\/index.php?rest_route=%2Fwp%2Fv2%2Fcategories&post=73137"},{"taxonomy":"post_tag","embeddable":true,"href":"http:\/\/www.24baires.com\/index.php?rest_route=%2Fwp%2Fv2%2Ftags&post=73137"}],"curies":[{"name":"wp","href":"https:\/\/api.w.org\/{rel}","templated":true}]}}