{"id":73124,"date":"2015-10-05T13:00:03","date_gmt":"2015-10-05T16:00:03","guid":{"rendered":"http:\/\/www.24baires.com\/?p=73124"},"modified":"2015-10-05T12:56:30","modified_gmt":"2015-10-05T15:56:30","slug":"monica-lopez-entre-lagrimas-no-mate-a-nadie","status":"publish","type":"post","link":"http:\/\/www.24baires.com\/?p=73124","title":{"rendered":"M\u00f3nica L\u00f3pez, entre l\u00e1grimas: \u00abNo mat\u00e9 a nadie\u00bb"},"content":{"rendered":"<p><img data-recalc-dims=\"1\" loading=\"lazy\" decoding=\"async\" class=\"aligncenter size-full wp-image-73125\" src=\"https:\/\/i0.wp.com\/www.24baires.com\/wp-content\/uploads\/2015\/10\/m%C3%B3nica-l%C3%B3pez2.jpg?resize=560%2C314\" alt=\"m\u00f3nica l\u00f3pez2\" width=\"560\" height=\"314\" srcset=\"https:\/\/i0.wp.com\/www.24baires.com\/wp-content\/uploads\/2015\/10\/m%C3%B3nica-l%C3%B3pez2.jpg?w=560 560w, https:\/\/i0.wp.com\/www.24baires.com\/wp-content\/uploads\/2015\/10\/m%C3%B3nica-l%C3%B3pez2.jpg?resize=300%2C168 300w\" sizes=\"auto, (max-width: 560px) 100vw, 560px\" \/>En medio del esc\u00e1ndalo que se gener\u00f3 tras su alejamiento del massismo para desembarcar en el Frente para la Victoria, la diputada provincial M\u00f3nica L\u00f3pez llor\u00f3 hoy ante las c\u00e1maras de un canal de televisi\u00f3n a causa de las cr\u00edticas que se le hicieron y se defendi\u00f3 al advertir que con esa decisi\u00f3n \u00abno\u00bb mat\u00f3 a nadie.<!--more--><\/p>\n<p>\u00abA veces pasa que se interpreta la traici\u00f3n como si fuera desmembrar a alguien y yo no desmembr\u00e9 a nadie, yo decid\u00ed pol\u00edticamente sobre un conjunto de compa\u00f1eros que quieren un pa\u00eds distinto, que no quieren pelear m\u00e1s, que no quieren m\u00e1s mentiras\u00bb, sostuvo.<\/p>\n<p>Entre l\u00e1grimas, L\u00f3pez lament\u00f3 las cr\u00edticas recibidas porque \u00abuno no es merecedor\u00bb de determinadas acusaciones: \u00abYo no mat\u00e9 a nadie\u00bb, se excus\u00f3, al se\u00f1alar que, por los ataques de los que fue objeto \u00abpareciera que s\u00ed\u00bb.<\/p>\n<p>\u00abA m\u00ed me pone mal la mentira\u00bb, agreg\u00f3, en referencia a una foto que mostraron en el programa, publicada en un medio gr\u00e1fico, en la que se muestra un enorme vestidor con zapatos como si fuera suyo. En cambio reconoci\u00f3 en declaraciones al canal Am\u00e9rica 24 como propio otro placard en el que se la ve ense\u00f1ando su contenido. \u00abMuchas cosas han pasado que no son ciertas\u00bb, subray\u00f3 respecto de lo ocurrido tras su salto del massismo a las filas de Daniel Scioli.<\/p>\n<p>L\u00f3pez, muy cr\u00edtica hasta ahora de Scioli y del kirchnerismo, anunci\u00f3 el jueves que dejaba el Frente Renovador donde iba como candidata a parlamentaria del Mercosur para pasar a trabajar con el candidato oficialista a la Presidencia de cara a las elecciones de octubre.<\/p>\n","protected":false},"excerpt":{"rendered":"<p>En medio del esc\u00e1ndalo que se gener\u00f3 tras su alejamiento del massismo para desembarcar en el Frente para la Victoria, la diputada provincial M\u00f3nica L\u00f3pez llor\u00f3 hoy ante las c\u00e1maras de un canal de televisi\u00f3n a causa de las cr\u00edticas que se le hicieron y se defendi\u00f3 al advertir que con esa decisi\u00f3n \u00abno\u00bb mat\u00f3 a nadie.<\/p>\n","protected":false},"author":4,"featured_media":0,"comment_status":"open","ping_status":"open","sticky":false,"template":"","format":"standard","meta":{"_jetpack_newsletter_access":"","_jetpack_dont_email_post_to_subs":false,"_jetpack_newsletter_tier_id":0,"_jetpack_memberships_contains_paywalled_content":false,"_jetpack_memberships_contains_paid_content":false,"footnotes":""},"categories":[51],"tags":[],"class_list":["post-73124","post","type-post","status-publish","format-standard","hentry","category-politica"],"jetpack_shortlink":"https:\/\/wp.me\/p2JWE0-j1q","jetpack-related-posts":[{"id":14553,"url":"http:\/\/www.24baires.com\/?p=14553","url_meta":{"origin":73124,"position":0},"title":"De Narv\u00e1ez le pide a Massa que se defina","author":"Grupo Sierra","date":"03\/02\/2013","format":false,"excerpt":"Quiere que aclare si en las elecciones jugar\u00e1 con el kirchnerismo. Aclar\u00f3 que no tendr\u00eda problemas en trabajar con el intendente de Tigre, si es \u201cen defensa de la Constituci\u00f3n\".De Narv\u00e1ez asegur\u00f3 que \"respeta mucho la decisi\u00f3n\" adoptada por la diputada M\u00f3nica L\u00f3pez que hace d\u00edas lo abandon\u00f3 para integrar\u2026","rel":"","context":"En \u00abProvincia\u00bb","block_context":{"text":"Provincia","link":"http:\/\/www.24baires.com\/?cat=40"},"img":{"alt_text":"","src":"","width":0,"height":0},"classes":[]},{"id":15647,"url":"http:\/\/www.24baires.com\/?p=15647","url_meta":{"origin":73124,"position":1},"title":"Atanasof sobre la solicitada de De Narv\u00e1ez: \u201cEse planteo lo hacemos con mucho dolor\u201d","author":"AF","date":"14\/02\/2013","format":false,"excerpt":"El flamante presidente del bloque Uni\u00f3n Celeste y Blanco, Gonzalo Atanasof, sali\u00f3 al cruce de las cr\u00edticas que provoc\u00f3 el anuncio publicado en varios diarios porte\u00f1os y que lleva la firma del legislador nacional. En la solicitada, se criticaba la gesti\u00f3n de Cristina Kirchner y se aseguraba que \u201cexisten dos\u2026","rel":"","context":"En \u00abPol\u00edtica\u00bb","block_context":{"text":"Pol\u00edtica","link":"http:\/\/www.24baires.com\/?cat=51"},"img":{"alt_text":"","src":"","width":0,"height":0},"classes":[]},{"id":21220,"url":"http:\/\/www.24baires.com\/?p=21220","url_meta":{"origin":73124,"position":2},"title":"Bah\u00eda Blanca: atan con una cadena a pibe de 12 a\u00f1os para que no se drogue ni salga a robar","author":"AF","date":"17\/04\/2013","format":false,"excerpt":"Desesperada, Patricia Ag\u00fcero cont\u00f3 que ata a su hijo Marcos con una cadena y que debi\u00f3 poner una reja en su pieza para que no le robe. \"El pap\u00e1 le quiso quemar las manos para que deje de hacer todo esto\", se\u00f1al\u00f3. Patricia Ag\u00fcero tiene 29 a\u00f1os y es la\u2026","rel":"","context":"En \u00abLocales\u00bb","block_context":{"text":"Locales","link":"http:\/\/www.24baires.com\/?cat=38"},"img":{"alt_text":"nenes drogas","src":"https:\/\/i0.wp.com\/www.24baires.com\/wp-content\/uploads\/2013\/04\/nenes-drogas-300x224.jpg?resize=350%2C200","width":350,"height":200},"classes":[]},{"id":60767,"url":"http:\/\/www.24baires.com\/?p=60767","url_meta":{"origin":73124,"position":3},"title":"La pelea entre Facundo Moyano y Scioli por los carteles de ruta 2","author":"Grupo Sierra","date":"26\/01\/2015","format":false,"excerpt":"El camino amaneci\u00f3 naranja y era monopolio de Facundo Moyano para el atardecer. Una camioneta del concesionario Autov\u00eda del Mar y trabajadores de la firma levantaron toda la propaganda del Gobernador, adem\u00e1s de la de la candidata massista M\u00f3nica L\u00f3pez. El viernes por la tarde, cualquier turista que recorriera la\u2026","rel":"","context":"En \u00abPol\u00edtica\u00bb","block_context":{"text":"Pol\u00edtica","link":"http:\/\/www.24baires.com\/?cat=51"},"img":{"alt_text":"","src":"https:\/\/i0.wp.com\/www.24baires.com\/wp-content\/uploads\/2015\/01\/carteels-massa-scioli-moyano.jpg?resize=350%2C200","width":350,"height":200,"srcset":"https:\/\/i0.wp.com\/www.24baires.com\/wp-content\/uploads\/2015\/01\/carteels-massa-scioli-moyano.jpg?resize=350%2C200 1x, https:\/\/i0.wp.com\/www.24baires.com\/wp-content\/uploads\/2015\/01\/carteels-massa-scioli-moyano.jpg?resize=525%2C300 1.5x"},"classes":[]},{"id":49672,"url":"http:\/\/www.24baires.com\/?p=49672","url_meta":{"origin":73124,"position":4},"title":"\u00abVamos a solicitar el desafuero de la diputada M\u00f3nica L\u00f3pez\u00bb","author":"AF","date":"11\/07\/2014","format":false,"excerpt":"El diputado sciolista, Guido Lorenzino sali\u00f3 al cruce de la legisladora del Frente Renovador por sus intenciones de llevar al Gobernador a un juicio pol\u00edtico y pidi\u00f3 que \"el massismo tome una postura al respecto\". La diputada del Frente Renovador, M\u00f3nica L\u00f3pez, realizo una denuncia contra el gobernador Daniel Scioli\u2026","rel":"","context":"En \u00abPol\u00edtica\u00bb","block_context":{"text":"Pol\u00edtica","link":"http:\/\/www.24baires.com\/?cat=51"},"img":{"alt_text":"Guido-Lorenzino-Matta","src":"https:\/\/i0.wp.com\/www.24baires.com\/wp-content\/uploads\/2014\/03\/Guido-Lorenzino-Matta.jpg?resize=350%2C200","width":350,"height":200,"srcset":"https:\/\/i0.wp.com\/www.24baires.com\/wp-content\/uploads\/2014\/03\/Guido-Lorenzino-Matta.jpg?resize=350%2C200 1x, https:\/\/i0.wp.com\/www.24baires.com\/wp-content\/uploads\/2014\/03\/Guido-Lorenzino-Matta.jpg?resize=525%2C300 1.5x"},"classes":[]},{"id":112457,"url":"http:\/\/www.24baires.com\/?p=112457","url_meta":{"origin":73124,"position":5},"title":"Alberto Fern\u00e1ndez sobre Patricia Bullrich: \u00abDeja que la polic\u00eda mate por la espalda\u201d","author":"AF","date":"11\/10\/2019","format":false,"excerpt":"El candidato del Frente de Todos Alberto Fern\u00e1ndez le respondi\u00f3 a la ministra de Seguridad Patricia Bullrich, quien le hab\u00eda dicho que \u201cmentir est\u00e1 mal y es inmoral\u201d, luego de sus cuestionamientos a la \u201cley mentira\u201d que impulsa el oficialismo sobre el filo de las elecciones. El representante del partido\u2026","rel":"","context":"En \u00abPol\u00edtica\u00bb","block_context":{"text":"Pol\u00edtica","link":"http:\/\/www.24baires.com\/?cat=51"},"img":{"alt_text":"","src":"https:\/\/i0.wp.com\/www.24baires.com\/wp-content\/uploads\/2019\/10\/alberto-fernandez.jpg?resize=350%2C200","width":350,"height":200,"srcset":"https:\/\/i0.wp.com\/www.24baires.com\/wp-content\/uploads\/2019\/10\/alberto-fernandez.jpg?resize=350%2C200 1x, https:\/\/i0.wp.com\/www.24baires.com\/wp-content\/uploads\/2019\/10\/alberto-fernandez.jpg?resize=525%2C300 1.5x"},"classes":[]}],"jetpack_sharing_enabled":true,"jetpack_likes_enabled":true,"jetpack_featured_media_url":"","_links":{"self":[{"href":"http:\/\/www.24baires.com\/index.php?rest_route=\/wp\/v2\/posts\/73124","targetHints":{"allow":["GET"]}}],"collection":[{"href":"http:\/\/www.24baires.com\/index.php?rest_route=\/wp\/v2\/posts"}],"about":[{"href":"http:\/\/www.24baires.com\/index.php?rest_route=\/wp\/v2\/types\/post"}],"author":[{"embeddable":true,"href":"http:\/\/www.24baires.com\/index.php?rest_route=\/wp\/v2\/users\/4"}],"replies":[{"embeddable":true,"href":"http:\/\/www.24baires.com\/index.php?rest_route=%2Fwp%2Fv2%2Fcomments&post=73124"}],"version-history":[{"count":1,"href":"http:\/\/www.24baires.com\/index.php?rest_route=\/wp\/v2\/posts\/73124\/revisions"}],"predecessor-version":[{"id":73126,"href":"http:\/\/www.24baires.com\/index.php?rest_route=\/wp\/v2\/posts\/73124\/revisions\/73126"}],"wp:attachment":[{"href":"http:\/\/www.24baires.com\/index.php?rest_route=%2Fwp%2Fv2%2Fmedia&parent=73124"}],"wp:term":[{"taxonomy":"category","embeddable":true,"href":"http:\/\/www.24baires.com\/index.php?rest_route=%2Fwp%2Fv2%2Fcategories&post=73124"},{"taxonomy":"post_tag","embeddable":true,"href":"http:\/\/www.24baires.com\/index.php?rest_route=%2Fwp%2Fv2%2Ftags&post=73124"}],"curies":[{"name":"wp","href":"https:\/\/api.w.org\/{rel}","templated":true}]}}