{"id":73106,"date":"2015-10-05T11:00:04","date_gmt":"2015-10-05T14:00:04","guid":{"rendered":"http:\/\/www.24baires.com\/?p=73106"},"modified":"2015-10-05T11:06:53","modified_gmt":"2015-10-05T14:06:53","slug":"rossi-asegura-que-macri-quiere-terminar-con-politicas-de-ddhh","status":"publish","type":"post","link":"http:\/\/www.24baires.com\/?p=73106","title":{"rendered":"Rossi asegura que Macri \u00abquiere terminar\u00bb con pol\u00edticas de DDHH"},"content":{"rendered":"<p><img data-recalc-dims=\"1\" loading=\"lazy\" decoding=\"async\" class=\"aligncenter size-full wp-image-61674\" src=\"https:\/\/i0.wp.com\/www.24baires.com\/wp-content\/uploads\/2015\/02\/rossi1.jpg?resize=560%2C373\" alt=\"rossi\" width=\"560\" height=\"373\" srcset=\"https:\/\/i0.wp.com\/www.24baires.com\/wp-content\/uploads\/2015\/02\/rossi1.jpg?w=560 560w, https:\/\/i0.wp.com\/www.24baires.com\/wp-content\/uploads\/2015\/02\/rossi1.jpg?resize=300%2C200 300w\" sizes=\"auto, (max-width: 560px) 100vw, 560px\" \/>El ministro de Defensa asegur\u00f3 que el PRO es un partido \u00abcon funcionarios y candidatos que fueron miembros de la dictadura\u00bb. Sobre Massa, se\u00f1al\u00f3 que \u00abatrasa en sus propuestas\u00bb de utilizar a las fuerzas armadas en la lucha contra el narcotr\u00e1fico.<!--more--><\/p>\n<p>\u00abMacri dijo que va a terminar con el curro de los derechos humanos y sabemos c\u00f3mo: quiere terminar con las pol\u00edticas de memoria, verdad y justicia, tratando de evitar que no se conozca la verdad\u00bb, afirm\u00f3 Rossi en declaraciones a radio Diez.<\/p>\n<p>Se refiri\u00f3 as\u00ed a la abstenci\u00f3n de los diputados del PRO en relaci\u00f3n al proyecto de H\u00e9ctor Recalde para crear una comisi\u00f3n bicameral que investigue la complicidad de grupos econ\u00f3micos con el terrorismo de Estado.<\/p>\n<p>\u00abEl que no quiera que se investigue es porque est\u00e1 protegiendo a alguien, directa o indirectamente. El PRO es un partido pol\u00edtico con funcionarios o candidatos que han sido miembros de la dictadura\u00bb, asever\u00f3.<\/p>\n<p>Por otra parte, carg\u00f3 contra la propuesta de Massa de sumar a las fuerzas armadas en la lucha contra el narcotr\u00e1fico, y lo acus\u00f3 de buscar \u00abcriminalizar la pobreza\u00bb.<\/p>\n<p>\u00abLos narcos est\u00e1n en Nordelta y \u00e9l quiere meterse en las villas. Los narcos no est\u00e1n en los barrios populares, viven m\u00e1s cerca de la casa de Massa\u00bb, dijo Rossi, para quien la propuesta del candidato de UNA \u00abatrasa\u00bb.<\/p>\n<p>En ese marco, explic\u00f3 que \u00ablos pa\u00edses de la regi\u00f3n que utilizaron las fuerzas armadas para la lucha contra el narcotr\u00e1fico est\u00e1n reviendo la posici\u00f3n, ya que en ninguno ha mejorado la situaci\u00f3n, sino que ha aumentado el nivel de violencia y generado corrupci\u00f3n dentro de la fuerza\u00bb.<\/p>\n<p>Por otra parte, el titular de la cartera de Defensa destac\u00f3 el \u00abvalor\u00bb de la documentaci\u00f3n secreta de la guerra de Malvinas que se viene conociendo, desde que la presidenta Cristina Fern\u00e1ndez de Kirchner ordenara su desclasificaci\u00f3n el pasado 2 de abril.<\/p>\n<p>Rossi remarc\u00f3 especialmente los \u00abtestimonios de los soldados que volvieron de la guerra\u00bb en las denominadas &#8216;actas de recepci\u00f3n&#8217; que deb\u00edan completar a su regreso al continente y los documentos \u00abcertificados por los propios m\u00e9dicos militares que hablan de soldados que fallecieron por desnutrici\u00f3n\u00bb.<\/p>\n<p>\u00abLa desclasificaci\u00f3n de los archivos debe leerse en el marco de las pol\u00edticas de memoria, verdad y justicia, para que se sepa la integralidad de las cosas que sucedieron\u00bb, concluy\u00f3 Rossi.<\/p>\n","protected":false},"excerpt":{"rendered":"<p>El ministro de Defensa asegur\u00f3 que el PRO es un partido \u00abcon funcionarios y candidatos que fueron miembros de la dictadura\u00bb. Sobre Massa, se\u00f1al\u00f3 que \u00abatrasa en sus propuestas\u00bb de utilizar a las fuerzas armadas en la lucha contra el narcotr\u00e1fico.<\/p>\n","protected":false},"author":4,"featured_media":0,"comment_status":"open","ping_status":"open","sticky":false,"template":"","format":"standard","meta":{"_jetpack_newsletter_access":"","_jetpack_dont_email_post_to_subs":false,"_jetpack_newsletter_tier_id":0,"_jetpack_memberships_contains_paywalled_content":false,"_jetpack_memberships_contains_paid_content":false,"footnotes":""},"categories":[51],"tags":[],"class_list":["post-73106","post","type-post","status-publish","format-standard","hentry","category-politica"],"jetpack_shortlink":"https:\/\/wp.me\/p2JWE0-j18","jetpack-related-posts":[{"id":64064,"url":"http:\/\/www.24baires.com\/?p=64064","url_meta":{"origin":73106,"position":0},"title":"Rossi: \u201cEs necesario el debate primero dentro del FPV y despu\u00e9s, con la derecha de Macri\u201d","author":"Grupo Sierra","date":"09\/04\/2015","format":false,"excerpt":"El ministro de Defensa y precandidato presencial, Agust\u00edn Rossi, visit\u00f3 hoy la ciudad de Santa Fe donde manifest\u00f3 que es \u201cnecesario el debate de propuestas primero dentro del FPV y, despu\u00e9s, con la derecha que encarna (Maurcio) Macri\u201d. Y agreg\u00f3: \u201cDebemos presionar a la alianza de derecha que conforman el\u2026","rel":"","context":"En \u00abPol\u00edtica\u00bb","block_context":{"text":"Pol\u00edtica","link":"http:\/\/www.24baires.com\/?cat=51"},"img":{"alt_text":"","src":"https:\/\/i0.wp.com\/www.24baires.com\/wp-content\/uploads\/2015\/04\/rossi-derecha.jpg?resize=350%2C200","width":350,"height":200,"srcset":"https:\/\/i0.wp.com\/www.24baires.com\/wp-content\/uploads\/2015\/04\/rossi-derecha.jpg?resize=350%2C200 1x, https:\/\/i0.wp.com\/www.24baires.com\/wp-content\/uploads\/2015\/04\/rossi-derecha.jpg?resize=525%2C300 1.5x"},"classes":[]},{"id":102043,"url":"http:\/\/www.24baires.com\/?p=102043","url_meta":{"origin":73106,"position":1},"title":"La oposici\u00f3n avanzar\u00e1 en Diputados con el freno al tarifazo","author":"GB","date":"09\/05\/2018","format":false,"excerpt":"Pese a que Mauricio Macri ya alert\u00f3 que vetar\u00e1 todo tipo de freno a los aumentos en las tarifas de servicios p\u00fablicos, los diputados de la oposici\u00f3n avanzar\u00e1n hoy con la aprobaci\u00f3n del proyecto. Buscan retrotraer los valores a noviembre de 2017 y proyectar futuros aumentos seg\u00fan la variaci\u00f3n salarial.\u2026","rel":"","context":"En \u00abPol\u00edtica\u00bb","block_context":{"text":"Pol\u00edtica","link":"http:\/\/www.24baires.com\/?cat=51"},"img":{"alt_text":"","src":"https:\/\/i0.wp.com\/www.24baires.com\/wp-content\/uploads\/2017\/03\/diputad.jpg?resize=350%2C200","width":350,"height":200,"srcset":"https:\/\/i0.wp.com\/www.24baires.com\/wp-content\/uploads\/2017\/03\/diputad.jpg?resize=350%2C200 1x, https:\/\/i0.wp.com\/www.24baires.com\/wp-content\/uploads\/2017\/03\/diputad.jpg?resize=525%2C300 1.5x"},"classes":[]},{"id":58628,"url":"http:\/\/www.24baires.com\/?p=58628","url_meta":{"origin":73106,"position":2},"title":"Rossi embisti\u00f3 contra Massa y Macri: \u00abQuieren ver a los genocidas en libertad\u00bb","author":"Grupo Sierra","date":"14\/12\/2014","format":false,"excerpt":"\u201cNo es casual que en la misma semana Macri hable de curro y Massa exprese que quiere cerrar la cuesti\u00f3n de los DD.HH.\", advirti\u00f3. Rossi asegur\u00f3 hoy que con sus declaraciones sobre la pol\u00edtica oficial de derechos humanos, \"Sergio Massa y Mauricio Macri quieren suspender los juicios de lesa humanidad\u2026","rel":"","context":"En \u00abPol\u00edtica\u00bb","block_context":{"text":"Pol\u00edtica","link":"http:\/\/www.24baires.com\/?cat=51"},"img":{"alt_text":"","src":"https:\/\/i0.wp.com\/www.24baires.com\/wp-content\/uploads\/2014\/12\/rossi_6.jpg?resize=350%2C200","width":350,"height":200,"srcset":"https:\/\/i0.wp.com\/www.24baires.com\/wp-content\/uploads\/2014\/12\/rossi_6.jpg?resize=350%2C200 1x, https:\/\/i0.wp.com\/www.24baires.com\/wp-content\/uploads\/2014\/12\/rossi_6.jpg?resize=525%2C300 1.5x"},"classes":[]},{"id":64979,"url":"http:\/\/www.24baires.com\/?p=64979","url_meta":{"origin":73106,"position":3},"title":"Rossi afirm\u00f3 que en octubre \u00abse enfrentar\u00e1n dos modelos de pa\u00eds\u00bb","author":"GB","date":"27\/04\/2015","format":false,"excerpt":"El ministro de Defensa y precandidato presidencial por el Frente para la Victoria, Agust\u00edn Rossi, afirm\u00f3 que \u201ctrabaja con energ\u00eda\u201d para sostener su postulaci\u00f3n, y afirm\u00f3 que en las pr\u00f3ximas elecciones \u201cse enfrentar\u00e1n dos modelos opuestos de pa\u00eds\u201d. \u201cSigo trabajando con mucha energ\u00eda en mi candidatura presidencial. Estoy muy contento\u2026","rel":"","context":"En \u00abElecciones 2015\u00bb","block_context":{"text":"Elecciones 2015","link":"http:\/\/www.24baires.com\/?cat=74"},"img":{"alt_text":"rossi","src":"https:\/\/i0.wp.com\/www.24baires.com\/wp-content\/uploads\/2015\/02\/rossi1.jpg?resize=350%2C200","width":350,"height":200,"srcset":"https:\/\/i0.wp.com\/www.24baires.com\/wp-content\/uploads\/2015\/02\/rossi1.jpg?resize=350%2C200 1x, https:\/\/i0.wp.com\/www.24baires.com\/wp-content\/uploads\/2015\/02\/rossi1.jpg?resize=525%2C300 1.5x"},"classes":[]},{"id":106260,"url":"http:\/\/www.24baires.com\/?p=106260","url_meta":{"origin":73106,"position":4},"title":"Cambiemos a\u00fan no define qui\u00e9n ser\u00e1 su pr\u00f3ximo candidato a Presidente","author":"AF","date":"08\/01\/2019","format":false,"excerpt":"Ricardo Alfons\u00edn advirti\u00f3 que Mauricio Macri no es el \"candidato natural\" del oficialismo, como hab\u00eda se\u00f1alado el titular del PRO, Humberto Schiavoni. Mart\u00edn Lousteau tambi\u00e9n plantea la posibilidad de enfrentar al Presidente en una interna. El dirigente radical Ricardo Alfons\u00edn cruz\u00f3 al presidente del PRO, Humberto Schiavoni, quien hab\u00eda planteado\u2026","rel":"","context":"En \u00abPol\u00edtica\u00bb","block_context":{"text":"Pol\u00edtica","link":"http:\/\/www.24baires.com\/?cat=51"},"img":{"alt_text":"","src":"https:\/\/i0.wp.com\/www.24baires.com\/wp-content\/uploads\/2018\/10\/MACRI-IDEA.jpg?resize=350%2C200","width":350,"height":200,"srcset":"https:\/\/i0.wp.com\/www.24baires.com\/wp-content\/uploads\/2018\/10\/MACRI-IDEA.jpg?resize=350%2C200 1x, https:\/\/i0.wp.com\/www.24baires.com\/wp-content\/uploads\/2018\/10\/MACRI-IDEA.jpg?resize=525%2C300 1.5x"},"classes":[]},{"id":51889,"url":"http:\/\/www.24baires.com\/?p=51889","url_meta":{"origin":73106,"position":5},"title":"Macri anticip\u00f3 un posible di\u00e1logo con Carri\u00f3","author":"Grupo Sierra","date":"15\/08\/2014","format":false,"excerpt":"Aunque asegur\u00f3 que no interferir\u00e1 en la crisis del UNEN, se mostr\u00f3 dispuesto a dialogar con la diputada. \u00bfM\u00e1s brechas en el frente pol\u00edtico? El jefe de Gobierno porte\u00f1o, Mauricio Macri, ratific\u00f3 este viernes su decisi\u00f3n de no \"interferir\" en la renovada interna en el Frente Amplio UNEN y, aunque\u2026","rel":"","context":"En \u00abElecciones 2015\u00bb","block_context":{"text":"Elecciones 2015","link":"http:\/\/www.24baires.com\/?cat=74"},"img":{"alt_text":"","src":"https:\/\/i0.wp.com\/www.24baires.com\/wp-content\/uploads\/2014\/08\/macri-carri%C3%B3.jpg?resize=350%2C200","width":350,"height":200,"srcset":"https:\/\/i0.wp.com\/www.24baires.com\/wp-content\/uploads\/2014\/08\/macri-carri%C3%B3.jpg?resize=350%2C200 1x, https:\/\/i0.wp.com\/www.24baires.com\/wp-content\/uploads\/2014\/08\/macri-carri%C3%B3.jpg?resize=525%2C300 1.5x"},"classes":[]}],"jetpack_sharing_enabled":true,"jetpack_likes_enabled":true,"jetpack_featured_media_url":"","_links":{"self":[{"href":"http:\/\/www.24baires.com\/index.php?rest_route=\/wp\/v2\/posts\/73106","targetHints":{"allow":["GET"]}}],"collection":[{"href":"http:\/\/www.24baires.com\/index.php?rest_route=\/wp\/v2\/posts"}],"about":[{"href":"http:\/\/www.24baires.com\/index.php?rest_route=\/wp\/v2\/types\/post"}],"author":[{"embeddable":true,"href":"http:\/\/www.24baires.com\/index.php?rest_route=\/wp\/v2\/users\/4"}],"replies":[{"embeddable":true,"href":"http:\/\/www.24baires.com\/index.php?rest_route=%2Fwp%2Fv2%2Fcomments&post=73106"}],"version-history":[{"count":1,"href":"http:\/\/www.24baires.com\/index.php?rest_route=\/wp\/v2\/posts\/73106\/revisions"}],"predecessor-version":[{"id":73107,"href":"http:\/\/www.24baires.com\/index.php?rest_route=\/wp\/v2\/posts\/73106\/revisions\/73107"}],"wp:attachment":[{"href":"http:\/\/www.24baires.com\/index.php?rest_route=%2Fwp%2Fv2%2Fmedia&parent=73106"}],"wp:term":[{"taxonomy":"category","embeddable":true,"href":"http:\/\/www.24baires.com\/index.php?rest_route=%2Fwp%2Fv2%2Fcategories&post=73106"},{"taxonomy":"post_tag","embeddable":true,"href":"http:\/\/www.24baires.com\/index.php?rest_route=%2Fwp%2Fv2%2Ftags&post=73106"}],"curies":[{"name":"wp","href":"https:\/\/api.w.org\/{rel}","templated":true}]}}