{"id":73082,"date":"2015-10-04T09:57:14","date_gmt":"2015-10-04T12:57:14","guid":{"rendered":"http:\/\/www.24baires.com\/?p=73082"},"modified":"2015-10-04T09:57:14","modified_gmt":"2015-10-04T12:57:14","slug":"scioli-inaugura-una-unidad-de-pronta-atencion-en-quilmes","status":"publish","type":"post","link":"http:\/\/www.24baires.com\/?p=73082","title":{"rendered":"Scioli inaugura una Unidad de Pronta Atenci\u00f3n en Quilmes"},"content":{"rendered":"<p><img data-recalc-dims=\"1\" loading=\"lazy\" decoding=\"async\" class=\"aligncenter size-full wp-image-70134\" src=\"https:\/\/i0.wp.com\/www.24baires.com\/wp-content\/uploads\/2015\/08\/scioli-cierre-campa%C3%B1a.jpg?resize=560%2C307\" alt=\"scioli cierre campa\u00f1a\" width=\"560\" height=\"307\" srcset=\"https:\/\/i0.wp.com\/www.24baires.com\/wp-content\/uploads\/2015\/08\/scioli-cierre-campa%C3%B1a.jpg?w=560 560w, https:\/\/i0.wp.com\/www.24baires.com\/wp-content\/uploads\/2015\/08\/scioli-cierre-campa%C3%B1a.jpg?resize=300%2C164 300w\" sizes=\"auto, (max-width: 560px) 100vw, 560px\" \/>El gobernador Daniel Scioli inaugurar\u00e1 este domingo desde las 10.30, en Quilmes, el hospital intermedio Unidad de Pronta Atenci\u00f3n n\u00famero 17 (UPA 24), junto al intendente local, Francisco \u201cBarba\u201d Guti\u00e9rrez.<!--more--><\/p>\n<p>La actividad se desarrollar\u00e1 en la UPA ubicada en Cabo Sessa entre 185 y 186, a 400 metros de Camino General Belgrano, en los terrenos que el municipio de Quilmes tiene en el Parque Industrial Tecnol\u00f3gico Quilmes (PITQ) de Bernal Oeste.<\/p>\n<p>&nbsp;<\/p>\n<p>&nbsp;<\/p>\n<p>&nbsp;<\/p>\n<p>&nbsp;<\/p>\n<p>&nbsp;<\/p>\n<p>&nbsp;<\/p>\n<p>&nbsp;<\/p>\n<p>&nbsp;<\/p>\n<p>&nbsp;<\/p>\n<p>&nbsp;<\/p>\n<p>&nbsp;<\/p>\n<p>&nbsp;<\/p>\n<p>&nbsp;<\/p>\n","protected":false},"excerpt":{"rendered":"<p>El gobernador Daniel Scioli inaugurar\u00e1 este domingo desde las 10.30, en Quilmes, el hospital intermedio Unidad de Pronta Atenci\u00f3n n\u00famero 17 (UPA 24), junto al intendente local, Francisco \u201cBarba\u201d Guti\u00e9rrez.<\/p>\n","protected":false},"author":8,"featured_media":0,"comment_status":"open","ping_status":"open","sticky":false,"template":"","format":"standard","meta":{"_jetpack_newsletter_access":"","_jetpack_dont_email_post_to_subs":false,"_jetpack_newsletter_tier_id":0,"_jetpack_memberships_contains_paywalled_content":false,"_jetpack_memberships_contains_paid_content":false,"footnotes":""},"categories":[51],"tags":[],"class_list":["post-73082","post","type-post","status-publish","format-standard","hentry","category-politica"],"jetpack_shortlink":"https:\/\/wp.me\/p2JWE0-j0K","jetpack-related-posts":[{"id":33434,"url":"http:\/\/www.24baires.com\/?p=33434","url_meta":{"origin":73082,"position":0},"title":"Nueva unidad de pronta atenci\u00f3n para Los Hornos","author":"AF","date":"12\/10\/2013","format":false,"excerpt":"Los m\u00e1s de cien mil vecinos de la localidad platense de Los Hornos, la localidad m\u00e1s populosa del partido de La Plata, cuenta desde este viernes con la flamante sexta Unidad de Pronta Atenci\u00f3n (UPA) de la provincia de Buenos Aires.\u00a0 La UPA fue inaugurada esta ma\u00f1ana por el gobernador\u2026","rel":"","context":"En \u00abLocales\u00bb","block_context":{"text":"Locales","link":"http:\/\/www.24baires.com\/?cat=38"},"img":{"alt_text":"","src":"","width":0,"height":0},"classes":[]},{"id":72883,"url":"http:\/\/www.24baires.com\/?p=72883","url_meta":{"origin":73082,"position":1},"title":"Inauguraron una UPA en Tres de Febrero","author":"AF","date":"30\/09\/2015","format":false,"excerpt":"La Provincia inaugur\u00f3 una nueva UPA24 en el partido de Tres de Febrero, donde el gobernador Scioli adelant\u00f3 que est\u00e1 \u201cen plena ejecuci\u00f3n la primera unidad especializada en Adicciones en ese municipio\u201d. Desde la cartera de salud indicaron que el 16\u00ba en su tipo inaugurado en la Provincia por decisi\u00f3n\u2026","rel":"","context":"En \u00abLocales\u00bb","block_context":{"text":"Locales","link":"http:\/\/www.24baires.com\/?cat=38"},"img":{"alt_text":"","src":"https:\/\/i0.wp.com\/www.24baires.com\/wp-content\/uploads\/2015\/09\/upa.jpg?resize=350%2C200","width":350,"height":200,"srcset":"https:\/\/i0.wp.com\/www.24baires.com\/wp-content\/uploads\/2015\/09\/upa.jpg?resize=350%2C200 1x, https:\/\/i0.wp.com\/www.24baires.com\/wp-content\/uploads\/2015\/09\/upa.jpg?resize=525%2C300 1.5x"},"classes":[]},{"id":61652,"url":"http:\/\/www.24baires.com\/?p=61652","url_meta":{"origin":73082,"position":2},"title":"Construir\u00e1n once Unidades de Pronta Atenci\u00f3n para reducir demanda en hospitales p\u00fablicos","author":"AF","date":"12\/02\/2015","format":false,"excerpt":"Las UPAs, desde que se inauguraron en Buenos Aires, respondieron a 1,5 millones de consultas y descomprimieron los niveles de actividad de los grandes hospitales regionales. Estos nuevos centros, que abren las 24 horas todos los d\u00edas del a\u00f1o, atienden desde gripes o bronquiolitis, hasta traumatismos, infartos, ACV y ataques\u2026","rel":"","context":"En \u00abProvincia\u00bb","block_context":{"text":"Provincia","link":"http:\/\/www.24baires.com\/?cat=40"},"img":{"alt_text":"upa","src":"https:\/\/i0.wp.com\/www.24baires.com\/wp-content\/uploads\/2013\/11\/upa.jpg?resize=350%2C200","width":350,"height":200},"classes":[]},{"id":101122,"url":"http:\/\/www.24baires.com\/?p=101122","url_meta":{"origin":73082,"position":3},"title":"Indagar\u00e1n a Scioli por irregularidades en la construcci\u00f3n de las UPA 24","author":"AF","date":"17\/03\/2018","format":false,"excerpt":"El ex gobernador Daniel Scioli y quien fuera su ministro de Salud, Alejandro Collia, fueron imputados y citados a prestar declaraci\u00f3n indagatoria en el marco de una causa que investiga presuntas irregularidades en la adjudicaci\u00f3n de ocho Unidades de Pronta Atenci\u00f3n (UPA 24) para las que se destinaron m\u00e1s de\u2026","rel":"","context":"En \u00abJUDICIALES\u00bb","block_context":{"text":"JUDICIALES","link":"http:\/\/www.24baires.com\/?cat=68"},"img":{"alt_text":"","src":"https:\/\/i0.wp.com\/www.24baires.com\/wp-content\/uploads\/2014\/05\/Daniel-Scioli.jpg?resize=350%2C200","width":350,"height":200,"srcset":"https:\/\/i0.wp.com\/www.24baires.com\/wp-content\/uploads\/2014\/05\/Daniel-Scioli.jpg?resize=350%2C200 1x, https:\/\/i0.wp.com\/www.24baires.com\/wp-content\/uploads\/2014\/05\/Daniel-Scioli.jpg?resize=525%2C300 1.5x"},"classes":[]},{"id":61343,"url":"http:\/\/www.24baires.com\/?p=61343","url_meta":{"origin":73082,"position":4},"title":"Aseguran que en 100 d\u00edas comenzar\u00e1 a funcionar el UPA de Hurlingham","author":"AF","date":"06\/02\/2015","format":false,"excerpt":"El ministro de Salud bonaerense, Alejandro Collia, recorri\u00f3 junto con el concejal de Hurlingham, Juan Zabaleta, el predio donde se construir\u00e1 la nueva Unidad de Pronta Atenci\u00f3n (UPA 24hs), que estar\u00e1 funcionando en s\u00f3lo 100 d\u00edas. Durante la visita, el titular de Salud destac\u00f3 que es \u201cla novena de la\u2026","rel":"","context":"En \u00abLocales\u00bb","block_context":{"text":"Locales","link":"http:\/\/www.24baires.com\/?cat=38"},"img":{"alt_text":"upa hurlingham","src":"https:\/\/i0.wp.com\/www.24baires.com\/wp-content\/uploads\/2015\/02\/upa-hurlingham.jpg?resize=350%2C200","width":350,"height":200},"classes":[]},{"id":64239,"url":"http:\/\/www.24baires.com\/?p=64239","url_meta":{"origin":73082,"position":5},"title":"Avanza la creaci\u00f3n de la nueva Universidad Nacional de Hurlingham","author":"Grupo Sierra","date":"14\/04\/2015","format":false,"excerpt":"La semana que viene se conocer\u00e1 el plan de carreras y qui\u00e9n ser\u00e1 el rector normalizador. En un mes se inaugurar\u00e1 la UPA de Villa Tesei. El concejal Juan Zabaleta y precandidato a intendente de Hurlingham elogi\u00f3 la entrega de 200 escrituras que presidi\u00f3 Daniel Scioli. \u201cEsto es generar derechos\u2026","rel":"","context":"En \u00abLocales\u00bb","block_context":{"text":"Locales","link":"http:\/\/www.24baires.com\/?cat=38"},"img":{"alt_text":"","src":"","width":0,"height":0},"classes":[]}],"jetpack_sharing_enabled":true,"jetpack_likes_enabled":true,"jetpack_featured_media_url":"","_links":{"self":[{"href":"http:\/\/www.24baires.com\/index.php?rest_route=\/wp\/v2\/posts\/73082","targetHints":{"allow":["GET"]}}],"collection":[{"href":"http:\/\/www.24baires.com\/index.php?rest_route=\/wp\/v2\/posts"}],"about":[{"href":"http:\/\/www.24baires.com\/index.php?rest_route=\/wp\/v2\/types\/post"}],"author":[{"embeddable":true,"href":"http:\/\/www.24baires.com\/index.php?rest_route=\/wp\/v2\/users\/8"}],"replies":[{"embeddable":true,"href":"http:\/\/www.24baires.com\/index.php?rest_route=%2Fwp%2Fv2%2Fcomments&post=73082"}],"version-history":[{"count":1,"href":"http:\/\/www.24baires.com\/index.php?rest_route=\/wp\/v2\/posts\/73082\/revisions"}],"predecessor-version":[{"id":73083,"href":"http:\/\/www.24baires.com\/index.php?rest_route=\/wp\/v2\/posts\/73082\/revisions\/73083"}],"wp:attachment":[{"href":"http:\/\/www.24baires.com\/index.php?rest_route=%2Fwp%2Fv2%2Fmedia&parent=73082"}],"wp:term":[{"taxonomy":"category","embeddable":true,"href":"http:\/\/www.24baires.com\/index.php?rest_route=%2Fwp%2Fv2%2Fcategories&post=73082"},{"taxonomy":"post_tag","embeddable":true,"href":"http:\/\/www.24baires.com\/index.php?rest_route=%2Fwp%2Fv2%2Ftags&post=73082"}],"curies":[{"name":"wp","href":"https:\/\/api.w.org\/{rel}","templated":true}]}}