{"id":73047,"date":"2015-10-02T20:00:09","date_gmt":"2015-10-02T23:00:09","guid":{"rendered":"http:\/\/www.24baires.com\/?p=73047"},"modified":"2015-10-02T19:31:38","modified_gmt":"2015-10-02T22:31:38","slug":"soy-el-unico-candidato-que-no-promete-una-devaluacion-aseguro-scioli","status":"publish","type":"post","link":"http:\/\/www.24baires.com\/?p=73047","title":{"rendered":"\u00abSoy el \u00fanico candidato que no promete una devaluaci\u00f3n\u201d, asegur\u00f3 Scioli"},"content":{"rendered":"<p><img data-recalc-dims=\"1\" loading=\"lazy\" decoding=\"async\" class=\"alignleft size-full wp-image-70306\" src=\"https:\/\/i0.wp.com\/www.24baires.com\/wp-content\/uploads\/2015\/08\/bunker-scioli.jpg?resize=320%2C214\" alt=\"bunker scioli\" width=\"320\" height=\"214\" srcset=\"https:\/\/i0.wp.com\/www.24baires.com\/wp-content\/uploads\/2015\/08\/bunker-scioli.jpg?w=320 320w, https:\/\/i0.wp.com\/www.24baires.com\/wp-content\/uploads\/2015\/08\/bunker-scioli.jpg?resize=300%2C201 300w\" sizes=\"auto, (max-width: 320px) 100vw, 320px\" \/>El candidato a presidente por el FPV volvi\u00f3 a diferenciarse de sus competidores al se\u00f1alar que no promete devaluaci\u00f3n y en campa\u00f1a tampoco \u201cpropone reducir impuestos o retenciones\u201d.<!--more--><\/p>\n<p>El candidato a presidente por el Frente para la Victoria (Fpv) Daniel Scioli volvi\u00f3 a diferenciarse de sus competidores de cara a las pr\u00f3ximas elecciones presidenciales al se\u00f1alar que es el \u00fanico postulante que \u201cno promete una devaluaci\u00f3n\u201d y que en campa\u00f1a \u201cno propone reducir impuestos o retenciones\u201d.<\/p>\n<p>Durante una reuni\u00f3n con representantes de fondos de inversiones extranjeros de las \u00e1reas de energ\u00eda, turismo y alimentos, el candidato presidencial del FpV sentenci\u00f3: \u201cNo soy el tipo de candidato que en la campa\u00f1a propone reducir impuestos o retenciones\u201d.<\/p>\n<p>En ese sentido, el gobernador bonaerense agreg\u00f3: \u201cTodos los que trabajan en esta Provincia saben c\u00f3mo trabajo en la asociaci\u00f3n p\u00fablico privado, y que les doy sustentabilidad a los inversores\u00bb.<\/p>\n<p>\u00abSoy el \u00fanico candidato que no promete de un d\u00eda para el otro una devaluaci\u00f3n, act\u00fao responsablemente. Detr\u00e1s m\u00edo tengo una organizaci\u00f3n, gremios, uniones, que garantizan la gobernabilidad\u00bb, afirm\u00f3 Scioli, quien en el encuentro dialog\u00f3 con los inversores sobre las posibilidades que brinda el pa\u00eds y su m\u00e9todo de trabajo para garantizarles sustentabilidad y perspectivas de negocios, seg\u00fan se inform\u00f3 a trav\u00e9s de un comunicado.<\/p>\n<p>Adem\u00e1s el gobernador realiz\u00f3 un an\u00e1lisis de las prioridades de la ciudadan\u00eda con respecto a las pr\u00f3ximas elecciones al considerar que \u00abest\u00e1n buscando a alguien que transmita tranquilidad, confianza, que cuide, que haga los cambios que haya que hacer y especialmente poner todo el esfuerzo en lo que ustedes representan hoy, que es el \u00fanico camino para que Argentina tenga sustentabilidad: las inversiones\u00bb.<\/p>\n<p>Al igual que en otros actos, Scioli se\u00f1al\u00f3: \u00abNo voy a esperar a que vengan los inversores, voy a ir a tener reuniones y traerlos. Qu\u00e9 necesitan, qu\u00e9 quieren, para hacer crecer el pa\u00eds. Mi agenda es esa\u00bb.<\/p>\n","protected":false},"excerpt":{"rendered":"<p>El candidato a presidente por el FPV volvi\u00f3 a diferenciarse de sus competidores al se\u00f1alar que no promete devaluaci\u00f3n y en campa\u00f1a tampoco \u201cpropone reducir impuestos o retenciones\u201d.<\/p>\n","protected":false},"author":8,"featured_media":0,"comment_status":"open","ping_status":"open","sticky":false,"template":"","format":"standard","meta":{"_jetpack_newsletter_access":"","_jetpack_dont_email_post_to_subs":false,"_jetpack_newsletter_tier_id":0,"_jetpack_memberships_contains_paywalled_content":false,"_jetpack_memberships_contains_paid_content":false,"footnotes":""},"categories":[51],"tags":[],"class_list":["post-73047","post","type-post","status-publish","format-standard","hentry","category-politica"],"jetpack_shortlink":"https:\/\/wp.me\/p2JWE0-j0b","jetpack-related-posts":[{"id":75138,"url":"http:\/\/www.24baires.com\/?p=75138","url_meta":{"origin":73047,"position":0},"title":"\u201cMacri representa las malas pol\u00edticas, la devaluaci\u00f3n, la quita de subsidios y el ajuste\u201d","author":"AF","date":"17\/11\/2015","format":false,"excerpt":"El candidato a presidente del Frente para la Victoria (FpV), Daniel Scioli, se\u00f1al\u00f3 que \u00e9l es \"la contracara\" del su rival del frente Cambiemos. \"La gente no quiere volver al pasado\", asegur\u00f3 el actual gobernador de la provincia de Buenos Aires. El saliente gobernador bonaerense y candidato presidencial se diferenci\u00f3\u2026","rel":"","context":"En \u00abElecciones 2015\u00bb","block_context":{"text":"Elecciones 2015","link":"http:\/\/www.24baires.com\/?cat=74"},"img":{"alt_text":"","src":"https:\/\/i0.wp.com\/www.24baires.com\/wp-content\/uploads\/2015\/11\/scioli-caravana.jpg?resize=350%2C200","width":350,"height":200},"classes":[]},{"id":75154,"url":"http:\/\/www.24baires.com\/?p=75154","url_meta":{"origin":73047,"position":1},"title":"\u00abA medida que Cambiemos define medidas econ\u00f3micas, la gente se aleja m\u00e1s de ellos\u00bb","author":"AF","date":"17\/11\/2015","format":false,"excerpt":"El candidato presidencial del Frente para la Victoria, Daniel Scioli, sostuvo hoy que esa es la raz\u00f3n por la que los economistas de Cambiemos dejaron de hacer declaraciones p\u00fablicas sobre econom\u00eda como estrategia de campa\u00f1a. El gobernador bonaerense remarc\u00f3 que el espacio que encabeza su oponente Mauricio Macri \"dice que\u2026","rel":"","context":"En \u00abElecciones 2015\u00bb","block_context":{"text":"Elecciones 2015","link":"http:\/\/www.24baires.com\/?cat=74"},"img":{"alt_text":"scioli la matanza1","src":"https:\/\/i0.wp.com\/www.24baires.com\/wp-content\/uploads\/2015\/11\/scioli-la-matanza1.jpg?resize=350%2C200","width":350,"height":200,"srcset":"https:\/\/i0.wp.com\/www.24baires.com\/wp-content\/uploads\/2015\/11\/scioli-la-matanza1.jpg?resize=350%2C200 1x, https:\/\/i0.wp.com\/www.24baires.com\/wp-content\/uploads\/2015\/11\/scioli-la-matanza1.jpg?resize=525%2C300 1.5x"},"classes":[]},{"id":74277,"url":"http:\/\/www.24baires.com\/?p=74277","url_meta":{"origin":73047,"position":2},"title":"\u00abEl cambio, para Macri, es que todo vuelva a estar en manos del mercado\u00bb","author":"AF","date":"28\/10\/2015","format":false,"excerpt":"El candidato a presidente por el Frente Para la Victoria, Daniel Scioli, dijo hoy que su contrincante de Cambiemos \"tiene una mirada privatizadora\" e insisti\u00f3 en que \"entusiasma la palabra cambio, pero la discusi\u00f3n que tiene que dar la sociedad es qu\u00e9 tipo de cambio queremos\". \"Hay grandes diferencias en\u2026","rel":"","context":"En \u00abElecciones 2015\u00bb","block_context":{"text":"Elecciones 2015","link":"http:\/\/www.24baires.com\/?cat=74"},"img":{"alt_text":"scioli cierre campa\u00f1a","src":"https:\/\/i0.wp.com\/www.24baires.com\/wp-content\/uploads\/2015\/08\/scioli-cierre-campa%C3%B1a.jpg?resize=350%2C200","width":350,"height":200,"srcset":"https:\/\/i0.wp.com\/www.24baires.com\/wp-content\/uploads\/2015\/08\/scioli-cierre-campa%C3%B1a.jpg?resize=350%2C200 1x, https:\/\/i0.wp.com\/www.24baires.com\/wp-content\/uploads\/2015\/08\/scioli-cierre-campa%C3%B1a.jpg?resize=525%2C300 1.5x"},"classes":[]},{"id":63186,"url":"http:\/\/www.24baires.com\/?p=63186","url_meta":{"origin":73047,"position":3},"title":"Kicillof: \u00abEconomistas de la oposici\u00f3n quieren un clima que justifique el ajuste\u00bb","author":"AF","date":"15\/03\/2015","format":false,"excerpt":"El ministro de Econom\u00eda, Axel Kicillof, advirti\u00f3 en Nacional Rock que ciertos candidatos de la oposici\u00f3n \"est\u00e1n tratando de armar una bomba que es el ajuste y as\u00ed volver a la pol\u00edtica de los 90 de sobreendeudamiento\". Kicillof aludi\u00f3 de esta forma a una nota publicada el viernes pasado en\u2026","rel":"","context":"En \u00abEconom\u00eda\u00bb","block_context":{"text":"Econom\u00eda","link":"http:\/\/www.24baires.com\/?cat=45"},"img":{"alt_text":"","src":"","width":0,"height":0},"classes":[]},{"id":90222,"url":"http:\/\/www.24baires.com\/?p=90222","url_meta":{"origin":73047,"position":4},"title":"A UN A\u00d1O: FALSAS PROMESAS Y LAMENTOS.","author":"GB","date":"24\/11\/2016","format":false,"excerpt":"Ha pasado un a\u00f1o. El 22 de noviembre del a\u00f1o pasado, el pueblo argentino en un re\u00f1ido ballotage dio por ganador a Mauricio Macri. Semanas m\u00e1s tarde fue su asunci\u00f3n. Estamos a poco de que cumplan un a\u00f1o de gobierno. Recordamos sus promesas, los dichos de campa\u00f1a y la imagen\u2026","rel":"","context":"En \u00abOpini\u00f3n\u00bb","block_context":{"text":"Opini\u00f3n","link":"http:\/\/www.24baires.com\/?cat=64"},"img":{"alt_text":"macri conferencia","src":"https:\/\/i0.wp.com\/www.24baires.com\/wp-content\/uploads\/2016\/05\/macri-conferencia.jpg?resize=350%2C200","width":350,"height":200,"srcset":"https:\/\/i0.wp.com\/www.24baires.com\/wp-content\/uploads\/2016\/05\/macri-conferencia.jpg?resize=350%2C200 1x, https:\/\/i0.wp.com\/www.24baires.com\/wp-content\/uploads\/2016\/05\/macri-conferencia.jpg?resize=525%2C300 1.5x"},"classes":[]},{"id":73902,"url":"http:\/\/www.24baires.com\/?p=73902","url_meta":{"origin":73047,"position":5},"title":"Scioli asegur\u00f3 que mantendr\u00e1 los subsidios para quienes \u00ablo necesitan\u00bb","author":"GB","date":"21\/10\/2015","format":false,"excerpt":"El candidato presidencial del FpV no descart\u00f3 modificar las escalas del Impuesto a las Ganancias, al definirse \"abierto a repensar todo lo que hace a darle cada vez m\u00e1s competitividad a la econom\u00eda\". El candidato presidencial por el Frente para la Victoria, Daniel Scioli, advirti\u00f3 que, en caso de imponerse\u2026","rel":"","context":"En \u00abPol\u00edtica\u00bb","block_context":{"text":"Pol\u00edtica","link":"http:\/\/www.24baires.com\/?cat=51"},"img":{"alt_text":"scioli","src":"https:\/\/i0.wp.com\/www.24baires.com\/wp-content\/uploads\/2015\/09\/scioli1.jpg?resize=350%2C200","width":350,"height":200,"srcset":"https:\/\/i0.wp.com\/www.24baires.com\/wp-content\/uploads\/2015\/09\/scioli1.jpg?resize=350%2C200 1x, https:\/\/i0.wp.com\/www.24baires.com\/wp-content\/uploads\/2015\/09\/scioli1.jpg?resize=525%2C300 1.5x"},"classes":[]}],"jetpack_sharing_enabled":true,"jetpack_likes_enabled":true,"jetpack_featured_media_url":"","_links":{"self":[{"href":"http:\/\/www.24baires.com\/index.php?rest_route=\/wp\/v2\/posts\/73047","targetHints":{"allow":["GET"]}}],"collection":[{"href":"http:\/\/www.24baires.com\/index.php?rest_route=\/wp\/v2\/posts"}],"about":[{"href":"http:\/\/www.24baires.com\/index.php?rest_route=\/wp\/v2\/types\/post"}],"author":[{"embeddable":true,"href":"http:\/\/www.24baires.com\/index.php?rest_route=\/wp\/v2\/users\/8"}],"replies":[{"embeddable":true,"href":"http:\/\/www.24baires.com\/index.php?rest_route=%2Fwp%2Fv2%2Fcomments&post=73047"}],"version-history":[{"count":1,"href":"http:\/\/www.24baires.com\/index.php?rest_route=\/wp\/v2\/posts\/73047\/revisions"}],"predecessor-version":[{"id":73048,"href":"http:\/\/www.24baires.com\/index.php?rest_route=\/wp\/v2\/posts\/73047\/revisions\/73048"}],"wp:attachment":[{"href":"http:\/\/www.24baires.com\/index.php?rest_route=%2Fwp%2Fv2%2Fmedia&parent=73047"}],"wp:term":[{"taxonomy":"category","embeddable":true,"href":"http:\/\/www.24baires.com\/index.php?rest_route=%2Fwp%2Fv2%2Fcategories&post=73047"},{"taxonomy":"post_tag","embeddable":true,"href":"http:\/\/www.24baires.com\/index.php?rest_route=%2Fwp%2Fv2%2Ftags&post=73047"}],"curies":[{"name":"wp","href":"https:\/\/api.w.org\/{rel}","templated":true}]}}