{"id":73045,"date":"2015-10-02T19:30:12","date_gmt":"2015-10-02T22:30:12","guid":{"rendered":"http:\/\/www.24baires.com\/?p=73045"},"modified":"2015-10-03T13:36:37","modified_gmt":"2015-10-03T16:36:37","slug":"sonamos-con-cambiar-el-pais-y-lo-cambiamos","status":"publish","type":"post","link":"http:\/\/www.24baires.com\/?p=73045","title":{"rendered":"\u00abSo\u00f1amos con cambiar el pa\u00eds y lo cambiamos\u00bb"},"content":{"rendered":"<p><img data-recalc-dims=\"1\" loading=\"lazy\" decoding=\"async\" src=\"https:\/\/i0.wp.com\/www.24baires.com\/wp-content\/uploads\/2015\/10\/cristina-sue%C3%B1o.jpg?resize=560%2C373\" alt=\"cristina sue\u00f1o\" width=\"560\" height=\"373\" class=\"aligncenter size-full wp-image-73051\" srcset=\"https:\/\/i0.wp.com\/www.24baires.com\/wp-content\/uploads\/2015\/10\/cristina-sue%C3%B1o.jpg?w=560 560w, https:\/\/i0.wp.com\/www.24baires.com\/wp-content\/uploads\/2015\/10\/cristina-sue%C3%B1o.jpg?resize=300%2C200 300w\" sizes=\"auto, (max-width: 560px) 100vw, 560px\" \/>La Presidenta encabez\u00f3 un acto en la ciudad de R\u00edo Gallegos y pidi\u00f3 a los dirigentes pol\u00edticos de todos los partidos que \u00abentiendan lo que es un proyecto de pa\u00eds, es una naci\u00f3n que incluya a los 40 millones de argentinos\u00bb.<!--more--><\/p>\n<p>La presidenta Cristina Fern\u00e1ndez de Kirchner afirm\u00f3 que \u201cun proyecto de pa\u00eds es una Naci\u00f3n que incluya a los 40 millones de argentinos\u00bb y, en ese sentido, les pidi\u00f3 los dirigentes pol\u00edticos de todos los partidos que \u00abentiendan lo que es un proyecto de pa\u00eds, porque el proyecto del que hablamos nosotros no tiene apellido, se llama Argentina\u201d.<\/p>\n<p>Acompa\u00f1ada por el candidato a vicepresidente por el Frente para la Victoria (FpV), Carlos Zannini, la postulante a gobernadora de Santa Cruz, Alicia Kirchner, y el candidato a diputado nacional M\u00e1ximo Kirchner, Cristina particip\u00f3 de la inauguraci\u00f3n de las obras de ampliaci\u00f3n de la Universidad Tecnol\u00f3gica Nacional (UTN) de R\u00edo Gallegos, donde remarc\u00f3: \u00abHablamos de una Argentina con salarios dignos, de jubilaciones, de trabajo registrado, de industrializaci\u00f3n, \u00e9se es el proyecto que queremos que siga\u00bb.<\/p>\n<p>Con la voz quebrada durante varios tramos de su discurso transmitido por cadena nacional, la Presidenta manifest\u00f3: \u201cSigo so\u00f1ando con todos los argentinos construyendo sat\u00e9lites y con m\u00e1s trenes\u201d porque \u201chay derecho a ser feliz y quiero que todos los argentinos tengan el derecho a estar feliz y a seguir so\u00f1ando\u201d.<\/p>\n<p>Acompa\u00f1ada tambi\u00e9n por el ministro de Planificaci\u00f3n Julio de Vido, Cristina record\u00f3 varias medidas de gesti\u00f3n de N\u00e9stor Kirchner al frente de esa provincia o del municipio de R\u00edo Gallegos y reiter\u00f3: \u201cFuimos (a la Capital Federal) con la vocaci\u00f3n de cambiar la Argentina y lo hicimos, pero falta m\u00e1s\u201d.<\/p>\n<p>En referencia a la inauguraci\u00f3n de los talleres de la escuela t\u00e9cnica de El Calafate (que encabez\u00f3 por videoconferencia), la mandataria afirm\u00f3: \u00abLa recuperaci\u00f3n de las escuelas industriales ha sido una pol\u00edtica de Estado de nuestro Gobierno\u201d.<\/p>\n<p>Al respecto, record\u00f3 que el ex presidente Kirchner, como gobernador de Santa Cruz, \u201cmantuvo siempre abiertas las escuelas t\u00e9cnicas mientras que en todo el resto del pa\u00eds se cerraban\u201d.<br \/>\nAl referirse a c\u00f3mo continuar\u00e1 su vida una vez que concluya su mandato como presidenta, Cristina ironiz\u00f3: \u201cQuiero volver a hacer gimnasia como antes, porque cuando sos presidenta no tenes mucho tiempo\u201d.<\/p>\n<p>Tras finalizar su discurso que se extendi\u00f3 por casi media hora, la mandataria les dirigi\u00f3 un mensaje sobre las elecciones locales a los militantes que colmaron las inmediaciones de la UTN de R\u00edo Gallegos.<\/p>\n<p>All\u00ed, acompa\u00f1ada por la ministra de Desarrollo Alicia Kirchner, Cristina asegur\u00f3 que ahora surge \u00abuna oportunidad de llevar a la gobernaci\u00f3n a una mujer que conoce la provincia de Santa Cruz como pocos, cada paraje, cada lugar y desde muy joven, cuando abraz\u00f3 la vocaci\u00f3n del trabajo social\u00bb.<\/p>\n<p>Previo al acto principal, la Presidenta inaugur\u00f3 por videoconferencias un centro geol\u00f3gico, dos paso a nivel, la ampliaci\u00f3n de un centro de atenci\u00f3n animal y una escuela t\u00e9cnica, en distintos puntos del pa\u00eds.<\/p>\n<p>Desde R\u00edo Gallegos, Cristina Kirchner estableci\u00f3 comunicaci\u00f3n con La Plata para inaugurar el edificio del Centro de Investigaci\u00f3n Geol\u00f3gico, en donde los t\u00e9cnicos y profesionales investigar\u00e1n las zonas volc\u00e1nicas para detectar yacimientos de gas y petroleo y otras aplicaciones, seg\u00fan explic\u00f3 el ministro de Ciencia y Tecnolog\u00eda, Lino Bara\u00f1ao.<\/p>\n<p>La segunda videoconferencia fue en la misma ciudad, en R\u00edo Gallegos, con el ministro de Salud, Daniel Goll\u00e1n, con motivo de la ampliaci\u00f3n del Centro de Salud Animal \u201cClemente Onelli\u201d.<\/p>\n<p>En tanto, la tercera comunicaci\u00f3n fue con el partido de Mor\u00f3n, en Buenos Aires, con el ministro del Interior y Transporte, Florencio Randazzo, y el intendente local, Lucas Ghi, para la apertura de dos pasos bejo nivel de la calle French.<\/p>\n<p>La \u00faltima videoconferencia fue con la ciudad de El Calafate, en Santa Cruz, con el ministro de Educaci\u00f3n, Alberto Sileoni, con motivo de la inauguraci\u00f3n de la Escuela Industrial N\u00ba 9, ubicada en Jos\u00e9 Antonio Pant\u00edn N\u00b0 41.<br \/>\nnotas relacionadas<br \/>\nLa Presidenta inaugur\u00f3 un flamante Centro de Investigaciones Geol\u00f3gicas en La Plata<br \/>\nLa Presidenta inaugur\u00f3 edificios para ciencia, educaci\u00f3n y atenci\u00f3n de animales<\/p>\n","protected":false},"excerpt":{"rendered":"<p>La Presidenta encabez\u00f3 un acto en la ciudad de R\u00edo Gallegos y pidi\u00f3 a los dirigentes pol\u00edticos de todos los partidos que \u00abentiendan lo que es un proyecto de pa\u00eds, es una naci\u00f3n que incluya a los 40 millones de argentinos\u00bb.<\/p>\n","protected":false},"author":8,"featured_media":0,"comment_status":"open","ping_status":"open","sticky":false,"template":"","format":"standard","meta":{"_jetpack_newsletter_access":"","_jetpack_dont_email_post_to_subs":false,"_jetpack_newsletter_tier_id":0,"_jetpack_memberships_contains_paywalled_content":false,"_jetpack_memberships_contains_paid_content":false,"footnotes":""},"categories":[51],"tags":[],"class_list":["post-73045","post","type-post","status-publish","format-standard","hentry","category-politica"],"jetpack_shortlink":"https:\/\/wp.me\/p2JWE0-j09","jetpack-related-posts":[{"id":112640,"url":"http:\/\/www.24baires.com\/?p=112640","url_meta":{"origin":73045,"position":0},"title":"Kicillof asegur\u00f3 que \u00abfracas\u00f3 el neoliberalismo en la Argentina\u00bb","author":"AF","date":"24\/10\/2019","format":false,"excerpt":"El candidato a gobernador del Frente de Todos asegur\u00f3 que prim\u00f3 un objetivo colectivo por sobre otro individualista. En el cierre de campa\u00f1a del Frente de Todos, ante una rambla repleta en la ciudad de Mar del Plata, el candidato a gobernador bonaerense, Axel Kicillof, asegur\u00f3 que en la Argentina\u2026","rel":"","context":"En \u00abPol\u00edtica\u00bb","block_context":{"text":"Pol\u00edtica","link":"http:\/\/www.24baires.com\/?cat=51"},"img":{"alt_text":"","src":"https:\/\/i0.wp.com\/www.24baires.com\/wp-content\/uploads\/2019\/08\/kicillof-1.jpg?resize=350%2C200","width":350,"height":200,"srcset":"https:\/\/i0.wp.com\/www.24baires.com\/wp-content\/uploads\/2019\/08\/kicillof-1.jpg?resize=350%2C200 1x, https:\/\/i0.wp.com\/www.24baires.com\/wp-content\/uploads\/2019\/08\/kicillof-1.jpg?resize=525%2C300 1.5x"},"classes":[]},{"id":112630,"url":"http:\/\/www.24baires.com\/?p=112630","url_meta":{"origin":73045,"position":1},"title":"Alberto y Cristina cierran la campa\u00f1a en Mar del Plata","author":"GB","date":"24\/10\/2019","format":false,"excerpt":"El candidato a presidente por el Frente de Todos, Alberto Fern\u00e1ndez, y la candidata a vicepresidenta, Cristina Fern\u00e1ndez de Kirchner, estar\u00e1n este jueves a las 15 en Mar del Plata, en un escenario que se montar\u00e1 en la rambla. Ser\u00e1 el primer acto que compartir\u00e1n en conjunto en la ciudad,\u2026","rel":"","context":"En \u00abPol\u00edtica\u00bb","block_context":{"text":"Pol\u00edtica","link":"http:\/\/www.24baires.com\/?cat=51"},"img":{"alt_text":"","src":"https:\/\/i0.wp.com\/www.24baires.com\/wp-content\/uploads\/2019\/10\/alberto-y-cristina.jpg?resize=350%2C200","width":350,"height":200,"srcset":"https:\/\/i0.wp.com\/www.24baires.com\/wp-content\/uploads\/2019\/10\/alberto-y-cristina.jpg?resize=350%2C200 1x, https:\/\/i0.wp.com\/www.24baires.com\/wp-content\/uploads\/2019\/10\/alberto-y-cristina.jpg?resize=525%2C300 1.5x"},"classes":[]},{"id":112084,"url":"http:\/\/www.24baires.com\/?p=112084","url_meta":{"origin":73045,"position":2},"title":"\u00abEl pueblo argentino tiene que recuperar el derecho a ser feliz\u00bb","author":"AF","date":"15\/09\/2019","format":false,"excerpt":"\u201cHay alg\u00fan torcedor de Racing, del equipo de Kirchner\u201d, pregunta Lula apenas ingresa a la sala donde se realiz\u00f3 la entrevista. La amistad construida con los Kirchner siempre aparece en los encuentros con el ex presidente brasile\u00f1o. La afinidad entre presidentes fue un elemento que potenci\u00f3 la agenda de integraci\u00f3n.\u2026","rel":"","context":"En \u00abPol\u00edtica\u00bb","block_context":{"text":"Pol\u00edtica","link":"http:\/\/www.24baires.com\/?cat=51"},"img":{"alt_text":"","src":"https:\/\/i0.wp.com\/www.24baires.com\/wp-content\/uploads\/2018\/04\/lula-2.jpg?resize=350%2C200","width":350,"height":200,"srcset":"https:\/\/i0.wp.com\/www.24baires.com\/wp-content\/uploads\/2018\/04\/lula-2.jpg?resize=350%2C200 1x, https:\/\/i0.wp.com\/www.24baires.com\/wp-content\/uploads\/2018\/04\/lula-2.jpg?resize=525%2C300 1.5x"},"classes":[]},{"id":112620,"url":"http:\/\/www.24baires.com\/?p=112620","url_meta":{"origin":73045,"position":3},"title":"Kicillof cerr\u00f3 su campa\u00f1a en La Plata con Cristina: \u00abMacri y Vidal dejan tierra arrasada\u00bb","author":"AF","date":"23\/10\/2019","format":false,"excerpt":"El candidato a gobernador bonaerense asegur\u00f3 que Mar\u00eda Eugenia Vidal endeud\u00f3 la provincia en m\u00e1s de 12 mil millones de d\u00f3lares que vencen en los pr\u00f3ximos 4 a\u00f1os. Acompa\u00f1ado por Cristina Kirchner, Ver\u00f3nica Magario y Florencia Saintout, Axel Kicillof cerr\u00f3 este mi\u00e9rcoles su campa\u00f1a por la gobernaci\u00f3n bonaerense en la\u2026","rel":"","context":"En \u00abPol\u00edtica\u00bb","block_context":{"text":"Pol\u00edtica","link":"http:\/\/www.24baires.com\/?cat=51"},"img":{"alt_text":"","src":"https:\/\/i0.wp.com\/www.24baires.com\/wp-content\/uploads\/2019\/10\/kicillof-cristina.jpg?resize=350%2C200","width":350,"height":200,"srcset":"https:\/\/i0.wp.com\/www.24baires.com\/wp-content\/uploads\/2019\/10\/kicillof-cristina.jpg?resize=350%2C200 1x, https:\/\/i0.wp.com\/www.24baires.com\/wp-content\/uploads\/2019\/10\/kicillof-cristina.jpg?resize=525%2C300 1.5x"},"classes":[]},{"id":107751,"url":"http:\/\/www.24baires.com\/?p=107751","url_meta":{"origin":73045,"position":4},"title":"Para Grabois, CFK \u201cno tiene motivos ni derecho a renunciar\u201d a su candidatura","author":"GB","date":"22\/04\/2019","format":false,"excerpt":"El joven dirigente social dej\u00f3 en claro que el silencio de la expresidenta pone impaciente a su militancia. Argumentando sobre la responsabilidad hist\u00f3rica de Cristina, consider\u00f3 que \u201cya no hay tiempo\u201d para construir otros candidatos que puedan ganarle a Macri. A cuatro meses exactos de las PASO, ciertos sectores de\u2026","rel":"","context":"En \u00abPol\u00edtica\u00bb","block_context":{"text":"Pol\u00edtica","link":"http:\/\/www.24baires.com\/?cat=51"},"img":{"alt_text":"","src":"https:\/\/i0.wp.com\/www.24baires.com\/wp-content\/uploads\/2015\/10\/cfk-caleta.jpg?resize=350%2C200","width":350,"height":200,"srcset":"https:\/\/i0.wp.com\/www.24baires.com\/wp-content\/uploads\/2015\/10\/cfk-caleta.jpg?resize=350%2C200 1x, https:\/\/i0.wp.com\/www.24baires.com\/wp-content\/uploads\/2015\/10\/cfk-caleta.jpg?resize=525%2C300 1.5x"},"classes":[]},{"id":108392,"url":"http:\/\/www.24baires.com\/?p=108392","url_meta":{"origin":73045,"position":5},"title":"Alberto y Cristina Fern\u00e1ndez presentaron su candidatura en Merlo","author":"AF","date":"26\/05\/2019","format":false,"excerpt":"El precandidato a presidente se present\u00f3 con su candidata a vice, la ex mandataria Cristina Kirchner: \"Yo estuve en el laberinto de la crisis y se c\u00f3mo salir\", enfatiz\u00f3 Alberto. Alberto Fern\u00e1ndez present\u00f3 su f\u00f3rmula junto a Cristina Kirchner de cara a las elecciones presidenciales de octubre en la que\u2026","rel":"","context":"En \u00abPol\u00edtica\u00bb","block_context":{"text":"Pol\u00edtica","link":"http:\/\/www.24baires.com\/?cat=51"},"img":{"alt_text":"","src":"https:\/\/i0.wp.com\/www.24baires.com\/wp-content\/uploads\/2019\/05\/alberto-cristina-fernandez-merlo.jpg?resize=350%2C200","width":350,"height":200,"srcset":"https:\/\/i0.wp.com\/www.24baires.com\/wp-content\/uploads\/2019\/05\/alberto-cristina-fernandez-merlo.jpg?resize=350%2C200 1x, https:\/\/i0.wp.com\/www.24baires.com\/wp-content\/uploads\/2019\/05\/alberto-cristina-fernandez-merlo.jpg?resize=525%2C300 1.5x"},"classes":[]}],"jetpack_sharing_enabled":true,"jetpack_likes_enabled":true,"jetpack_featured_media_url":"","_links":{"self":[{"href":"http:\/\/www.24baires.com\/index.php?rest_route=\/wp\/v2\/posts\/73045","targetHints":{"allow":["GET"]}}],"collection":[{"href":"http:\/\/www.24baires.com\/index.php?rest_route=\/wp\/v2\/posts"}],"about":[{"href":"http:\/\/www.24baires.com\/index.php?rest_route=\/wp\/v2\/types\/post"}],"author":[{"embeddable":true,"href":"http:\/\/www.24baires.com\/index.php?rest_route=\/wp\/v2\/users\/8"}],"replies":[{"embeddable":true,"href":"http:\/\/www.24baires.com\/index.php?rest_route=%2Fwp%2Fv2%2Fcomments&post=73045"}],"version-history":[{"count":3,"href":"http:\/\/www.24baires.com\/index.php?rest_route=\/wp\/v2\/posts\/73045\/revisions"}],"predecessor-version":[{"id":73053,"href":"http:\/\/www.24baires.com\/index.php?rest_route=\/wp\/v2\/posts\/73045\/revisions\/73053"}],"wp:attachment":[{"href":"http:\/\/www.24baires.com\/index.php?rest_route=%2Fwp%2Fv2%2Fmedia&parent=73045"}],"wp:term":[{"taxonomy":"category","embeddable":true,"href":"http:\/\/www.24baires.com\/index.php?rest_route=%2Fwp%2Fv2%2Fcategories&post=73045"},{"taxonomy":"post_tag","embeddable":true,"href":"http:\/\/www.24baires.com\/index.php?rest_route=%2Fwp%2Fv2%2Ftags&post=73045"}],"curies":[{"name":"wp","href":"https:\/\/api.w.org\/{rel}","templated":true}]}}