{"id":73016,"date":"2015-10-02T12:30:19","date_gmt":"2015-10-02T15:30:19","guid":{"rendered":"http:\/\/www.24baires.com\/?p=73016"},"modified":"2015-10-02T12:19:53","modified_gmt":"2015-10-02T15:19:53","slug":"facundo-moyano-mi-limite-es-macri-y-el-frente-para-la-victoria","status":"publish","type":"post","link":"http:\/\/www.24baires.com\/?p=73016","title":{"rendered":"Facundo Moyano: \u00abMi l\u00edmite es Macri y el Frente para la Victoria\u00bb"},"content":{"rendered":"<p><img data-recalc-dims=\"1\" loading=\"lazy\" decoding=\"async\" class=\"aligncenter size-full wp-image-46193\" src=\"https:\/\/i0.wp.com\/www.24baires.com\/wp-content\/uploads\/2014\/05\/facundo-moyano.jpg?resize=560%2C315\" alt=\"facundo moyano\" width=\"560\" height=\"315\" srcset=\"https:\/\/i0.wp.com\/www.24baires.com\/wp-content\/uploads\/2014\/05\/facundo-moyano.jpg?w=560 560w, https:\/\/i0.wp.com\/www.24baires.com\/wp-content\/uploads\/2014\/05\/facundo-moyano.jpg?resize=300%2C168 300w\" sizes=\"auto, (max-width: 560px) 100vw, 560px\" \/>El candidato a primer diputado nacional del frente massista UNA, Facundo Moyano, ratific\u00f3 que sigue \u00abtrabajando\u00bb para que Sergio Massa ingrese al balotaje con Daniel Scioli y asegur\u00f3 que por ahora no regresar\u00e1 al Frente para la Victoria.<!--more--><\/p>\n<p>\u00abMi l\u00edmite es Macri y mi l\u00edmite es el Frente para la Victoria tambi\u00e9n\u00bb, afirm\u00f3 el l\u00edder del gremio de empleados de peajes. \u00abNo votar\u00eda a Macri en ninguna circunstancia porque tiene que ver con una forma de concebir la pol\u00edtica que no comparto\u00bb, agreg\u00f3 en declaraciones radiales.<\/p>\n<p>\u00abEstoy trabajando para que Sergio Massa se pueda meter en el balotaje y sea presidente de los argentinos\u00bb, enfatiz\u00f3 el hijo del cacique cegetista, Hugo Moyano.<\/p>\n<p>En ese marco, minimiz\u00f3 el encuentro que mantuvieron Macri y su padre, como representante de los trabajadores camioneros de la Ciudad de Buenos Aires. \u00abSu participaci\u00f3n en el acto con el jefe de Gobierno de la Ciudad tiene que ver con una cuesti\u00f3n gremial m\u00e1s all\u00e1 de la connotaci\u00f3n pol\u00edtica\u00bb, aclar\u00f3. \u00abNo significa darle de ninguna manera apoyo pol\u00edtico al espacio de Macri\u00bb, sostuvo.<\/p>\n<p>&nbsp;<\/p>\n<p>&nbsp;<\/p>\n<p>&nbsp;<\/p>\n<p>&nbsp;<\/p>\n<p>&nbsp;<\/p>\n<p>&nbsp;<\/p>\n<p>&nbsp;<\/p>\n<p>&nbsp;<\/p>\n<p>&nbsp;<\/p>\n<p>&nbsp;<\/p>\n<p>&nbsp;<\/p>\n<p>&nbsp;<\/p>\n<p>&nbsp;<\/p>\n<p>&nbsp;<\/p>\n<p>&nbsp;<\/p>\n","protected":false},"excerpt":{"rendered":"<p>El candidato a primer diputado nacional del frente massista UNA, Facundo Moyano, ratific\u00f3 que sigue \u00abtrabajando\u00bb para que Sergio Massa ingrese al balotaje con Daniel Scioli y asegur\u00f3 que por ahora no regresar\u00e1 al Frente para la Victoria.<\/p>\n","protected":false},"author":4,"featured_media":0,"comment_status":"open","ping_status":"open","sticky":false,"template":"","format":"standard","meta":{"_jetpack_newsletter_access":"","_jetpack_dont_email_post_to_subs":false,"_jetpack_newsletter_tier_id":0,"_jetpack_memberships_contains_paywalled_content":false,"_jetpack_memberships_contains_paid_content":false,"footnotes":""},"categories":[51],"tags":[],"class_list":["post-73016","post","type-post","status-publish","format-standard","hentry","category-politica"],"jetpack_shortlink":"https:\/\/wp.me\/p2JWE0-iZG","jetpack-related-posts":[{"id":105050,"url":"http:\/\/www.24baires.com\/?p=105050","url_meta":{"origin":73016,"position":0},"title":"Sol\u00e1, Moyano y Arroyo se fueron del Frente Renovador de Massa","author":"AF","date":"22\/10\/2018","format":false,"excerpt":"Cinco diputados, entre ellos Felipe Sol\u00e1 y Facundo Moyano, dejaron el bloque del Frente Renovador de Sergio Massa y conformaron una bancada propia llamada Red Por Argentina con el Movimiento Evita y Victoria Donda. \"Queremos juntar a la oposici\u00f3n, porque separados no alcanza ni en el Congreso ni en las\u2026","rel":"","context":"En \u00abPol\u00edtica\u00bb","block_context":{"text":"Pol\u00edtica","link":"http:\/\/www.24baires.com\/?cat=51"},"img":{"alt_text":"","src":"https:\/\/i0.wp.com\/www.24baires.com\/wp-content\/uploads\/2016\/09\/s-massa.jpg?resize=350%2C200","width":350,"height":200,"srcset":"https:\/\/i0.wp.com\/www.24baires.com\/wp-content\/uploads\/2016\/09\/s-massa.jpg?resize=350%2C200 1x, https:\/\/i0.wp.com\/www.24baires.com\/wp-content\/uploads\/2016\/09\/s-massa.jpg?resize=525%2C300 1.5x"},"classes":[]},{"id":105173,"url":"http:\/\/www.24baires.com\/?p=105173","url_meta":{"origin":73016,"position":1},"title":"\u00abSer\u00eda aberrante formar un frente opositor sin el kirchnerismo\u00bb","author":"GB","date":"30\/10\/2018","format":false,"excerpt":"El intendente de Tigre afirm\u00f3 que CFK y Massa tienen \"ideas en com\u00fan\" y pidi\u00f3 que confluyan en un mismo frente. Larroque le abri\u00f3 las puertas al exdiputado y dijo que \"el \u00fanico l\u00edmite es Macri\". El intendente de Tigre, Julio Zamora, opin\u00f3 que ser\u00eda \"aberrante\" excluir al kirchnerismo del\u2026","rel":"","context":"En \u00abPol\u00edtica\u00bb","block_context":{"text":"Pol\u00edtica","link":"http:\/\/www.24baires.com\/?cat=51"},"img":{"alt_text":"","src":"https:\/\/i0.wp.com\/www.24baires.com\/wp-content\/uploads\/2018\/10\/massa-zamora.jpg?resize=350%2C200","width":350,"height":200,"srcset":"https:\/\/i0.wp.com\/www.24baires.com\/wp-content\/uploads\/2018\/10\/massa-zamora.jpg?resize=350%2C200 1x, https:\/\/i0.wp.com\/www.24baires.com\/wp-content\/uploads\/2018\/10\/massa-zamora.jpg?resize=525%2C300 1.5x"},"classes":[]},{"id":37428,"url":"http:\/\/www.24baires.com\/?p=37428","url_meta":{"origin":73016,"position":2},"title":"Massa, soldado de Facundo","author":"Grupo Sierra","date":"26\/12\/2013","format":false,"excerpt":"Las \u00faltimas elecciones legislativas marcaron algunos caminos que con el paso de las semanas se hicieron calles, y con el transcurso de los meses se volvieron amplias avenidas donde ahora circulan dirigentes\u00a0 pol\u00edticos, para un lado y para el otro. En el caso de la m\u00e1s reciente conglomeraci\u00f3n que ya\u2026","rel":"","context":"En \u00abOpini\u00f3n\u00bb","block_context":{"text":"Opini\u00f3n","link":"http:\/\/www.24baires.com\/?cat=64"},"img":{"alt_text":"","src":"https:\/\/i0.wp.com\/www.24baires.com\/wp-content\/uploads\/2013\/12\/massa-moyano.jpg?resize=350%2C200","width":350,"height":200,"srcset":"https:\/\/i0.wp.com\/www.24baires.com\/wp-content\/uploads\/2013\/12\/massa-moyano.jpg?resize=350%2C200 1x, https:\/\/i0.wp.com\/www.24baires.com\/wp-content\/uploads\/2013\/12\/massa-moyano.jpg?resize=525%2C300 1.5x"},"classes":[]},{"id":60292,"url":"http:\/\/www.24baires.com\/?p=60292","url_meta":{"origin":73016,"position":3},"title":"Massa, Moyano, Ritondo y una foto de cara a las elecciones","author":"Grupo Sierra","date":"18\/01\/2015","format":false,"excerpt":"El dirigente sindical Facundo Moyano public\u00f3 en su cuenta de Twitter una sugerente foto en la que se lo ve comiendo un asado junto al precandidato a Presidente del Frente Renovador, Sergio Massa, y al legislador del PRO, Cristian Ritondo. La imagen llega en medio de especulaciones sobre el armado\u2026","rel":"","context":"En \u00abPol\u00edtica\u00bb","block_context":{"text":"Pol\u00edtica","link":"http:\/\/www.24baires.com\/?cat=51"},"img":{"alt_text":"","src":"https:\/\/i0.wp.com\/www.24baires.com\/wp-content\/uploads\/2015\/01\/massa-moyano.jpg?resize=350%2C200","width":350,"height":200,"srcset":"https:\/\/i0.wp.com\/www.24baires.com\/wp-content\/uploads\/2015\/01\/massa-moyano.jpg?resize=350%2C200 1x, https:\/\/i0.wp.com\/www.24baires.com\/wp-content\/uploads\/2015\/01\/massa-moyano.jpg?resize=525%2C300 1.5x"},"classes":[]},{"id":58606,"url":"http:\/\/www.24baires.com\/?p=58606","url_meta":{"origin":73016,"position":4},"title":"Moyano y Massa, m\u00e1s unidos que nunca","author":"AF","date":"14\/12\/2014","format":false,"excerpt":"El dirigente del sindicato de camioneros, Hugo Moyano, particip\u00f3 del festejo de fin de a\u00f1o del Sindicato de Trabajadores de Peajes, que conduce su hijo Facundo, donde confluy\u00f3 con Sergio Massa, a quien describi\u00f3 como \u201cuna promesa pol\u00edtica\u201d. El l\u00edder de los camioneros y el dirigente del Frente Renovador se\u2026","rel":"","context":"En \u00abPol\u00edtica\u00bb","block_context":{"text":"Pol\u00edtica","link":"http:\/\/www.24baires.com\/?cat=51"},"img":{"alt_text":"","src":"https:\/\/i0.wp.com\/www.24baires.com\/wp-content\/uploads\/2014\/12\/moyano-massa.jpg?resize=350%2C200","width":350,"height":200,"srcset":"https:\/\/i0.wp.com\/www.24baires.com\/wp-content\/uploads\/2014\/12\/moyano-massa.jpg?resize=350%2C200 1x, https:\/\/i0.wp.com\/www.24baires.com\/wp-content\/uploads\/2014\/12\/moyano-massa.jpg?resize=525%2C300 1.5x"},"classes":[]},{"id":30983,"url":"http:\/\/www.24baires.com\/?p=30983","url_meta":{"origin":73016,"position":5},"title":"Moyano: \u00abnunca estuve peleado con Massa. Ma\u00f1ana puede ser que estemos trabajando juntos\u00bb","author":"AF","date":"29\/08\/2013","format":false,"excerpt":"El l\u00edder camionero y secretario general de la CGT opositora, Hugo Moyano, aliado del diputado Francisco de Narv\u00e1ez en el Frente Uni\u00f3n por Libertad y Trabajo para las pr\u00f3ximas elecciones legislativas, dijo hoy que \"nunca\" estuvo peleado son Sergio Massa, primer candidato a diputado del Frente Renovador en la provincia\u2026","rel":"","context":"En \u00abPol\u00edtica\u00bb","block_context":{"text":"Pol\u00edtica","link":"http:\/\/www.24baires.com\/?cat=51"},"img":{"alt_text":"","src":"https:\/\/i0.wp.com\/www.24baires.com\/wp-content\/uploads\/2013\/08\/moyano-massa.jpg?resize=350%2C200","width":350,"height":200,"srcset":"https:\/\/i0.wp.com\/www.24baires.com\/wp-content\/uploads\/2013\/08\/moyano-massa.jpg?resize=350%2C200 1x, https:\/\/i0.wp.com\/www.24baires.com\/wp-content\/uploads\/2013\/08\/moyano-massa.jpg?resize=525%2C300 1.5x"},"classes":[]}],"jetpack_sharing_enabled":true,"jetpack_likes_enabled":true,"jetpack_featured_media_url":"","_links":{"self":[{"href":"http:\/\/www.24baires.com\/index.php?rest_route=\/wp\/v2\/posts\/73016","targetHints":{"allow":["GET"]}}],"collection":[{"href":"http:\/\/www.24baires.com\/index.php?rest_route=\/wp\/v2\/posts"}],"about":[{"href":"http:\/\/www.24baires.com\/index.php?rest_route=\/wp\/v2\/types\/post"}],"author":[{"embeddable":true,"href":"http:\/\/www.24baires.com\/index.php?rest_route=\/wp\/v2\/users\/4"}],"replies":[{"embeddable":true,"href":"http:\/\/www.24baires.com\/index.php?rest_route=%2Fwp%2Fv2%2Fcomments&post=73016"}],"version-history":[{"count":1,"href":"http:\/\/www.24baires.com\/index.php?rest_route=\/wp\/v2\/posts\/73016\/revisions"}],"predecessor-version":[{"id":73017,"href":"http:\/\/www.24baires.com\/index.php?rest_route=\/wp\/v2\/posts\/73016\/revisions\/73017"}],"wp:attachment":[{"href":"http:\/\/www.24baires.com\/index.php?rest_route=%2Fwp%2Fv2%2Fmedia&parent=73016"}],"wp:term":[{"taxonomy":"category","embeddable":true,"href":"http:\/\/www.24baires.com\/index.php?rest_route=%2Fwp%2Fv2%2Fcategories&post=73016"},{"taxonomy":"post_tag","embeddable":true,"href":"http:\/\/www.24baires.com\/index.php?rest_route=%2Fwp%2Fv2%2Ftags&post=73016"}],"curies":[{"name":"wp","href":"https:\/\/api.w.org\/{rel}","templated":true}]}}