{"id":72961,"date":"2015-10-01T15:01:52","date_gmt":"2015-10-01T18:01:52","guid":{"rendered":"http:\/\/www.24baires.com\/?p=72961"},"modified":"2015-10-01T15:02:48","modified_gmt":"2015-10-01T18:02:48","slug":"el-pro-dice-que-massa-miente-usa-a-las-victimas-de-la-inseguridad","status":"publish","type":"post","link":"http:\/\/www.24baires.com\/?p=72961","title":{"rendered":"El PRO dice que \u00abMassa miente, usa a las v\u00edctimas de la inseguridad\u00bb"},"content":{"rendered":"<p>El ministro de Seguridad de la ciudad, Guillermo Montenegro, sali\u00f3 al cruce por los dichos de Sergio Massa que habl\u00f3 de la inseguridad en suelo porte\u00f1o. Fuerte cruce verbal.<!--more--><\/p>\n<p>\u00abEn la Ciudad de Buenos Aires, el a\u00f1o pasado aument\u00f3 un 16 por ciento el homicidio en ocasi\u00f3n de robo con relaci\u00f3n al promedio. Este a\u00f1o est\u00e1 por debajo\u00bb, indic\u00f3 el ministro de Seguridad porte\u00f1o, Guillermo Montenegro, y desminti\u00f3 que el delito haya aumentado en un 70 por ciento como lleg\u00f3 a decir Sergio Massa en las \u00faltimas horas.<\/p>\n<p>\u00abLos n\u00fameros que arroja Massa no coinciden con la realidad\u00bb, agreg\u00f3 el macrista, que fue precandidato a Intendente de San Isidro y perdi\u00f3 la interna en las primarias.<\/p>\n<p>\u00abNo se debe usar a las v\u00edctimas de la inseguridad para hacer campa\u00f1a y menos mintiendo. Massa no conoce la ciudad\u00bb, insisti\u00f3.<\/p>\n<p>Y diferenci\u00f3: \u00abLa decisi\u00f3n m\u00e1s importante de Massa fue aumentar el n\u00famero de c\u00e1maras en Tigre, que est\u00e1 bien, mientras que la de Mauricio fue poner en marcha un plan integral de seguridad y crear despu\u00e9s de 100 a\u00f1os una Polic\u00eda, como la Metropolitana que hoy tiene presencia activa en 14 barrios de la Ciudad de Buenos Aires\u00bb.<\/p>\n<p>&nbsp;<\/p>\n<p>&nbsp;<\/p>\n<p>&nbsp;<\/p>\n<p>&nbsp;<\/p>\n<p>&nbsp;<\/p>\n<p>&nbsp;<\/p>\n<p>&nbsp;<\/p>\n<p>&nbsp;<\/p>\n<p>&nbsp;<\/p>\n<p>&nbsp;<\/p>\n<p>&nbsp;<\/p>\n<p>&nbsp;<\/p>\n<p>&nbsp;<\/p>\n<p>&nbsp;<\/p>\n<p>&nbsp;<\/p>\n<p>&nbsp;<\/p>\n","protected":false},"excerpt":{"rendered":"<p>El ministro de Seguridad de la ciudad, Guillermo Montenegro, sali\u00f3 al cruce por los dichos de Sergio Massa que habl\u00f3 de la inseguridad en suelo porte\u00f1o. Fuerte cruce verbal.<\/p>\n","protected":false},"author":8,"featured_media":0,"comment_status":"open","ping_status":"open","sticky":false,"template":"","format":"standard","meta":{"_jetpack_newsletter_access":"","_jetpack_dont_email_post_to_subs":false,"_jetpack_newsletter_tier_id":0,"_jetpack_memberships_contains_paywalled_content":false,"_jetpack_memberships_contains_paid_content":false,"footnotes":""},"categories":[51],"tags":[],"class_list":["post-72961","post","type-post","status-publish","format-standard","hentry","category-politica"],"jetpack_shortlink":"https:\/\/wp.me\/p2JWE0-iYN","jetpack-related-posts":[{"id":47857,"url":"http:\/\/www.24baires.com\/?p=47857","url_meta":{"origin":72961,"position":0},"title":"Seg\u00fan Massa, el problema de la inseguridad \u00abse resuelve con el traspaso de la Federal \u00bb","author":"Grupo Sierra","date":"11\/06\/2014","format":false,"excerpt":"El diputado nacional por el Frente Renovador Sergio Massa consider\u00f3 que el traspaso de la Polic\u00eda Federal y los recursos necesarios desde el Gobierno Nacional al \u00e1mbito de la Ciudad Aut\u00f3noma de Buenos Aires, contribuir\u00eda a resolver el tema de la inseguridad. \"El concederle a la ciudad de Buenos Aires\u2026","rel":"","context":"En \u00abPol\u00edtica\u00bb","block_context":{"text":"Pol\u00edtica","link":"http:\/\/www.24baires.com\/?cat=51"},"img":{"alt_text":"massa robo","src":"https:\/\/i0.wp.com\/www.24baires.com\/wp-content\/uploads\/2013\/08\/massa-robo.jpg?resize=350%2C200","width":350,"height":200,"srcset":"https:\/\/i0.wp.com\/www.24baires.com\/wp-content\/uploads\/2013\/08\/massa-robo.jpg?resize=350%2C200 1x, https:\/\/i0.wp.com\/www.24baires.com\/wp-content\/uploads\/2013\/08\/massa-robo.jpg?resize=525%2C300 1.5x"},"classes":[]},{"id":88987,"url":"http:\/\/www.24baires.com\/?p=88987","url_meta":{"origin":72961,"position":1},"title":"Massa propone limitar las excarcelaciones para \u00abterminar con la puerta giratoria\u00bb","author":"GB","date":"21\/10\/2016","format":false,"excerpt":"El diputado nacional del Frente Renovador Sergio Massa propuso hoy un paquete de leyes para combatir la inseguridad entre las que se encuentra limitar las excarcelaciones para \"terminar con la puerta giratoria\". El l\u00edder del Frente Renovador explic\u00f3 los proyectos de ley presentados por su espacio, que incluye Ley de\u2026","rel":"","context":"En \u00abPol\u00edtica\u00bb","block_context":{"text":"Pol\u00edtica","link":"http:\/\/www.24baires.com\/?cat=51"},"img":{"alt_text":"s massa","src":"https:\/\/i0.wp.com\/www.24baires.com\/wp-content\/uploads\/2016\/09\/s-massa.jpg?resize=350%2C200","width":350,"height":200,"srcset":"https:\/\/i0.wp.com\/www.24baires.com\/wp-content\/uploads\/2016\/09\/s-massa.jpg?resize=350%2C200 1x, https:\/\/i0.wp.com\/www.24baires.com\/wp-content\/uploads\/2016\/09\/s-massa.jpg?resize=525%2C300 1.5x"},"classes":[]},{"id":51448,"url":"http:\/\/www.24baires.com\/?p=51448","url_meta":{"origin":72961,"position":2},"title":"Seg\u00fan Massa, \u00abhay verso con lo de los fondos buitre\u00bb","author":"Grupo Sierra","date":"08\/08\/2014","format":false,"excerpt":"El titular del Frente Renovador relativiz\u00f3 el conflicto que mantiene el Gobierno nacional y los intereses extranjeros por el tema de los bonos. El diputado nacional y l\u00edder del Frente Renovador, Sergio Massa, encabez\u00f3 un encuentro con jubilados en la ciudad bonaerense de Magdalena. En el Centro Recreativo Integral Magdalena,\u2026","rel":"","context":"En \u00abPol\u00edtica\u00bb","block_context":{"text":"Pol\u00edtica","link":"http:\/\/www.24baires.com\/?cat=51"},"img":{"alt_text":"massadrogano","src":"https:\/\/i0.wp.com\/www.24baires.com\/wp-content\/uploads\/2012\/10\/massadrogano-300x200.jpg?resize=350%2C200","width":350,"height":200},"classes":[]},{"id":95624,"url":"http:\/\/www.24baires.com\/?p=95624","url_meta":{"origin":72961,"position":3},"title":"Massa dijo que \u00ab1Pa\u00eds\u00bb es una alternativa que va a representar a la clase media","author":"GB","date":"03\/07\/2017","format":false,"excerpt":"Durante su visita a Mar del Plata, el precandidato a senador nacional carg\u00f3 contra la \"corrupci\u00f3n\" kirchnerista y el \"ajuste\" macrista y afirm\u00f3 que su espacio \"va a representar a los trabajadores, a las PyMEs y a los jubilados\". El precandidato a senador nacional por \"1Pa\u00eds\", Sergio Massa, recorri\u00f3 la\u2026","rel":"","context":"En \u00abPol\u00edtica\u00bb","block_context":{"text":"Pol\u00edtica","link":"http:\/\/www.24baires.com\/?cat=51"},"img":{"alt_text":"","src":"https:\/\/i0.wp.com\/www.24baires.com\/wp-content\/uploads\/2017\/07\/massa-esolbizer.jpg?resize=350%2C200","width":350,"height":200,"srcset":"https:\/\/i0.wp.com\/www.24baires.com\/wp-content\/uploads\/2017\/07\/massa-esolbizer.jpg?resize=350%2C200 1x, https:\/\/i0.wp.com\/www.24baires.com\/wp-content\/uploads\/2017\/07\/massa-esolbizer.jpg?resize=525%2C300 1.5x"},"classes":[]},{"id":120370,"url":"http:\/\/www.24baires.com\/?p=120370","url_meta":{"origin":72961,"position":4},"title":"Vot\u00f3 Massa: \u00abes importante que cada argentino salga de su casa y pueda ir a votar\u00bb","author":"GB","date":"13\/08\/2023","format":false,"excerpt":"ELECCIONES 2023- El precandidato presidencial de Uni\u00f3n por la Patria, Sergio Massa, vot\u00f3 hace instantes en una escuela de Tigre. Cerca de las 8.40 de la ma\u00f1ana emiti\u00f3 su voto el precandidato a presidente de Uni\u00f3n por la Patria, Sergio Massa, en una escuela de Tigre. El actual ministro de\u2026","rel":"","context":"En \u00abElecciones\u00bb","block_context":{"text":"Elecciones","link":"http:\/\/www.24baires.com\/?cat=316"},"img":{"alt_text":"","src":"https:\/\/i0.wp.com\/www.24baires.com\/wp-content\/uploads\/2023\/08\/voto-massa.webp?resize=350%2C200","width":350,"height":200,"srcset":"https:\/\/i0.wp.com\/www.24baires.com\/wp-content\/uploads\/2023\/08\/voto-massa.webp?resize=350%2C200 1x, https:\/\/i0.wp.com\/www.24baires.com\/wp-content\/uploads\/2023\/08\/voto-massa.webp?resize=525%2C300 1.5x, https:\/\/i0.wp.com\/www.24baires.com\/wp-content\/uploads\/2023\/08\/voto-massa.webp?resize=700%2C400 2x"},"classes":[]},{"id":120241,"url":"http:\/\/www.24baires.com\/?p=120241","url_meta":{"origin":72961,"position":5},"title":"Massa encabeza reuni\u00f3n del Mercosur con eje en el uso de monedas locales","author":"AF","date":"03\/07\/2023","format":false,"excerpt":"El titular del Palacio de Hacienda, Sergio Massa, encabez\u00f3 esta tarde la reuni\u00f3n de ministros de Econom\u00eda y presidentes de Bancos Centrales de los pa\u00edses del Mercosur, en un encuentro que tiene como eje central coordinar el uso de monedas locales en el comercio del bloque. La reuni\u00f3n de las\u2026","rel":"","context":"En \u00abPol\u00edtica\u00bb","block_context":{"text":"Pol\u00edtica","link":"http:\/\/www.24baires.com\/?cat=51"},"img":{"alt_text":"","src":"https:\/\/i0.wp.com\/www.24baires.com\/wp-content\/uploads\/2023\/07\/WhatsApp-Image-2023-07-03-at-19.18.07.jpeg?resize=350%2C200","width":350,"height":200,"srcset":"https:\/\/i0.wp.com\/www.24baires.com\/wp-content\/uploads\/2023\/07\/WhatsApp-Image-2023-07-03-at-19.18.07.jpeg?resize=350%2C200 1x, https:\/\/i0.wp.com\/www.24baires.com\/wp-content\/uploads\/2023\/07\/WhatsApp-Image-2023-07-03-at-19.18.07.jpeg?resize=525%2C300 1.5x, https:\/\/i0.wp.com\/www.24baires.com\/wp-content\/uploads\/2023\/07\/WhatsApp-Image-2023-07-03-at-19.18.07.jpeg?resize=700%2C400 2x"},"classes":[]}],"jetpack_sharing_enabled":true,"jetpack_likes_enabled":true,"jetpack_featured_media_url":"","_links":{"self":[{"href":"http:\/\/www.24baires.com\/index.php?rest_route=\/wp\/v2\/posts\/72961","targetHints":{"allow":["GET"]}}],"collection":[{"href":"http:\/\/www.24baires.com\/index.php?rest_route=\/wp\/v2\/posts"}],"about":[{"href":"http:\/\/www.24baires.com\/index.php?rest_route=\/wp\/v2\/types\/post"}],"author":[{"embeddable":true,"href":"http:\/\/www.24baires.com\/index.php?rest_route=\/wp\/v2\/users\/8"}],"replies":[{"embeddable":true,"href":"http:\/\/www.24baires.com\/index.php?rest_route=%2Fwp%2Fv2%2Fcomments&post=72961"}],"version-history":[{"count":2,"href":"http:\/\/www.24baires.com\/index.php?rest_route=\/wp\/v2\/posts\/72961\/revisions"}],"predecessor-version":[{"id":72965,"href":"http:\/\/www.24baires.com\/index.php?rest_route=\/wp\/v2\/posts\/72961\/revisions\/72965"}],"wp:attachment":[{"href":"http:\/\/www.24baires.com\/index.php?rest_route=%2Fwp%2Fv2%2Fmedia&parent=72961"}],"wp:term":[{"taxonomy":"category","embeddable":true,"href":"http:\/\/www.24baires.com\/index.php?rest_route=%2Fwp%2Fv2%2Fcategories&post=72961"},{"taxonomy":"post_tag","embeddable":true,"href":"http:\/\/www.24baires.com\/index.php?rest_route=%2Fwp%2Fv2%2Ftags&post=72961"}],"curies":[{"name":"wp","href":"https:\/\/api.w.org\/{rel}","templated":true}]}}