{"id":72956,"date":"2015-10-01T14:00:44","date_gmt":"2015-10-01T17:00:44","guid":{"rendered":"http:\/\/www.24baires.com\/?p=72956"},"modified":"2015-10-01T13:04:26","modified_gmt":"2015-10-01T16:04:26","slug":"causa-amia-todos-fuimos-titeres-de-un-gobierno-corrupto-y-de-una-mierda-de-side","status":"publish","type":"post","link":"http:\/\/www.24baires.com\/?p=72956","title":{"rendered":"Causa AMIA: \u00abTodos fuimos t\u00edteres de un gobierno corrupto y de una mierda de SIDE\u00bb"},"content":{"rendered":"<p><img data-recalc-dims=\"1\" loading=\"lazy\" decoding=\"async\" class=\"aligncenter size-full wp-image-46084\" src=\"https:\/\/i0.wp.com\/www.24baires.com\/wp-content\/uploads\/2014\/05\/Atentado_AMIA.jpg?resize=560%2C373\" alt=\"Atentado_AMIA\" width=\"560\" height=\"373\" srcset=\"https:\/\/i0.wp.com\/www.24baires.com\/wp-content\/uploads\/2014\/05\/Atentado_AMIA.jpg?w=560 560w, https:\/\/i0.wp.com\/www.24baires.com\/wp-content\/uploads\/2014\/05\/Atentado_AMIA.jpg?resize=300%2C199 300w\" sizes=\"auto, (max-width: 560px) 100vw, 560px\" \/>Ana Boragni, ex mujer del acusado por el atentado a la AMIA Carlos Telleld\u00edn se refiri\u00f3 d esta manera al prestar declaraci\u00f3n indagatoria en el juicio por el encubrimiento del ataque terrorista y denunciar que era amenazada para no contar la verdad.<!--more--><\/p>\n<p>\u00abTodos fuimos t\u00edteres de un gobierno corrupto y de una mierda de SIDE\u00bb, declar\u00f3 Boragni ante el Tribunal Oral Federal 2 en una nueva audiencia del juicio en los tribunales federales de Retiro.<\/p>\n<p>Poco antes el ex abogado de Telleld\u00edn, Victor Stinfale, se neg\u00f3 a prestar declaraci\u00f3n indagatoria en el proceso donde se los juzga junto al ex juez Juan Jos\u00e9 Galeano, al ex titular de la SIDE Hugo Anzorreguy y al ex presidente de la DAIA Rub\u00e9n Beraja por encubrimiento y otros delitos.<\/p>\n<p>\u00abAs\u00ed estuve todo ese tiempo, as\u00ed llegu\u00e9 al juicio oral, viviendo una pesadilla\u00bb, refiri\u00f3 Boragni al detallar amenazas y advertencias que sufri\u00f3, seg\u00fan ella, para nunca revelar el pago de 400.000 d\u00f3lares hecho con fondos de la SIDE a Telleld\u00edn y que ella cobr\u00f3 junto con Stinfale.<\/p>\n<p>Incluso refiri\u00f3 que un desconocido ingres\u00f3 al despacho de un juez del Tribunal Oral Federal 3 donde ella esperaba para declarar como testigo en el juicio por el atentado y le record\u00f3 que deb\u00eda \u00abmantener la l\u00ednea\u00bb sobre lo ocurrido.<\/p>\n<p>\u00abYa sab\u00e9s lo que ten\u00e9s que hacer, tus hijos est\u00e1n en tu casa. As\u00ed baj\u00e9 a declarar ese d\u00eda, con ganas de patear el tablero, pero aparec\u00edan en esa \u00e9poca un ahorcado con un papelito en la boca en Ciudad Universitaria y cosas como esa\u00bb, agreg\u00f3 muy conmovida entre sollozos.<\/p>\n<p>Y asegur\u00f3 que ella \u00absimplemente bajaba la cabeza, pon\u00eda la cara mejor de tarada que encontraba y segu\u00eda para adelante. Yo ten\u00eda que estar para mis hijos, ten\u00eda que seguir viva, hice lo mejor que pude, lo mejor que me sali\u00f3 y la pague\u00bb.<\/p>\n<p>Borgani se refiri\u00f3 a la enfermedad que padece actualmente, c\u00e1ncer de \u00fatero, al se\u00f1alar: \u00abYa no importa nada, todo lo que me hicieron sufrir desemboc\u00f3 en una enfermedad de mierda que me est\u00e1 matando, ya no me afecta ni lo que me digan ni lo que me pregunte, eso es todo lo que tengo que decir\u00bb, expres\u00f3.<\/p>\n<p>Boragni est\u00e1 procesada por el delito de peculado, a ra\u00edz de haber sido parte del entramado del pago ilegal a su entonces pareja detenida en la c\u00e1rcel de Devoto por orden de Galeano y procesado como part\u00edcipe necesario del ataque del 18 de julio de 1994.<\/p>\n","protected":false},"excerpt":{"rendered":"<p>Ana Boragni, ex mujer del acusado por el atentado a la AMIA Carlos Telleld\u00edn se refiri\u00f3 d esta manera al prestar declaraci\u00f3n indagatoria en el juicio por el encubrimiento del ataque terrorista y denunciar que era amenazada para no contar la verdad.<\/p>\n","protected":false},"author":8,"featured_media":0,"comment_status":"open","ping_status":"open","sticky":false,"template":"","format":"standard","meta":{"_jetpack_newsletter_access":"","_jetpack_dont_email_post_to_subs":false,"_jetpack_newsletter_tier_id":0,"_jetpack_memberships_contains_paywalled_content":false,"_jetpack_memberships_contains_paid_content":false,"footnotes":""},"categories":[51],"tags":[],"class_list":["post-72956","post","type-post","status-publish","format-standard","hentry","category-politica"],"jetpack_shortlink":"https:\/\/wp.me\/p2JWE0-iYI","jetpack-related-posts":[{"id":107035,"url":"http:\/\/www.24baires.com\/?p=107035","url_meta":{"origin":72956,"position":0},"title":"Absolvieron a Menem por el juicio por encubrimiento del atentado a la AMIA","author":"AF","date":"28\/02\/2019","format":false,"excerpt":"El ex presidente y actual senador fue absuelto en la causa por encubrimiento del atentado contra la AMIA. Este juicio oral se desarroll\u00f3 durante a\u00f1os ante la indiferencia casi total de los grande medios. El gobierno intent\u00f3 salvar a muchos de los imputados. El ex presidente y actual senador Carlos\u2026","rel":"","context":"En \u00abJUDICIALES\u00bb","block_context":{"text":"JUDICIALES","link":"http:\/\/www.24baires.com\/?cat=68"},"img":{"alt_text":"","src":"https:\/\/i0.wp.com\/www.24baires.com\/wp-content\/uploads\/2016\/05\/menem-c.jpg?resize=350%2C200","width":350,"height":200,"srcset":"https:\/\/i0.wp.com\/www.24baires.com\/wp-content\/uploads\/2016\/05\/menem-c.jpg?resize=350%2C200 1x, https:\/\/i0.wp.com\/www.24baires.com\/wp-content\/uploads\/2016\/05\/menem-c.jpg?resize=525%2C300 1.5x"},"classes":[]},{"id":69955,"url":"http:\/\/www.24baires.com\/?p=69955","url_meta":{"origin":72956,"position":1},"title":"El jueves comenzar\u00e1 el juicio por encubrimiento de la causa Amia","author":"AF","date":"03\/08\/2015","format":false,"excerpt":"Ser\u00e1n juzgados el ex presidente Carlos Menem; el ex tituar de la SIDE, Hugo Anzorregui; el ex Juez Juan Jos\u00e9 Galeano; el ex titular de la DAIA, Rub\u00e9n Beraja y el ex comisario Jorge \"Fino\" Palacios, entre otros. El pr\u00f3ximo jueves comenzar\u00e1 el juicio oral por graves delitos cometidos durante\u2026","rel":"","context":"En \u00abJUDICIALES\u00bb","block_context":{"text":"JUDICIALES","link":"http:\/\/www.24baires.com\/?cat=68"},"img":{"alt_text":"","src":"","width":0,"height":0},"classes":[]},{"id":73977,"url":"http:\/\/www.24baires.com\/?p=73977","url_meta":{"origin":72956,"position":2},"title":"AMIA: Ex titular de SIDE se neg\u00f3 a declarar en el juicio por encubrimiento","author":"GB","date":"22\/10\/2015","format":false,"excerpt":"Hugo Anzorreguy ejerci\u00f3 su derecho de permanecer callado por recomendaci\u00f3n de su m\u00e9dico. Est\u00e1 acusado de desviar la investigaci\u00f3n que segu\u00eda la pista seria en el atentado a la mutual jud\u00eda. El ex titular de la SIDE durante el menemismo Hugo Anzorreguy se neg\u00f3 este jueves a declarar en el\u2026","rel":"","context":"En \u00abPol\u00edtica\u00bb","block_context":{"text":"Pol\u00edtica","link":"http:\/\/www.24baires.com\/?cat=51"},"img":{"alt_text":"Atentado_AMIA","src":"https:\/\/i0.wp.com\/www.24baires.com\/wp-content\/uploads\/2014\/05\/Atentado_AMIA.jpg?resize=350%2C200","width":350,"height":200,"srcset":"https:\/\/i0.wp.com\/www.24baires.com\/wp-content\/uploads\/2014\/05\/Atentado_AMIA.jpg?resize=350%2C200 1x, https:\/\/i0.wp.com\/www.24baires.com\/wp-content\/uploads\/2014\/05\/Atentado_AMIA.jpg?resize=525%2C300 1.5x"},"classes":[]},{"id":64709,"url":"http:\/\/www.24baires.com\/?p=64709","url_meta":{"origin":72956,"position":3},"title":"Menem se notific\u00f3 en persona en el juicio por encubrimiento de la AMIA","author":"AF","date":"22\/04\/2015","format":false,"excerpt":"El actual senador Carlos Menem tuvo que concurrir en persona al sexto piso de los tribunales federales de Retiro, junto a sus abogados Omar Daer y Pedro Baldi, para quedar notificado del juicio oral en la causa donde qued\u00f3 procesado por encubrimiento. El ex presidente Carlos Menem se notific\u00f3 hoy\u2026","rel":"","context":"En \u00abLocales\u00bb","block_context":{"text":"Locales","link":"http:\/\/www.24baires.com\/?cat=38"},"img":{"alt_text":"","src":"","width":0,"height":0},"classes":[]},{"id":70915,"url":"http:\/\/www.24baires.com\/?p=70915","url_meta":{"origin":72956,"position":4},"title":"La defensa de Menem advirti\u00f3 que la indagatoria podr\u00eda afectar la seguridad nacional","author":"GB","date":"20\/08\/2015","format":false,"excerpt":"Plante\u00f3 que una declaraci\u00f3n en el juicio en su contra por encubrimiento del atentado a la AMIA podr\u00eda afectar la \"convivencia pac\u00edfica\" con otros pa\u00edses, y por eso pidi\u00f3 que el Congreso releve al ex mandatario de la obligaci\u00f3n de guardar secreto de Estado. Adem\u00e1s, su defensor Omar Daer pidi\u00f3\u2026","rel":"","context":"En \u00abPol\u00edtica\u00bb","block_context":{"text":"Pol\u00edtica","link":"http:\/\/www.24baires.com\/?cat=51"},"img":{"alt_text":"menem","src":"https:\/\/i0.wp.com\/www.24baires.com\/wp-content\/uploads\/2013\/05\/menem.jpg?resize=350%2C200","width":350,"height":200,"srcset":"https:\/\/i0.wp.com\/www.24baires.com\/wp-content\/uploads\/2013\/05\/menem.jpg?resize=350%2C200 1x, https:\/\/i0.wp.com\/www.24baires.com\/wp-content\/uploads\/2013\/05\/menem.jpg?resize=525%2C300 1.5x"},"classes":[]},{"id":79923,"url":"http:\/\/www.24baires.com\/?p=79923","url_meta":{"origin":72956,"position":5},"title":"Stiuso no declar\u00f3 y present\u00f3 un escrito en la causa por el atentado a la AMIA","author":"AF","date":"09\/03\/2016","format":false,"excerpt":"El ex director de operaciones de la SIDE dijo que evitaba declarar bajo juramento de verdad porque est\u00e1 imputado en una causa por supuesto \"encubrimiento\" del ataque y podr\u00eda quedar incriminado con sus dichos. El ex director de Operaciones de la SIDE, Antonio Stiuso, se present\u00f3 a declarar como testigo\u2026","rel":"","context":"En \u00abJUDICIALES\u00bb","block_context":{"text":"JUDICIALES","link":"http:\/\/www.24baires.com\/?cat=68"},"img":{"alt_text":"stiuso","src":"https:\/\/i0.wp.com\/www.24baires.com\/wp-content\/uploads\/2015\/10\/stiuso.jpg?resize=350%2C200","width":350,"height":200,"srcset":"https:\/\/i0.wp.com\/www.24baires.com\/wp-content\/uploads\/2015\/10\/stiuso.jpg?resize=350%2C200 1x, https:\/\/i0.wp.com\/www.24baires.com\/wp-content\/uploads\/2015\/10\/stiuso.jpg?resize=525%2C300 1.5x"},"classes":[]}],"jetpack_sharing_enabled":true,"jetpack_likes_enabled":true,"jetpack_featured_media_url":"","_links":{"self":[{"href":"http:\/\/www.24baires.com\/index.php?rest_route=\/wp\/v2\/posts\/72956","targetHints":{"allow":["GET"]}}],"collection":[{"href":"http:\/\/www.24baires.com\/index.php?rest_route=\/wp\/v2\/posts"}],"about":[{"href":"http:\/\/www.24baires.com\/index.php?rest_route=\/wp\/v2\/types\/post"}],"author":[{"embeddable":true,"href":"http:\/\/www.24baires.com\/index.php?rest_route=\/wp\/v2\/users\/8"}],"replies":[{"embeddable":true,"href":"http:\/\/www.24baires.com\/index.php?rest_route=%2Fwp%2Fv2%2Fcomments&post=72956"}],"version-history":[{"count":1,"href":"http:\/\/www.24baires.com\/index.php?rest_route=\/wp\/v2\/posts\/72956\/revisions"}],"predecessor-version":[{"id":72958,"href":"http:\/\/www.24baires.com\/index.php?rest_route=\/wp\/v2\/posts\/72956\/revisions\/72958"}],"wp:attachment":[{"href":"http:\/\/www.24baires.com\/index.php?rest_route=%2Fwp%2Fv2%2Fmedia&parent=72956"}],"wp:term":[{"taxonomy":"category","embeddable":true,"href":"http:\/\/www.24baires.com\/index.php?rest_route=%2Fwp%2Fv2%2Fcategories&post=72956"},{"taxonomy":"post_tag","embeddable":true,"href":"http:\/\/www.24baires.com\/index.php?rest_route=%2Fwp%2Fv2%2Ftags&post=72956"}],"curies":[{"name":"wp","href":"https:\/\/api.w.org\/{rel}","templated":true}]}}