{"id":72937,"date":"2015-10-01T10:19:27","date_gmt":"2015-10-01T13:19:27","guid":{"rendered":"http:\/\/www.24baires.com\/?p=72937"},"modified":"2015-10-02T10:59:04","modified_gmt":"2015-10-02T13:59:04","slug":"no-es-momento-de-experimentar-en-las-urnas-sino-de-cuidar-lo-alcanzado","status":"publish","type":"post","link":"http:\/\/www.24baires.com\/?p=72937","title":{"rendered":"\u00abNo es momento de experimentar en las urnas sino de cuidar lo alcanzado\u00bb"},"content":{"rendered":"<p><img data-recalc-dims=\"1\" loading=\"lazy\" decoding=\"async\" class=\"aligncenter size-full wp-image-72134\" src=\"https:\/\/i0.wp.com\/www.24baires.com\/wp-content\/uploads\/2015\/09\/scioli1.jpg?resize=560%2C357\" alt=\"scioli\" width=\"560\" height=\"357\" srcset=\"https:\/\/i0.wp.com\/www.24baires.com\/wp-content\/uploads\/2015\/09\/scioli1.jpg?w=560 560w, https:\/\/i0.wp.com\/www.24baires.com\/wp-content\/uploads\/2015\/09\/scioli1.jpg?resize=300%2C191 300w\" sizes=\"auto, (max-width: 560px) 100vw, 560px\" \/>El candidato presidencial del FpV, Daniel Scioli, dijo que \u00abno es momento de hablar ni de transici\u00f3n ni de reelecci\u00f3n\u00bb sino que lo importante es dar \u00abtranquilidad y certeza a la gente para votar, ya que no es momento de experimentar en las urnas sino de cuidar lo alcanzado\u00bb.<!--more--><\/p>\n<p>El saliente gobernador de la provincia de Buenos Aires manifest\u00f3 que \u00abest\u00e1 claro su programa de gobierno\u00bb, evidenciado en la gesti\u00f3n realizada en el mayor distrito del pa\u00eds.<\/p>\n<p>En ese marco, Scioli plante\u00f3 que su negativa a asistir a un debate con sus rivales de las elecciones del pr\u00f3ximo 25 de octubre est\u00e1 vinculada con que \u00abno se trata de quien pelea mejor, sino las pol\u00edticas que sostiene cada uno, porque lo dem\u00e1s es chamuyo\u00bb.<\/p>\n<p>En di\u00e1logo con radio Con vos y consultado sobre si ser\u00eda un presidente &#8216;transitorio&#8217; y si tendr\u00eda que consultar sus medidas de gobierno con la presidenta Cristina Fern\u00e1ndez de Kirchner, el gobernador afirm\u00f3 que \u00abno es momento de hablar de transici\u00f3n ni de reelecci\u00f3n\u00bb; y puntualiz\u00f3 que la primera mandataria \u00absiempre ha sido muy respetuosa de las facultades constitucionales\u00bb.<\/p>\n<p>\u00abEl problema de los dem\u00e1s es que como no han logrado el caos que esperaban, buscan cambiar los ejes de la campa\u00f1a: que si soy de transici\u00f3n, que el debate, que los fondos buitres; ahora se acuerdan del norte argentino cuando nunca le han dado importancia, y mir\u00e1 la gente c\u00f3mo nos ha respaldado\u00bb, argument\u00f3 en referencia al triunfo electoral en Chaco y Tucum\u00e1n.<\/p>\n<p>Para Scioli, \u00abtodo forma parte del mismo folklore\u00bb por lo que convoc\u00f3 a mirar su gabinete: \u00ab\u00bfNo los eleg\u00ed yo a todos?\u00bb, se pregunt\u00f3 tras enumerar a cada uno de sus ministros de gobierno.<\/p>\n<p>\u00abQue yo sea una persona que dialogue respetuosamente y busque integrar a todos los sectores no quiere decir que no decida con la firmeza de las atribuciones constitucionales\u00bb, insisti\u00f3 el candidato; y puntualiz\u00f3 con que su intenci\u00f3n es \u00abdar la certidumbre y la tranquilidad necesaria\u00bb.<\/p>\n<p>Al volver sobre el tema del debate se pregunt\u00f3: \u00ab\u00bfCon qu\u00e9 Macri ir\u00eda a debatir, con el que vot\u00f3 contra la privatizaci\u00f3n de YPF y ahora dice que est\u00e1 a favor, o el que se abstuvo en la votaci\u00f3n de la fertilidad asistida, o con el que dijo que hab\u00eda que salir corriendo a pagarle a los fondos buitres? \u00c9l explicit\u00f3 sus ideas, las dijo bien claras, mi pensamiento es otro, esas son sus prioridades, mis prioridades son otras\u00bb, asever\u00f3 el gobernador bonaerense y postulante presidencial.<\/p>\n<p>Asimismo puso en valor que \u00abmi programa de gobierno es claro, con una administraci\u00f3n ordenada de la econom\u00eda con el fin de levantar todo, pero de abajo para arriba; no de aplastar todo de arriba para abajo\u00bb, por lo que destac\u00f3 la importancia de cuidar a \u00ablos trabajadores\u00bb.<\/p>\n<p>Record\u00f3 que impuls\u00f3 \u00abel turismo que se convirti\u00f3 en una m\u00e1quina generadora de empleo, pese a que ahora, algunos van a sacarse una foto con el lobo marino en Mar del Plata&#8230; la gente sabe todo\u00bb, ejemplific\u00f3 Scioli.<\/p>\n<p>Y sum\u00f3 con que \u00absi quieren saber lo que pienso de la econom\u00eda, miren el Banco Provincia; si quieren saber lo que pienso de la seguridad, miren los 25 mil polic\u00edas locales que puse\u00bb, tras destacar que en la juridicci\u00f3n que conduce maneja diariamente a \u00ab95 mil polic\u00edas en un lugar donde hay 18 millones de habitantes, un distrito 1500 veces m\u00e1s grande que la Capital Federal\u00bb.<\/p>\n<p>\u00abSi hay un tipo previsible, dentro del mismo espacio pol\u00edtico, soy yo, y la gente lo sabe muy bien\u00bb, remat\u00f3 el candidato a presidente por el Frente para la Victoria.<\/p>\n","protected":false},"excerpt":{"rendered":"<p>El candidato presidencial del FpV, Daniel Scioli, dijo que \u00abno es momento de hablar ni de transici\u00f3n ni de reelecci\u00f3n\u00bb sino que lo importante es dar \u00abtranquilidad y certeza a la gente para votar, ya que no es momento de experimentar en las urnas sino de cuidar lo alcanzado\u00bb.<\/p>\n","protected":false},"author":8,"featured_media":0,"comment_status":"open","ping_status":"open","sticky":false,"template":"","format":"standard","meta":{"_jetpack_newsletter_access":"","_jetpack_dont_email_post_to_subs":false,"_jetpack_newsletter_tier_id":0,"_jetpack_memberships_contains_paywalled_content":false,"_jetpack_memberships_contains_paid_content":false,"footnotes":""},"categories":[51],"tags":[],"class_list":["post-72937","post","type-post","status-publish","format-standard","hentry","category-politica"],"jetpack_shortlink":"https:\/\/wp.me\/p2JWE0-iYp","jetpack-related-posts":[{"id":103352,"url":"http:\/\/www.24baires.com\/?p=103352","url_meta":{"origin":72937,"position":0},"title":"In\u00e9dito: La Provincia no tiene opositores en los \u00f3rganos de contralor del gobierno","author":"Grupo Sierra","date":"15\/07\/2018","format":false,"excerpt":"El nombramiento de Mar\u00eda Fernanda Inza como contadora general de la Provincia, que Mar\u00eda Eugenia Vidal apur\u00f3 la semana que pas\u00f3 a favor de la mayor\u00eda que posee en el Senado y el oportuno apoyo de un representante del massismo, termin\u00f3 de consolidar una situaci\u00f3n con pocos antecedentes: todos los\u2026","rel":"","context":"En \u00abProvincia\u00bb","block_context":{"text":"Provincia","link":"http:\/\/www.24baires.com\/?cat=40"},"img":{"alt_text":"","src":"https:\/\/i0.wp.com\/www.dib.com.ar\/gestion\/images\/blogmanagement\/noticias\/thumb\/5b4b9524cb0ac1531680036.jpg?resize=350%2C200","width":350,"height":200,"srcset":"https:\/\/i0.wp.com\/www.dib.com.ar\/gestion\/images\/blogmanagement\/noticias\/thumb\/5b4b9524cb0ac1531680036.jpg?resize=350%2C200 1x, https:\/\/i0.wp.com\/www.dib.com.ar\/gestion\/images\/blogmanagement\/noticias\/thumb\/5b4b9524cb0ac1531680036.jpg?resize=525%2C300 1.5x"},"classes":[]},{"id":108387,"url":"http:\/\/www.24baires.com\/?p=108387","url_meta":{"origin":72937,"position":1},"title":"Scioli ratific\u00f3 su candidatura presidencial","author":"GB","date":"25\/05\/2019","format":false,"excerpt":"El exgobernador de la Provincia de Buenos Aires particip\u00f3 del Congreso Educativo de Ajedrez que se realiz\u00f3 en la ciudad balnearia y manifest\u00f3 sus deseos de ser el primer mandatario del pa\u00eds despu\u00e9s del 10 de diciembre, sin embargo aclar\u00f3: \u201cVer\u00e9 como peronista en qu\u00e9 lugar puedo hacer mi mayor\u2026","rel":"","context":"En \u00abPol\u00edtica\u00bb","block_context":{"text":"Pol\u00edtica","link":"http:\/\/www.24baires.com\/?cat=51"},"img":{"alt_text":"","src":"https:\/\/i0.wp.com\/www.24baires.com\/wp-content\/uploads\/2019\/05\/scioli-mar-del.jpg?resize=350%2C200","width":350,"height":200,"srcset":"https:\/\/i0.wp.com\/www.24baires.com\/wp-content\/uploads\/2019\/05\/scioli-mar-del.jpg?resize=350%2C200 1x, https:\/\/i0.wp.com\/www.24baires.com\/wp-content\/uploads\/2019\/05\/scioli-mar-del.jpg?resize=525%2C300 1.5x"},"classes":[]},{"id":71031,"url":"http:\/\/www.24baires.com\/?p=71031","url_meta":{"origin":72937,"position":2},"title":"Scioli celebr\u00f3 el triunfo con Manzur en Tucum\u00e1n","author":"GB","date":"24\/08\/2015","format":false,"excerpt":"El candidato a presidente por el FpV celebr\u00f3 el triunfo de Juan Manzur y destac\u00f3 que los tucumanos no se dejaron llevar por \"las campa\u00f1as negativas y des\u00e1nimo\" y por aquellos que \"hicieron una visita fugaz para querer embarrar la cancha\". Scioli lo expres\u00f3 al hablar en el b\u00fanker del\u2026","rel":"","context":"En \u00abPol\u00edtica\u00bb","block_context":{"text":"Pol\u00edtica","link":"http:\/\/www.24baires.com\/?cat=51"},"img":{"alt_text":"","src":"https:\/\/i0.wp.com\/www.24baires.com\/wp-content\/uploads\/2015\/08\/scioli-manzur.jpg?resize=350%2C200","width":350,"height":200,"srcset":"https:\/\/i0.wp.com\/www.24baires.com\/wp-content\/uploads\/2015\/08\/scioli-manzur.jpg?resize=350%2C200 1x, https:\/\/i0.wp.com\/www.24baires.com\/wp-content\/uploads\/2015\/08\/scioli-manzur.jpg?resize=525%2C300 1.5x"},"classes":[]},{"id":71133,"url":"http:\/\/www.24baires.com\/?p=71133","url_meta":{"origin":72937,"position":3},"title":"Scioli repudi\u00f3 la \u00abbrutal represi\u00f3n\u00bb en Tucum\u00e1n","author":"GB","date":"25\/08\/2015","format":false,"excerpt":"El gobernador de la provincia de Buenos Aires y candidato a presidente por el FpV cuestion\u00f3 a su contrincante de Cambiemos por \"arengar\" al pueblo tucumano en vez de reconocer su derrota en las urnas. \"Mi repudio a la brutal represi\u00f3n que se llev\u00f3 adelante en Tucum\u00e1n. Espero que la\u2026","rel":"","context":"En \u00abElecciones 2015\u00bb","block_context":{"text":"Elecciones 2015","link":"http:\/\/www.24baires.com\/?cat=74"},"img":{"alt_text":"scioli cierre campa\u00f1a","src":"https:\/\/i0.wp.com\/www.24baires.com\/wp-content\/uploads\/2015\/08\/scioli-cierre-campa%C3%B1a.jpg?resize=350%2C200","width":350,"height":200,"srcset":"https:\/\/i0.wp.com\/www.24baires.com\/wp-content\/uploads\/2015\/08\/scioli-cierre-campa%C3%B1a.jpg?resize=350%2C200 1x, https:\/\/i0.wp.com\/www.24baires.com\/wp-content\/uploads\/2015\/08\/scioli-cierre-campa%C3%B1a.jpg?resize=525%2C300 1.5x"},"classes":[]},{"id":34539,"url":"http:\/\/www.24baires.com\/?p=34539","url_meta":{"origin":72937,"position":4},"title":"Scioli: \u201cQuien atente contra la gobernabilidad ser\u00e1 rechazado por la sociedad\u00bb","author":"Grupo Sierra","date":"02\/11\/2013","format":false,"excerpt":"Lo sostuvo el gobernador bonaerense, Daniel Scioli, respecto al \"mensaje de las urnas\" y destac\u00f3 los avances del Gobierno en los \u00faltimos diez a\u00f1os. \u201cEl Gobierno busca mejorar y adecuarse a las demandas. Los cambios son permanentes, antes de la elecci\u00f3n, durante, y despu\u00e9s\", enfatiz\u00f3. El gobernador bonaerense, Daniel Scioli,\u2026","rel":"","context":"En \u00abPol\u00edtica\u00bb","block_context":{"text":"Pol\u00edtica","link":"http:\/\/www.24baires.com\/?cat=51"},"img":{"alt_text":"scioli","src":"https:\/\/i0.wp.com\/www.24baires.com\/wp-content\/uploads\/2013\/08\/scioli.jpg?resize=350%2C200","width":350,"height":200,"srcset":"https:\/\/i0.wp.com\/www.24baires.com\/wp-content\/uploads\/2013\/08\/scioli.jpg?resize=350%2C200 1x, https:\/\/i0.wp.com\/www.24baires.com\/wp-content\/uploads\/2013\/08\/scioli.jpg?resize=525%2C300 1.5x"},"classes":[]},{"id":101122,"url":"http:\/\/www.24baires.com\/?p=101122","url_meta":{"origin":72937,"position":5},"title":"Indagar\u00e1n a Scioli por irregularidades en la construcci\u00f3n de las UPA 24","author":"AF","date":"17\/03\/2018","format":false,"excerpt":"El ex gobernador Daniel Scioli y quien fuera su ministro de Salud, Alejandro Collia, fueron imputados y citados a prestar declaraci\u00f3n indagatoria en el marco de una causa que investiga presuntas irregularidades en la adjudicaci\u00f3n de ocho Unidades de Pronta Atenci\u00f3n (UPA 24) para las que se destinaron m\u00e1s de\u2026","rel":"","context":"En \u00abJUDICIALES\u00bb","block_context":{"text":"JUDICIALES","link":"http:\/\/www.24baires.com\/?cat=68"},"img":{"alt_text":"","src":"https:\/\/i0.wp.com\/www.24baires.com\/wp-content\/uploads\/2014\/05\/Daniel-Scioli.jpg?resize=350%2C200","width":350,"height":200,"srcset":"https:\/\/i0.wp.com\/www.24baires.com\/wp-content\/uploads\/2014\/05\/Daniel-Scioli.jpg?resize=350%2C200 1x, https:\/\/i0.wp.com\/www.24baires.com\/wp-content\/uploads\/2014\/05\/Daniel-Scioli.jpg?resize=525%2C300 1.5x"},"classes":[]}],"jetpack_sharing_enabled":true,"jetpack_likes_enabled":true,"jetpack_featured_media_url":"","_links":{"self":[{"href":"http:\/\/www.24baires.com\/index.php?rest_route=\/wp\/v2\/posts\/72937","targetHints":{"allow":["GET"]}}],"collection":[{"href":"http:\/\/www.24baires.com\/index.php?rest_route=\/wp\/v2\/posts"}],"about":[{"href":"http:\/\/www.24baires.com\/index.php?rest_route=\/wp\/v2\/types\/post"}],"author":[{"embeddable":true,"href":"http:\/\/www.24baires.com\/index.php?rest_route=\/wp\/v2\/users\/8"}],"replies":[{"embeddable":true,"href":"http:\/\/www.24baires.com\/index.php?rest_route=%2Fwp%2Fv2%2Fcomments&post=72937"}],"version-history":[{"count":1,"href":"http:\/\/www.24baires.com\/index.php?rest_route=\/wp\/v2\/posts\/72937\/revisions"}],"predecessor-version":[{"id":72938,"href":"http:\/\/www.24baires.com\/index.php?rest_route=\/wp\/v2\/posts\/72937\/revisions\/72938"}],"wp:attachment":[{"href":"http:\/\/www.24baires.com\/index.php?rest_route=%2Fwp%2Fv2%2Fmedia&parent=72937"}],"wp:term":[{"taxonomy":"category","embeddable":true,"href":"http:\/\/www.24baires.com\/index.php?rest_route=%2Fwp%2Fv2%2Fcategories&post=72937"},{"taxonomy":"post_tag","embeddable":true,"href":"http:\/\/www.24baires.com\/index.php?rest_route=%2Fwp%2Fv2%2Ftags&post=72937"}],"curies":[{"name":"wp","href":"https:\/\/api.w.org\/{rel}","templated":true}]}}