{"id":72932,"date":"2015-09-30T21:09:11","date_gmt":"2015-10-01T00:09:11","guid":{"rendered":"http:\/\/www.24baires.com\/?p=72932"},"modified":"2015-09-30T21:09:11","modified_gmt":"2015-10-01T00:09:11","slug":"enviaran-al-congreso-un-proyecto-de-ley-de-desarollo-de-la-industria-satelital-argentina","status":"publish","type":"post","link":"http:\/\/www.24baires.com\/?p=72932","title":{"rendered":"Enviar\u00e1n al Congreso un proyecto de ley de Desarollo de la Industria Satelital Argentina"},"content":{"rendered":"<p>La presidenta dirigi\u00f3 un mensaje a la oposici\u00f3n al se\u00f1alar que \u201ca los que nos hablan de futuro, le decimos que el futuro ya lleg\u00f3 y que en el Parlamento lo vamos a institucionalizar para que nadie m\u00e1s le pueda robar el futuro a los argentinos\u201d.<!--more--><\/p>\n<p>Durante un mensaje transmitido en cadena nacional desde Casa de Gobierno en referencia al lanzamiento exitoso del Arsat-2, Cristina sostuvo que \u201ccuando ve\u00eda despegar por segunda vez a un sat\u00e9lite argentino, era algo impensable en el 2003 cuando junt\u00e1bamos monedas para ver como sobreviv\u00edamos\u201d.<\/p>\n<p>Adem\u00e1s, la Presidenta remarc\u00f3 que la ley que cre\u00f3 la empresa estatal Arsat en 2006 fue votada \u00fanicamente por el Frente para la Victoria y los aliados y reiter\u00f3: \u201cEl futuro ha llegado y por eso les digo que hoy lo vimos despegar\u201d.<\/p>\n<p>Tras comunicarse con la comitiva argentina en la Guyana francesa donde se lanz\u00f3 este sat\u00e9lite, la mandataria anunci\u00f3 el env\u00edo al Congreso del proyecto de Ley de Desarrollo de la Industria Satelital Argentina y detall\u00f3 que los objetivos son \u00abproteger las posiciones espaciales de la Argentina, construir sat\u00e9lites y desarrollar servicios satelitales\u00bb.<\/p>\n<p>La jefa de Estado especific\u00f3 que el proyecto prev\u00e9 la declaraci\u00f3n \u00abde inter\u00e9s publico el desarrollo industrial satelital como pol\u00edtica de Estado y la creaci\u00f3n del plan geoestacionario argentino 2015-2035\u00bb.<\/p>\n<p>Tambi\u00e9n la iniciativa establece, seg\u00fan argument\u00f3 la mandataria, \u00abconstruir m\u00e1s sat\u00e9lites propios y para terceros\u00bb, que prev\u00e9 fabricar ocho nuevos en los pr\u00f3ximos 20 a\u00f1os: uno para uso propio y el resto para venderlos.<\/p>\n<p>Durante su mensaje, Cristina consider\u00f3 que otro de los objetivos del proyecto del Desarrollo de la Industria Satelital Argentina, es \u201cempoderar\u201d al pueblo de los avances alcanzados en esa materia y asegurar la continuidad de su desenvolvimiento.<\/p>\n<p>La mandataria especific\u00f3 que la iniciativa apunta a declarar \u201cde inter\u00e9s p\u00fablico nacional el desarrollo de la industria satelital como pol\u00edtica de estado y con prioridad nacional\u201d.<\/p>\n<p>Asimismo, contempla la aprobaci\u00f3n del Plan Satelital Geoestacionario Argentino 2015-2035, a fin de asegurar la continuidad del desarrollo del programa, y agrega que la empresa Arsat ser\u00e1 la que ejecute las acciones necesarias para implementar ese plan.<br \/>\nLa presidenta indic\u00f3 que el flujo de fondos asociado para el cumplimiento de ese programa representa, a valor neto actual, 1.201 millones de d\u00f3lares.<\/p>\n<p>\u201cNo queremos que tanta inversi\u00f3n patrimonial, intelectual y de conocimiento, luego le sea arrebatada a los argentinos\u201d, aclar\u00f3 la Presidenta, quien sostuvo: \u201cqueremos darle institucionalidad a todo esto que hemos logrado entre todos\u201d.<\/p>\n<p>El proyecto contempla adem\u00e1s la prohibici\u00f3n de la venta de recursos esenciales asociados a la tecnolog\u00eda sin autorizaci\u00f3n del Congreso.<\/p>\n<p>Asimismo, inform\u00f3 que al haber quedado desierto el llamado a licitaci\u00f3n para espacios de comunicaci\u00f3n de 4G, esa banda se transferir\u00e1 a Arsat.<\/p>\n","protected":false},"excerpt":{"rendered":"<p>La presidenta dirigi\u00f3 un mensaje a la oposici\u00f3n al se\u00f1alar que \u201ca los que nos hablan de futuro, le decimos que el futuro ya lleg\u00f3 y que en el Parlamento lo vamos a institucionalizar para que nadie m\u00e1s le pueda robar el futuro a los argentinos\u201d.<\/p>\n","protected":false},"author":8,"featured_media":0,"comment_status":"open","ping_status":"open","sticky":false,"template":"","format":"standard","meta":{"_jetpack_newsletter_access":"","_jetpack_dont_email_post_to_subs":false,"_jetpack_newsletter_tier_id":0,"_jetpack_memberships_contains_paywalled_content":false,"_jetpack_memberships_contains_paid_content":false,"footnotes":""},"categories":[51],"tags":[],"class_list":["post-72932","post","type-post","status-publish","format-standard","hentry","category-politica"],"jetpack_shortlink":"https:\/\/wp.me\/p2JWE0-iYk","jetpack-related-posts":[{"id":55534,"url":"http:\/\/www.24baires.com\/?p=55534","url_meta":{"origin":72932,"position":0},"title":"Cristina felicit\u00f3 a los trabajadores del hist\u00f3rico ARSAT-1","author":"Grupo Sierra","date":"16\/10\/2014","format":false,"excerpt":"La presidenta Cristina Fern\u00e1ndez de Kirchner manifest\u00f3 su emoci\u00f3n por el despegue del sat\u00e9lite Arsat-1 y felicit\u00f3 a todo el equipo argentino que particip\u00f3 de su puesta a punto, a trav\u00e9s de dos mensajes publicados en su cuenta personal en la red social Twitter. La jefa del Estado sigui\u00f3 las\u2026","rel":"","context":"En \u00abSociedad\u00bb","block_context":{"text":"Sociedad","link":"http:\/\/www.24baires.com\/?cat=1"},"img":{"alt_text":"","src":"https:\/\/i0.wp.com\/www.24baires.com\/wp-content\/uploads\/2014\/10\/cristina-twitter-sat%C3%A9lite-arsat.jpg?resize=350%2C200","width":350,"height":200,"srcset":"https:\/\/i0.wp.com\/www.24baires.com\/wp-content\/uploads\/2014\/10\/cristina-twitter-sat%C3%A9lite-arsat.jpg?resize=350%2C200 1x, https:\/\/i0.wp.com\/www.24baires.com\/wp-content\/uploads\/2014\/10\/cristina-twitter-sat%C3%A9lite-arsat.jpg?resize=525%2C300 1.5x"},"classes":[]},{"id":72895,"url":"http:\/\/www.24baires.com\/?p=72895","url_meta":{"origin":72932,"position":1},"title":"Esta tarde lanzar\u00e1n el Arsat-2 desde la Guayana Francesa","author":"AF","date":"30\/09\/2015","format":false,"excerpt":"El cohete que portar\u00e1 el sat\u00e9lite se encuentra en la plataforma de lanzamiento del Centro Espacial de Kourou y est\u00e1 listo para despegue. La operaci\u00f3n comenzar\u00e1 a las 17.30 (hora argentina). La misi\u00f3n, identificada como Va 226, llevar\u00e1 junto al Arsat-2 al sat\u00e9lite Sky Munster, de origen australiano. La venta\u2026","rel":"","context":"En \u00abTecnolog\u00eda\u00bb","block_context":{"text":"Tecnolog\u00eda","link":"http:\/\/www.24baires.com\/?cat=46"},"img":{"alt_text":"","src":"https:\/\/i0.wp.com\/www.24baires.com\/wp-content\/uploads\/2015\/09\/arsat.jpg?resize=350%2C200","width":350,"height":200,"srcset":"https:\/\/i0.wp.com\/www.24baires.com\/wp-content\/uploads\/2015\/09\/arsat.jpg?resize=350%2C200 1x, https:\/\/i0.wp.com\/www.24baires.com\/wp-content\/uploads\/2015\/09\/arsat.jpg?resize=525%2C300 1.5x"},"classes":[]},{"id":106464,"url":"http:\/\/www.24baires.com\/?p=106464","url_meta":{"origin":72932,"position":2},"title":"El Gobierno privatiz\u00f3 bandas de comunicaciones m\u00f3viles que pertenec\u00edan a Arsat","author":"GB","date":"21\/01\/2019","format":false,"excerpt":"Sin lugar a la discusi\u00f3n, la administraci\u00f3n de Mauricio Macri modific\u00f3 la Ley de Desarrollo de la Industria Satelital que en su art\u00edculo 11 reservaba en forma exclusiva las bandas de frecuencias para Arsat, mientras que ahora el ENACOM podr\u00e1 otorgarle dichas bandas de comunicaciones a prestadores de servicios privados\u2026","rel":"","context":"En \u00abPol\u00edtica\u00bb","block_context":{"text":"Pol\u00edtica","link":"http:\/\/www.24baires.com\/?cat=51"},"img":{"alt_text":"","src":"https:\/\/i0.wp.com\/www.24baires.com\/wp-content\/uploads\/2018\/09\/macri.jpg?resize=350%2C200","width":350,"height":200,"srcset":"https:\/\/i0.wp.com\/www.24baires.com\/wp-content\/uploads\/2018\/09\/macri.jpg?resize=350%2C200 1x, https:\/\/i0.wp.com\/www.24baires.com\/wp-content\/uploads\/2018\/09\/macri.jpg?resize=525%2C300 1.5x"},"classes":[]},{"id":72909,"url":"http:\/\/www.24baires.com\/?p=72909","url_meta":{"origin":72932,"position":3},"title":"El sat\u00e9lite Arsat-2 fue lanzado al espacio","author":"GB","date":"30\/09\/2015","format":false,"excerpt":"El sat\u00e9lite geoestacionario argentino Arsat 2 fue lanzado a las 17.29 al espacio a bordo de un cohete Ariane 5 franc\u00e9s desde la base de Kourou, en la Guayana Francesa. La delegaci\u00f3n argentina estall\u00f3 en festejos cuando los controladores de misi\u00f3n informaron que el desacople del sat\u00e9lite argentino Arsat-2 fue\u2026","rel":"","context":"En \u00abSociedad\u00bb","block_context":{"text":"Sociedad","link":"http:\/\/www.24baires.com\/?cat=1"},"img":{"alt_text":"","src":"https:\/\/i0.wp.com\/www.24baires.com\/wp-content\/uploads\/2015\/09\/arsat-2.jpg?resize=350%2C200","width":350,"height":200,"srcset":"https:\/\/i0.wp.com\/www.24baires.com\/wp-content\/uploads\/2015\/09\/arsat-2.jpg?resize=350%2C200 1x, https:\/\/i0.wp.com\/www.24baires.com\/wp-content\/uploads\/2015\/09\/arsat-2.jpg?resize=525%2C300 1.5x"},"classes":[]},{"id":120010,"url":"http:\/\/www.24baires.com\/?p=120010","url_meta":{"origin":72932,"position":4},"title":"El Presidente llam\u00f3 a dar una \u00abreafirmaci\u00f3n democr\u00e1tica todos los d\u00edas\u00bb","author":"AF","date":"17\/04\/2023","format":false,"excerpt":"\"M\u00e1s democracia es mejor condici\u00f3n de vida para una sociedad\", subray\u00f3 Alberto Fern\u00e1ndez, al presentar el programa Mi Pueblo Conectado, que proveer\u00e1 servicio de Internet a quienes habitan 377 localidades argentinas que hoy en d\u00eda no cuentan con ning\u00fan tipo de conexi\u00f3n. El presidente Alberto Fern\u00e1ndez llam\u00f3 este lunes a\u2026","rel":"","context":"En \u00abSociedad\u00bb","block_context":{"text":"Sociedad","link":"http:\/\/www.24baires.com\/?cat=1"},"img":{"alt_text":"","src":"https:\/\/i0.wp.com\/www.24baires.com\/wp-content\/uploads\/2023\/04\/mi-pueblo-conectado.jpg?resize=350%2C200","width":350,"height":200,"srcset":"https:\/\/i0.wp.com\/www.24baires.com\/wp-content\/uploads\/2023\/04\/mi-pueblo-conectado.jpg?resize=350%2C200 1x, https:\/\/i0.wp.com\/www.24baires.com\/wp-content\/uploads\/2023\/04\/mi-pueblo-conectado.jpg?resize=525%2C300 1.5x, https:\/\/i0.wp.com\/www.24baires.com\/wp-content\/uploads\/2023\/04\/mi-pueblo-conectado.jpg?resize=700%2C400 2x"},"classes":[]},{"id":106908,"url":"http:\/\/www.24baires.com\/?p=106908","url_meta":{"origin":72932,"position":5},"title":"El Congreso rechaz\u00f3 el DNU de Macri sobre la extinci\u00f3n de dominio","author":"AF","date":"19\/02\/2019","format":false,"excerpt":"La Comisi\u00f3n Bicameral tambi\u00e9n repudi\u00f3 los decretos sobre la Agencia del Deporte Nacional y la cesi\u00f3n del espectro radioel\u00e9ctrico del ARSAT. La oposici\u00f3n parlamentaria consigui\u00f3 el dictamen de mayor\u00eda en la comisi\u00f3n de Tr\u00e1mite Legislativo para rechazar el decreto que establece el r\u00e9gimen de extinci\u00f3n de dominio para recuperar los\u2026","rel":"","context":"En \u00abPol\u00edtica\u00bb","block_context":{"text":"Pol\u00edtica","link":"http:\/\/www.24baires.com\/?cat=51"},"img":{"alt_text":"","src":"https:\/\/i0.wp.com\/www.24baires.com\/wp-content\/uploads\/2018\/10\/MACRI-IDEA.jpg?resize=350%2C200","width":350,"height":200,"srcset":"https:\/\/i0.wp.com\/www.24baires.com\/wp-content\/uploads\/2018\/10\/MACRI-IDEA.jpg?resize=350%2C200 1x, https:\/\/i0.wp.com\/www.24baires.com\/wp-content\/uploads\/2018\/10\/MACRI-IDEA.jpg?resize=525%2C300 1.5x"},"classes":[]}],"jetpack_sharing_enabled":true,"jetpack_likes_enabled":true,"jetpack_featured_media_url":"","_links":{"self":[{"href":"http:\/\/www.24baires.com\/index.php?rest_route=\/wp\/v2\/posts\/72932","targetHints":{"allow":["GET"]}}],"collection":[{"href":"http:\/\/www.24baires.com\/index.php?rest_route=\/wp\/v2\/posts"}],"about":[{"href":"http:\/\/www.24baires.com\/index.php?rest_route=\/wp\/v2\/types\/post"}],"author":[{"embeddable":true,"href":"http:\/\/www.24baires.com\/index.php?rest_route=\/wp\/v2\/users\/8"}],"replies":[{"embeddable":true,"href":"http:\/\/www.24baires.com\/index.php?rest_route=%2Fwp%2Fv2%2Fcomments&post=72932"}],"version-history":[{"count":1,"href":"http:\/\/www.24baires.com\/index.php?rest_route=\/wp\/v2\/posts\/72932\/revisions"}],"predecessor-version":[{"id":72933,"href":"http:\/\/www.24baires.com\/index.php?rest_route=\/wp\/v2\/posts\/72932\/revisions\/72933"}],"wp:attachment":[{"href":"http:\/\/www.24baires.com\/index.php?rest_route=%2Fwp%2Fv2%2Fmedia&parent=72932"}],"wp:term":[{"taxonomy":"category","embeddable":true,"href":"http:\/\/www.24baires.com\/index.php?rest_route=%2Fwp%2Fv2%2Fcategories&post=72932"},{"taxonomy":"post_tag","embeddable":true,"href":"http:\/\/www.24baires.com\/index.php?rest_route=%2Fwp%2Fv2%2Ftags&post=72932"}],"curies":[{"name":"wp","href":"https:\/\/api.w.org\/{rel}","templated":true}]}}