{"id":72928,"date":"2015-09-30T20:45:20","date_gmt":"2015-09-30T23:45:20","guid":{"rendered":"http:\/\/www.24baires.com\/?p=72928"},"modified":"2015-09-30T21:07:07","modified_gmt":"2015-10-01T00:07:07","slug":"somos-un-pais-confiable-y-queremos-protagonizar-nuestro-futuro-aseguro-de-vido","status":"publish","type":"post","link":"http:\/\/www.24baires.com\/?p=72928","title":{"rendered":"\u00abSomos un pa\u00eds confiable y queremos protagonizar nuestro futuro\u00bb, asegur\u00f3 De Vido"},"content":{"rendered":"<p><img data-recalc-dims=\"1\" loading=\"lazy\" decoding=\"async\" class=\"aligncenter wp-image-57877 size-full\" src=\"https:\/\/i0.wp.com\/www.24baires.com\/wp-content\/uploads\/2014\/11\/de-vido.jpg?resize=560%2C336\" alt=\"De Vido neg\u00f3 que haya crisis energ\u00e9tica en Argentina.\" width=\"560\" height=\"336\" srcset=\"https:\/\/i0.wp.com\/www.24baires.com\/wp-content\/uploads\/2014\/11\/de-vido.jpg?w=560 560w, https:\/\/i0.wp.com\/www.24baires.com\/wp-content\/uploads\/2014\/11\/de-vido.jpg?resize=300%2C180 300w\" sizes=\"auto, (max-width: 560px) 100vw, 560px\" \/><\/p>\n<p>El ministro de Planificaci\u00f3n Federal, Julio De Vido, sostuvo que \u201chitos como el lanzamiento del Arsat-2 son logros de una d\u00e9cada de planificaci\u00f3n, somos un pa\u00eds confiable y queremos protagonizar nuestro futuro\u00bb, luego del lanzamiento del segundo sat\u00e9lite geoestacionario argentino desde el centro espacial de Guayana Francesa.<!--more--><\/p>\n","protected":false},"excerpt":{"rendered":"<p>El ministro de Planificaci\u00f3n Federal, Julio De Vido, sostuvo que \u201chitos como el lanzamiento del Arsat-2 son logros de una d\u00e9cada de planificaci\u00f3n, somos un pa\u00eds confiable y queremos protagonizar nuestro futuro\u00bb, luego del lanzamiento del segundo sat\u00e9lite geoestacionario argentino desde el centro espacial de Guayana Francesa.<\/p>\n","protected":false},"author":8,"featured_media":0,"comment_status":"open","ping_status":"open","sticky":false,"template":"","format":"standard","meta":{"_jetpack_newsletter_access":"","_jetpack_dont_email_post_to_subs":false,"_jetpack_newsletter_tier_id":0,"_jetpack_memberships_contains_paywalled_content":false,"_jetpack_memberships_contains_paid_content":false,"footnotes":""},"categories":[51],"tags":[],"class_list":["post-72928","post","type-post","status-publish","format-standard","hentry","category-politica"],"jetpack_shortlink":"https:\/\/wp.me\/p2JWE0-iYg","jetpack-related-posts":[{"id":72895,"url":"http:\/\/www.24baires.com\/?p=72895","url_meta":{"origin":72928,"position":0},"title":"Esta tarde lanzar\u00e1n el Arsat-2 desde la Guayana Francesa","author":"AF","date":"30\/09\/2015","format":false,"excerpt":"El cohete que portar\u00e1 el sat\u00e9lite se encuentra en la plataforma de lanzamiento del Centro Espacial de Kourou y est\u00e1 listo para despegue. La operaci\u00f3n comenzar\u00e1 a las 17.30 (hora argentina). La misi\u00f3n, identificada como Va 226, llevar\u00e1 junto al Arsat-2 al sat\u00e9lite Sky Munster, de origen australiano. La venta\u2026","rel":"","context":"En \u00abTecnolog\u00eda\u00bb","block_context":{"text":"Tecnolog\u00eda","link":"http:\/\/www.24baires.com\/?cat=46"},"img":{"alt_text":"","src":"https:\/\/i0.wp.com\/www.24baires.com\/wp-content\/uploads\/2015\/09\/arsat.jpg?resize=350%2C200","width":350,"height":200,"srcset":"https:\/\/i0.wp.com\/www.24baires.com\/wp-content\/uploads\/2015\/09\/arsat.jpg?resize=350%2C200 1x, https:\/\/i0.wp.com\/www.24baires.com\/wp-content\/uploads\/2015\/09\/arsat.jpg?resize=525%2C300 1.5x"},"classes":[]},{"id":68013,"url":"http:\/\/www.24baires.com\/?p=68013","url_meta":{"origin":72928,"position":1},"title":"\u00abEl Frente para la Victoria es el partido m\u00e1s coherente y confiable\u00bb","author":"GB","date":"23\/06\/2015","format":false,"excerpt":"MOR\u00d3N-El gobernador y precandidato a presidente por el Frente para la Victoria lo asegur\u00f3 tras firmar un acuerdo con el intendente de Mor\u00f3n, Lucas Ghi, para la creaci\u00f3n del Parque Industrial \"La Cant\u00e1brica II\". El gobernador y precandidato a presidente por el Frente para la Victoria, Daniel Scioli, asegur\u00f3 que\u2026","rel":"","context":"En \u00abPol\u00edtica\u00bb","block_context":{"text":"Pol\u00edtica","link":"http:\/\/www.24baires.com\/?cat=51"},"img":{"alt_text":"scioli saludo","src":"https:\/\/i0.wp.com\/www.24baires.com\/wp-content\/uploads\/2014\/08\/scioli-saludo.jpg?resize=350%2C200","width":350,"height":200,"srcset":"https:\/\/i0.wp.com\/www.24baires.com\/wp-content\/uploads\/2014\/08\/scioli-saludo.jpg?resize=350%2C200 1x, https:\/\/i0.wp.com\/www.24baires.com\/wp-content\/uploads\/2014\/08\/scioli-saludo.jpg?resize=525%2C300 1.5x"},"classes":[]},{"id":55497,"url":"http:\/\/www.24baires.com\/?p=55497","url_meta":{"origin":72928,"position":2},"title":"\u00abEl Arsat-1 ubica a la Argentina en un grupo selecto de pa\u00edses\u00bb, consider\u00f3 De Vido","author":"GB","date":"16\/10\/2014","format":false,"excerpt":"\"Esto significa soberan\u00eda, pero tambi\u00e9n fuente de trabajo, todo el complejo de construcci\u00f3n de sat\u00e9lites incorpor\u00f3 a trabajar desde 2003 a la fecha unos 3000 t\u00e9cnicos y profesionales\", detall\u00f3. El ministro de Planificaci\u00f3n, Julio De Vido, dijo hoy que el lanzamiento del sat\u00e9lite ARSAT-1 generar\u00e1 un ahorro de divisas de\u2026","rel":"","context":"En \u00abSociedad\u00bb","block_context":{"text":"Sociedad","link":"http:\/\/www.24baires.com\/?cat=1"},"img":{"alt_text":"","src":"https:\/\/i0.wp.com\/www.24baires.com\/wp-content\/uploads\/2014\/10\/grupo-arsat.jpg?resize=350%2C200","width":350,"height":200},"classes":[]},{"id":49483,"url":"http:\/\/www.24baires.com\/?p=49483","url_meta":{"origin":72928,"position":3},"title":"De Vido: \u00abEl Gobierno realiz\u00f3 el plan de obras p\u00fablicas m\u00e1s grande de la historia\u00bb","author":"GB","date":"08\/07\/2014","format":false,"excerpt":"As\u00ed lo asegur\u00f3 el ministro de Planificaci\u00f3n Federal, Julio De Vido, qui\u00e9n detall\u00f3 que la inversi\u00f3n acumulada en los \u00faltimos diez a\u00f1os alcanza los 350 mil millones de pesos y que el Plan tuvo un \"impacto fenomenal\" en la obra vial. El ministro de Planificaci\u00f3n Federal, Julio De Vido, afirm\u00f3\u2026","rel":"","context":"En \u00abEconom\u00eda\u00bb","block_context":{"text":"Econom\u00eda","link":"http:\/\/www.24baires.com\/?cat=45"},"img":{"alt_text":"kicillof y de vido","src":"https:\/\/i0.wp.com\/www.24baires.com\/wp-content\/uploads\/2014\/05\/kicillof-y-de-vido.jpg?resize=350%2C200","width":350,"height":200,"srcset":"https:\/\/i0.wp.com\/www.24baires.com\/wp-content\/uploads\/2014\/05\/kicillof-y-de-vido.jpg?resize=350%2C200 1x, https:\/\/i0.wp.com\/www.24baires.com\/wp-content\/uploads\/2014\/05\/kicillof-y-de-vido.jpg?resize=525%2C300 1.5x"},"classes":[]},{"id":75448,"url":"http:\/\/www.24baires.com\/?p=75448","url_meta":{"origin":72928,"position":4},"title":"Macri adelant\u00f3 que su gabinete econ\u00f3mico tendr\u00e1 seis ministros","author":"AF","date":"23\/11\/2015","format":false,"excerpt":"El presidente electo asegur\u00f3 esta ma\u00f1ana en conferencia de prensa que habr\u00e1 un ministro de Hacienda y Finanzas y otros seis en ese gabinete econ\u00f3mico. Adem\u00e1s, pidi\u00f3 \u201cpaciencia, ya que la transici\u00f3n al 10 de diciembre es corta\u201d. Macri se comprometi\u00f3 a gobernar para \"absolutamente todos los argentinos\", al tiempo\u2026","rel":"","context":"En \u00abEconom\u00eda\u00bb","block_context":{"text":"Econom\u00eda","link":"http:\/\/www.24baires.com\/?cat=45"},"img":{"alt_text":"","src":"https:\/\/i0.wp.com\/www.24baires.com\/wp-content\/uploads\/2015\/11\/macri1.jpg?resize=350%2C200","width":350,"height":200,"srcset":"https:\/\/i0.wp.com\/www.24baires.com\/wp-content\/uploads\/2015\/11\/macri1.jpg?resize=350%2C200 1x, https:\/\/i0.wp.com\/www.24baires.com\/wp-content\/uploads\/2015\/11\/macri1.jpg?resize=525%2C300 1.5x"},"classes":[]},{"id":36320,"url":"http:\/\/www.24baires.com\/?p=36320","url_meta":{"origin":72928,"position":5},"title":"Instalar\u00e1n planta para lanzar sat\u00e9lites desde Punta Alta","author":"AF","date":"06\/12\/2013","format":false,"excerpt":"El proyecto generar\u00e1 unos 250 puestos de trabajo e integrar\u00e1 el plan integral satelital 2014-2016 con una inversi\u00f3n por parte del Estado Nacional de 2.000 millones de pesos. La planta ser\u00e1 construida en la zona militar de Bater\u00edas. Desde la Comisi\u00f3n Nacional de Actividades Espaciales reconocieron que \u201cel camino es\u2026","rel":"","context":"En \u00abLocales\u00bb","block_context":{"text":"Locales","link":"http:\/\/www.24baires.com\/?cat=38"},"img":{"alt_text":"","src":"","width":0,"height":0},"classes":[]}],"jetpack_sharing_enabled":true,"jetpack_likes_enabled":true,"jetpack_featured_media_url":"","_links":{"self":[{"href":"http:\/\/www.24baires.com\/index.php?rest_route=\/wp\/v2\/posts\/72928","targetHints":{"allow":["GET"]}}],"collection":[{"href":"http:\/\/www.24baires.com\/index.php?rest_route=\/wp\/v2\/posts"}],"about":[{"href":"http:\/\/www.24baires.com\/index.php?rest_route=\/wp\/v2\/types\/post"}],"author":[{"embeddable":true,"href":"http:\/\/www.24baires.com\/index.php?rest_route=\/wp\/v2\/users\/8"}],"replies":[{"embeddable":true,"href":"http:\/\/www.24baires.com\/index.php?rest_route=%2Fwp%2Fv2%2Fcomments&post=72928"}],"version-history":[{"count":2,"href":"http:\/\/www.24baires.com\/index.php?rest_route=\/wp\/v2\/posts\/72928\/revisions"}],"predecessor-version":[{"id":72931,"href":"http:\/\/www.24baires.com\/index.php?rest_route=\/wp\/v2\/posts\/72928\/revisions\/72931"}],"wp:attachment":[{"href":"http:\/\/www.24baires.com\/index.php?rest_route=%2Fwp%2Fv2%2Fmedia&parent=72928"}],"wp:term":[{"taxonomy":"category","embeddable":true,"href":"http:\/\/www.24baires.com\/index.php?rest_route=%2Fwp%2Fv2%2Fcategories&post=72928"},{"taxonomy":"post_tag","embeddable":true,"href":"http:\/\/www.24baires.com\/index.php?rest_route=%2Fwp%2Fv2%2Ftags&post=72928"}],"curies":[{"name":"wp","href":"https:\/\/api.w.org\/{rel}","templated":true}]}}