{"id":72922,"date":"2015-09-30T20:13:43","date_gmt":"2015-09-30T23:13:43","guid":{"rendered":"http:\/\/www.24baires.com\/?p=72922"},"modified":"2015-10-01T10:17:19","modified_gmt":"2015-10-01T13:17:19","slug":"cristina-sobre-el-arsat-2-la-argentina-definitivamente-ha-despegado","status":"publish","type":"post","link":"http:\/\/www.24baires.com\/?p=72922","title":{"rendered":"Cristina sobre el Arsat 2: \u00abLa Argentina definitivamente ha despegado\u00bb"},"content":{"rendered":"<p><img data-recalc-dims=\"1\" loading=\"lazy\" decoding=\"async\" src=\"https:\/\/i0.wp.com\/www.24baires.com\/wp-content\/uploads\/2015\/09\/critina-casa-rosada.jpg?resize=560%2C306\" alt=\"critina casa rosada\" width=\"560\" height=\"306\" class=\"aligncenter size-full wp-image-72926\" srcset=\"https:\/\/i0.wp.com\/www.24baires.com\/wp-content\/uploads\/2015\/09\/critina-casa-rosada.jpg?w=560 560w, https:\/\/i0.wp.com\/www.24baires.com\/wp-content\/uploads\/2015\/09\/critina-casa-rosada.jpg?resize=300%2C164 300w\" sizes=\"auto, (max-width: 560px) 100vw, 560px\" \/>Lo anunci\u00f3 la presidenta Cristina Kirchner, tras compartir un conferencia con el ministro De Vido, desde la Guayana Francesa. Luego del lanzamiento del segundo sat\u00e9lite argentino, que ya est\u00e1 en el espacio, la mandataria resumi\u00f3: \u00abLa Argentina definitivamente ha despegado\u00bb.<!--more--><\/p>\n<p>La presidenta Cristina Kirchner sostuvo este mi\u00e9rcoles desde la Casa de Gobierno que el exitoso lanzamiento del cohete que transport\u00f3 al sat\u00e9lite geoestacionario Arsat 2 es la prueba de que \u00abuna Argentina que definitivamente ha despegado\u00bb.<\/p>\n<p>La mandataria brind\u00f3 un mensaje por cadena nacional en el que compar\u00f3 la actualidad argentina con la de aquel pa\u00eds con el que se encontr\u00f3 el ex presidente N\u00e9stor Kirchner al comenzar su mandato y dijo que nadie pod\u00eda imaginar que \u00abhoy, en 2015, \u00edbamos a estar lanzando el segundo sat\u00e9lite al espacio\u00bb.<br \/>\nTambi\u00e9n describi\u00f3 c\u00f3mo vivi\u00f3 el lanzamiento del sat\u00e9lite. \u00abAc\u00e1 estuvimos cortando claves, como se dice vulgarmente. Primero cuando despeg\u00f3&#8230; Uno siempre piensa que no va a despegar. Ver esa mole, el fuego, el despegue, y finalmente que transcurran los 33 minutos para que pueda tomar esa \u00f3rbita\u00bb, afirm\u00f3 la mandataria.<br \/>\nAsimismo, habl\u00f3 de un \u00abd\u00eda hist\u00f3rico\u00bb y detall\u00f3: \u00abDesde la Guayana Francesa los argentinos acabamos de lanzar al espacio el Arsat 2. Hace un a\u00f1o en este mismo lugar est\u00e1bamos lanzando el Arsat 1, que iba a dar conectividad a todo el territorio argentino. Ahora con el Arsat 2 cubrimos todas las Am\u00e9ricas a 36 mil kil\u00f3metros de la Tierra\u00bb.<\/p>\n<p>El ministro de Planificaci\u00f3n, Julio De Vido, tom\u00f3 contacto con la mandataria a trav\u00e9s de una videoconferencia desde la Guyana Francesa donde afirm\u00f3: \u00abEsto no es relato, son tres toneladas de ciencia y tecnolog\u00eda\u00bb.<\/p>\n","protected":false},"excerpt":{"rendered":"<p>Lo anunci\u00f3 la presidenta Cristina Kirchner, tras compartir un conferencia con el ministro De Vido, desde la Guayana Francesa. Luego del lanzamiento del segundo sat\u00e9lite argentino, que ya est\u00e1 en el espacio, la mandataria resumi\u00f3: \u00abLa Argentina definitivamente ha despegado\u00bb.<\/p>\n","protected":false},"author":8,"featured_media":0,"comment_status":"open","ping_status":"open","sticky":false,"template":"","format":"standard","meta":{"_jetpack_newsletter_access":"","_jetpack_dont_email_post_to_subs":false,"_jetpack_newsletter_tier_id":0,"_jetpack_memberships_contains_paywalled_content":false,"_jetpack_memberships_contains_paid_content":false,"footnotes":""},"categories":[51],"tags":[],"class_list":["post-72922","post","type-post","status-publish","format-standard","hentry","category-politica"],"jetpack_shortlink":"https:\/\/wp.me\/p2JWE0-iYa","jetpack-related-posts":[{"id":55534,"url":"http:\/\/www.24baires.com\/?p=55534","url_meta":{"origin":72922,"position":0},"title":"Cristina felicit\u00f3 a los trabajadores del hist\u00f3rico ARSAT-1","author":"Grupo Sierra","date":"16\/10\/2014","format":false,"excerpt":"La presidenta Cristina Fern\u00e1ndez de Kirchner manifest\u00f3 su emoci\u00f3n por el despegue del sat\u00e9lite Arsat-1 y felicit\u00f3 a todo el equipo argentino que particip\u00f3 de su puesta a punto, a trav\u00e9s de dos mensajes publicados en su cuenta personal en la red social Twitter. La jefa del Estado sigui\u00f3 las\u2026","rel":"","context":"En \u00abSociedad\u00bb","block_context":{"text":"Sociedad","link":"http:\/\/www.24baires.com\/?cat=1"},"img":{"alt_text":"","src":"https:\/\/i0.wp.com\/www.24baires.com\/wp-content\/uploads\/2014\/10\/cristina-twitter-sat%C3%A9lite-arsat.jpg?resize=350%2C200","width":350,"height":200,"srcset":"https:\/\/i0.wp.com\/www.24baires.com\/wp-content\/uploads\/2014\/10\/cristina-twitter-sat%C3%A9lite-arsat.jpg?resize=350%2C200 1x, https:\/\/i0.wp.com\/www.24baires.com\/wp-content\/uploads\/2014\/10\/cristina-twitter-sat%C3%A9lite-arsat.jpg?resize=525%2C300 1.5x"},"classes":[]},{"id":55545,"url":"http:\/\/www.24baires.com\/?p=55545","url_meta":{"origin":72922,"position":1},"title":"Cristina: \u00abLos sat\u00e9lites no se pueden derogar, esto es un orgullo\u00bb","author":"Grupo Sierra","date":"16\/10\/2014","format":false,"excerpt":"Luego del lanzamiento del sat\u00e9lite Arsat-1 desde Kourou, en la Guayana Francesa, la Presidenta Cristina Fern\u00e1ndez de Kirchner habl\u00f3 por cadena nacional y se refiri\u00f3 con mucha emoci\u00f3n al trabajo de los investigadores argentinos. La Presidenta manifest\u00f3 que el lanzamiento del primer sat\u00e9lite geoestacionario argentino es \"un orgullo\" y record\u00f3\u2026","rel":"","context":"En \u00abSociedad\u00bb","block_context":{"text":"Sociedad","link":"http:\/\/www.24baires.com\/?cat=1"},"img":{"alt_text":"","src":"https:\/\/i0.wp.com\/www.24baires.com\/wp-content\/uploads\/2014\/10\/cristina-sat%C3%A9lite.jpg?resize=350%2C200","width":350,"height":200,"srcset":"https:\/\/i0.wp.com\/www.24baires.com\/wp-content\/uploads\/2014\/10\/cristina-sat%C3%A9lite.jpg?resize=350%2C200 1x, https:\/\/i0.wp.com\/www.24baires.com\/wp-content\/uploads\/2014\/10\/cristina-sat%C3%A9lite.jpg?resize=525%2C300 1.5x"},"classes":[]},{"id":72895,"url":"http:\/\/www.24baires.com\/?p=72895","url_meta":{"origin":72922,"position":2},"title":"Esta tarde lanzar\u00e1n el Arsat-2 desde la Guayana Francesa","author":"AF","date":"30\/09\/2015","format":false,"excerpt":"El cohete que portar\u00e1 el sat\u00e9lite se encuentra en la plataforma de lanzamiento del Centro Espacial de Kourou y est\u00e1 listo para despegue. La operaci\u00f3n comenzar\u00e1 a las 17.30 (hora argentina). La misi\u00f3n, identificada como Va 226, llevar\u00e1 junto al Arsat-2 al sat\u00e9lite Sky Munster, de origen australiano. La venta\u2026","rel":"","context":"En \u00abTecnolog\u00eda\u00bb","block_context":{"text":"Tecnolog\u00eda","link":"http:\/\/www.24baires.com\/?cat=46"},"img":{"alt_text":"","src":"https:\/\/i0.wp.com\/www.24baires.com\/wp-content\/uploads\/2015\/09\/arsat.jpg?resize=350%2C200","width":350,"height":200,"srcset":"https:\/\/i0.wp.com\/www.24baires.com\/wp-content\/uploads\/2015\/09\/arsat.jpg?resize=350%2C200 1x, https:\/\/i0.wp.com\/www.24baires.com\/wp-content\/uploads\/2015\/09\/arsat.jpg?resize=525%2C300 1.5x"},"classes":[]},{"id":52818,"url":"http:\/\/www.24baires.com\/?p=52818","url_meta":{"origin":72922,"position":3},"title":"\u00abNo hay m\u00e1s de ocho pa\u00edses que fabriquen sat\u00e9lites como el Arsat-1\u00bb","author":"AF","date":"31\/08\/2014","format":false,"excerpt":"La presidenta Cristina Fern\u00e1ndez de Kirchner destac\u00f3 hoy que \u201cno hay m\u00e1s de ocho pa\u00edses en el mundo que tengan la capacidad de fabricar sat\u00e9lites geoestacionarios del tama\u00f1o del Arsat-1\u201d, al referirse al sat\u00e9lite argentino que ayer fue transportado a la Guayana Francesa, en el norte de Sudam\u00e9rica, antes de\u2026","rel":"","context":"En \u00abTecnolog\u00eda\u00bb","block_context":{"text":"Tecnolog\u00eda","link":"http:\/\/www.24baires.com\/?cat=46"},"img":{"alt_text":"cristina arsat","src":"https:\/\/i0.wp.com\/www.24baires.com\/wp-content\/uploads\/2014\/08\/cristina-arsat-300x199.jpg?resize=350%2C200","width":350,"height":200},"classes":[]},{"id":72909,"url":"http:\/\/www.24baires.com\/?p=72909","url_meta":{"origin":72922,"position":4},"title":"El sat\u00e9lite Arsat-2 fue lanzado al espacio","author":"GB","date":"30\/09\/2015","format":false,"excerpt":"El sat\u00e9lite geoestacionario argentino Arsat 2 fue lanzado a las 17.29 al espacio a bordo de un cohete Ariane 5 franc\u00e9s desde la base de Kourou, en la Guayana Francesa. La delegaci\u00f3n argentina estall\u00f3 en festejos cuando los controladores de misi\u00f3n informaron que el desacople del sat\u00e9lite argentino Arsat-2 fue\u2026","rel":"","context":"En \u00abSociedad\u00bb","block_context":{"text":"Sociedad","link":"http:\/\/www.24baires.com\/?cat=1"},"img":{"alt_text":"","src":"https:\/\/i0.wp.com\/www.24baires.com\/wp-content\/uploads\/2015\/09\/arsat-2.jpg?resize=350%2C200","width":350,"height":200,"srcset":"https:\/\/i0.wp.com\/www.24baires.com\/wp-content\/uploads\/2015\/09\/arsat-2.jpg?resize=350%2C200 1x, https:\/\/i0.wp.com\/www.24baires.com\/wp-content\/uploads\/2015\/09\/arsat-2.jpg?resize=525%2C300 1.5x"},"classes":[]},{"id":52775,"url":"http:\/\/www.24baires.com\/?p=52775","url_meta":{"origin":72922,"position":5},"title":"Cristina: \u00abSomos uno de los 8 pa\u00edses en el mundo que fabrican estos sat\u00e9lites\u00bb","author":"Grupo Sierra","date":"30\/08\/2014","format":false,"excerpt":"La presidenta Cristina Fern\u00e1ndez de Kirchner destac\u00f3 \"la capacidad de generar tecnolog\u00eda por la inversi\u00f3n del Estado y por los recursos humanos altamente calificados\" al resaltar \"la partida del ARSAT 1 desde Bariloche, que es el primer sat\u00e9lite geoestacionario \u00edntegramente dise\u00f1ado, construido y testeado en el pa\u00eds\". A trav\u00e9s de\u2026","rel":"","context":"En \u00abTecnolog\u00eda\u00bb","block_context":{"text":"Tecnolog\u00eda","link":"http:\/\/www.24baires.com\/?cat=46"},"img":{"alt_text":"cristina twitter 2013","src":"https:\/\/i0.wp.com\/www.24baires.com\/wp-content\/uploads\/2013\/09\/cristina-twitter-2013.jpg?resize=350%2C200","width":350,"height":200,"srcset":"https:\/\/i0.wp.com\/www.24baires.com\/wp-content\/uploads\/2013\/09\/cristina-twitter-2013.jpg?resize=350%2C200 1x, https:\/\/i0.wp.com\/www.24baires.com\/wp-content\/uploads\/2013\/09\/cristina-twitter-2013.jpg?resize=525%2C300 1.5x"},"classes":[]}],"jetpack_sharing_enabled":true,"jetpack_likes_enabled":true,"jetpack_featured_media_url":"","_links":{"self":[{"href":"http:\/\/www.24baires.com\/index.php?rest_route=\/wp\/v2\/posts\/72922","targetHints":{"allow":["GET"]}}],"collection":[{"href":"http:\/\/www.24baires.com\/index.php?rest_route=\/wp\/v2\/posts"}],"about":[{"href":"http:\/\/www.24baires.com\/index.php?rest_route=\/wp\/v2\/types\/post"}],"author":[{"embeddable":true,"href":"http:\/\/www.24baires.com\/index.php?rest_route=\/wp\/v2\/users\/8"}],"replies":[{"embeddable":true,"href":"http:\/\/www.24baires.com\/index.php?rest_route=%2Fwp%2Fv2%2Fcomments&post=72922"}],"version-history":[{"count":3,"href":"http:\/\/www.24baires.com\/index.php?rest_route=\/wp\/v2\/posts\/72922\/revisions"}],"predecessor-version":[{"id":72927,"href":"http:\/\/www.24baires.com\/index.php?rest_route=\/wp\/v2\/posts\/72922\/revisions\/72927"}],"wp:attachment":[{"href":"http:\/\/www.24baires.com\/index.php?rest_route=%2Fwp%2Fv2%2Fmedia&parent=72922"}],"wp:term":[{"taxonomy":"category","embeddable":true,"href":"http:\/\/www.24baires.com\/index.php?rest_route=%2Fwp%2Fv2%2Fcategories&post=72922"},{"taxonomy":"post_tag","embeddable":true,"href":"http:\/\/www.24baires.com\/index.php?rest_route=%2Fwp%2Fv2%2Ftags&post=72922"}],"curies":[{"name":"wp","href":"https:\/\/api.w.org\/{rel}","templated":true}]}}