{"id":72903,"date":"2015-09-30T16:46:11","date_gmt":"2015-09-30T19:46:11","guid":{"rendered":"http:\/\/www.24baires.com\/?p=72903"},"modified":"2015-09-30T16:46:11","modified_gmt":"2015-09-30T19:46:11","slug":"sciolli-el-norte-argentino-dejo-de-ser-la-puerta-trasera-del-pais","status":"publish","type":"post","link":"http:\/\/www.24baires.com\/?p=72903","title":{"rendered":"Sciolli: \u00abEl norte argentino dej\u00f3 de ser la puerta trasera del pa\u00eds\u00bb"},"content":{"rendered":"<p><img data-recalc-dims=\"1\" loading=\"lazy\" decoding=\"async\" class=\"aligncenter size-full wp-image-72134\" src=\"https:\/\/i0.wp.com\/www.24baires.com\/wp-content\/uploads\/2015\/09\/scioli1.jpg?resize=560%2C357\" alt=\"scioli\" width=\"560\" height=\"357\" srcset=\"https:\/\/i0.wp.com\/www.24baires.com\/wp-content\/uploads\/2015\/09\/scioli1.jpg?w=560 560w, https:\/\/i0.wp.com\/www.24baires.com\/wp-content\/uploads\/2015\/09\/scioli1.jpg?resize=300%2C191 300w\" sizes=\"auto, (max-width: 560px) 100vw, 560px\" \/>As\u00ed lo afirm\u00f3 el candidato a presidente por el Frente para la Victoria, en el marco de la ceremonia de inauguraci\u00f3n del Centro Integral de Salud de la ciudad de La Banda, Santiago del Estero.<!--more--><\/p>\n<p>\u00abSantiago necesita que sigamos trabajando codo a codo, porque el norte argentino ha dejado de ser la puerta trasera del pa\u00eds, hoy es la gran puerta de entrada de integraci\u00f3n en Latinoamerica y somos la f\u00f3rmula del federalismo productivo, la fuerza de los hechos, las realizaciones y fundamentalmente de un futuro mejor\u00bb, dijo Scioli.<\/p>\n<p>En un multitudinario acto, al que tambi\u00e9n asisti\u00f3 su compa\u00f1ero de f\u00f3rmula, Carlos Zannini, el gobernador bonaerense asegur\u00f3 que \u00abteniendo perseverancia y tenacidad sobre estos s\u00f3lidos cimientos, vamos a construir cada d\u00eda un pa\u00eds mejor, porque est\u00e1n dadas todas las condiciones\u00bb.<\/p>\n<p>Por eso cuando esta alianza Cambiemos con \u00ab(Mauricio) Macri a la cabeza propone las tres d de desanimar, deslegitimar y devaluar que afectan a los trabajadores, nosotros proponemos llevar adelante la agenda de las tres \u00abt\u00bb del Papa Francisco: tierra, techo y trabajo para todos\u00bb, agreg\u00f3.<\/p>\n<p>Asimismo, se comprometi\u00f3 \u00aba movilizar toda la fuerza productiva, vamos a ir mejorando toda la competitividad y fundamentalmente dejamos claro que hemos recuperado los ferrocarriles argentinos y ahora vamos a desarrollar todo lo que hace al transporte urbano, lo prometemos y lo vamos a cumplir\u00bb.<\/p>\n<p>En otro pasaje de su discurso, el candidato a presidente dijo que se viene \u00abun gran desaf\u00edo para Carlos Zannini y para m\u00ed, continuar el legado de ese gran presidente que tuve el honor de acompa\u00f1ar en alusi\u00f3n a N\u00e9stor Kirchner\u00bb.<\/p>\n<p>\u00abAhora todos se acuerdan del norte argentino, pero fue Gerardo Zamora quien trabaj\u00f3 al lado de N\u00e9stor y Cristina en la primera etapa de la reparaci\u00f3n hist\u00f3rica y hoy yo vengo a comprometerme ante todo el pueblo santiague\u00f1o, para llevar adelante la segunda etapa del acta de reparaci\u00f3n hist\u00f3rica, que fue hecha por ustedes interpretando los nuevos sue\u00f1os\u00bb, destac\u00f3.<\/p>\n<p>Al referirse al Centro de Salud Integral de Salud inaugurado hoy en La Banda y tras destacar la obra del sanitarista Ram\u00f3n Carrillo, Scioli dijo que se trata de \u00abuna gran obra de ingenieria y de vanguardia, con un equipamiento de ultima generaci\u00f3n, fortalecidos por programas nacionales, personal m\u00e9dico y enfermer\u00eda y todos los que contribuyen con su servicio a salvar vidas, a curar y prevenir\u00bb.<\/p>\n<p>Tambi\u00e9n envi\u00f3 un mensaje a los pobladores de Las Termas de R\u00edo Hondo al indicar que \u00abes un lugar que marc\u00f3 mi vida para siempre, agradecido porque all\u00ed mi pap\u00e1 y mam\u00e1 me engendraron y hoy se ha convertido en un pueblo de desarrollo tur\u00edstico, con grandes eventos deportivos, culturales y empresarios\u00bb.<\/p>\n<p>\u00abYo me comprometo a ser presidente y al desarrollo tur\u00edstico en el pa\u00eds, porque genera trabajo, el turismo moviliza la gastronom\u00eda y hoteler\u00eda, m\u00e1s Argentina en el mundo y m\u00e1s mundo en la Argentina, para seguir trayendo m\u00e1s inversiones\u00bb, agreg\u00f3.<\/p>\n<p>Tambi\u00e9n, expres\u00f3 su reconocimiento \u00abal querido pueblo santiague\u00f1o que nos ha dado la alegr\u00eda de la provincia en la que hemos sacado el mayor porcentaje de votos en todo el pa\u00eds y eso no es m\u00e9rito nuestro, sino la gratitud y el reconocimiento de ustedes\u00bb.<\/p>\n<p>\u00abAhora los convocamos a la pr\u00f3xima victoria, que no es del Frente para la Victoria ni del Frente C\u00edvico, sino es la victoria de ustedes, de los trabajadores santiague\u00f1os, de la inclusi\u00f3n, de este proyecto de salud integradora, el 25 de octubre vayan a buscar un Santiago y una Argentina mejor, con esperanza, entusiasmo y el orgullo de saber que vamos a seguir trabajando junto\u00bb, concluy\u00f3.<\/p>\n","protected":false},"excerpt":{"rendered":"<p>As\u00ed lo afirm\u00f3 el candidato a presidente por el Frente para la Victoria, en el marco de la ceremonia de inauguraci\u00f3n del Centro Integral de Salud de la ciudad de La Banda, Santiago del Estero.<\/p>\n","protected":false},"author":8,"featured_media":0,"comment_status":"open","ping_status":"open","sticky":false,"template":"","format":"standard","meta":{"_jetpack_newsletter_access":"","_jetpack_dont_email_post_to_subs":false,"_jetpack_newsletter_tier_id":0,"_jetpack_memberships_contains_paywalled_content":false,"_jetpack_memberships_contains_paid_content":false,"footnotes":""},"categories":[51],"tags":[],"class_list":["post-72903","post","type-post","status-publish","format-standard","hentry","category-politica"],"jetpack_shortlink":"https:\/\/wp.me\/p2JWE0-iXR","jetpack-related-posts":[{"id":111124,"url":"http:\/\/www.24baires.com\/?p=111124","url_meta":{"origin":72903,"position":0},"title":"Hasta Lousteau dice que \u00abhay que volver a discutir\u00bb los pagos con el FMI","author":"AF","date":"10\/07\/2019","format":false,"excerpt":"Formul\u00f3 estos conceptos al ingresar al predio de Parque Norte donde se desarrolla la cumbre de la coalici\u00f3n gobernante, con las resonantes ausencias de Gerardo Morales y Elisa Carri\u00f3. El diputado nacional por Evoluci\u00f3n Mart\u00edn Lousteau dijo que el pa\u00eds debe zanjar su discusi\u00f3n electoral para luego \"volver a discutir\u2026","rel":"","context":"En \u00abEconom\u00eda\u00bb","block_context":{"text":"Econom\u00eda","link":"http:\/\/www.24baires.com\/?cat=45"},"img":{"alt_text":"","src":"https:\/\/i0.wp.com\/www.24baires.com\/wp-content\/uploads\/2014\/03\/lousteau.jpg?resize=350%2C200","width":350,"height":200,"srcset":"https:\/\/i0.wp.com\/www.24baires.com\/wp-content\/uploads\/2014\/03\/lousteau.jpg?resize=350%2C200 1x, https:\/\/i0.wp.com\/www.24baires.com\/wp-content\/uploads\/2014\/03\/lousteau.jpg?resize=525%2C300 1.5x"},"classes":[]},{"id":9721,"url":"http:\/\/www.24baires.com\/?p=9721","url_meta":{"origin":72903,"position":1},"title":"La senadora Di Rado propone un acto popular para recibir a la Fragata en Mar del Plata","author":"Grupo Sierra","date":"19\/12\/2012","format":false,"excerpt":"La senadora provincial Cristina Di Rado celebr\u00f3 la decisi\u00f3n de la Presidenta de la Naci\u00f3n de que la Fragata Libertad arribe al pa\u00eds tocando el puerto de la ciudad de Mar del Plata y reiter\u00f3 su pedido que ese d\u00eda haya actos en cada ciudad de la Rep\u00fablica Argentina. \u201cEstoy\u2026","rel":"","context":"En \u00abPol\u00edtica\u00bb","block_context":{"text":"Pol\u00edtica","link":"http:\/\/www.24baires.com\/?cat=51"},"img":{"alt_text":"DI RADO CRISTINA","src":"https:\/\/i0.wp.com\/www.24baires.com\/wp-content\/uploads\/2012\/12\/DI-RADO-CRISTINA-300x287.jpg?resize=350%2C200","width":350,"height":200},"classes":[]},{"id":116123,"url":"http:\/\/www.24baires.com\/?p=116123","url_meta":{"origin":72903,"position":2},"title":"\u00abLa Argentina central que tiene periferias no se puede tolerar m\u00e1s\u00bb","author":"AF","date":"01\/09\/2020","format":false,"excerpt":"El Presidente encabez\u00f3 la firma de convenios con el gobernador de Chaco, Jorge Capitanich. En ese marco, defendi\u00f3 el acceso a la conectividad y al conocimiento en todo el pa\u00eds. El presidente Alberto Fern\u00e1ndez reafirm\u00f3 que \"la Argentina central, que tiene dos periferias, al norte y a sur del pa\u00eds,\u2026","rel":"","context":"En \u00abPol\u00edtica\u00bb","block_context":{"text":"Pol\u00edtica","link":"http:\/\/www.24baires.com\/?cat=51"},"img":{"alt_text":"","src":"https:\/\/i0.wp.com\/www.24baires.com\/wp-content\/uploads\/2020\/09\/fern%C3%A1ndez-capitanich.jpg?resize=350%2C200","width":350,"height":200,"srcset":"https:\/\/i0.wp.com\/www.24baires.com\/wp-content\/uploads\/2020\/09\/fern%C3%A1ndez-capitanich.jpg?resize=350%2C200 1x, https:\/\/i0.wp.com\/www.24baires.com\/wp-content\/uploads\/2020\/09\/fern%C3%A1ndez-capitanich.jpg?resize=525%2C300 1.5x"},"classes":[]},{"id":75119,"url":"http:\/\/www.24baires.com\/?p=75119","url_meta":{"origin":72903,"position":3},"title":"Scioli en Salta: \u00abPor favor, abramos bien los ojos\u00bb","author":"GB","date":"16\/11\/2015","format":false,"excerpt":"El candidato presidencial del Frente para la Victoria particip\u00f3 esta tarde de un acto en esa provincia, critic\u00f3 la actitud de Macri de hablar de esa regi\u00f3n s\u00f3lo cuando hay elecciones y se refiri\u00f3 al debate presidencial. \"Lo que qued\u00f3 claro fue mi compromiso con el salario, el trabajo, la\u2026","rel":"","context":"En \u00abElecciones 2015\u00bb","block_context":{"text":"Elecciones 2015","link":"http:\/\/www.24baires.com\/?cat=74"},"img":{"alt_text":"","src":"https:\/\/i0.wp.com\/www.24baires.com\/wp-content\/uploads\/2015\/11\/scioli-salta.jpg?resize=350%2C200","width":350,"height":200},"classes":[]},{"id":48718,"url":"http:\/\/www.24baires.com\/?p=48718","url_meta":{"origin":72903,"position":4},"title":"Intentaba contrabandear 60 mil cartones de cigarrillos pero lo atraparon en la frontera","author":"Grupo Sierra","date":"25\/06\/2014","format":false,"excerpt":"El chileno de 58 a\u00f1os intentaba retornar a Chile por el paso Cardenal Samor\u00e9 con mercanc\u00eda valuada en dos millones y medio de d\u00f3lares. Los fiscalizadores de la Aduana descubrieron los paquetes tras detectar que las puertas traseras del cami\u00f3n hab\u00edan sido intervenidas e incluso ten\u00edan soldadura reciente. Un camionero\u2026","rel":"","context":"En \u00abPoliciales\u00bb","block_context":{"text":"Policiales","link":"http:\/\/www.24baires.com\/?cat=49"},"img":{"alt_text":"camion","src":"https:\/\/i0.wp.com\/www.24baires.com\/wp-content\/uploads\/2014\/02\/camion-300x226.jpg?resize=350%2C200","width":350,"height":200},"classes":[]},{"id":104348,"url":"http:\/\/www.24baires.com\/?p=104348","url_meta":{"origin":72903,"position":5},"title":"Zarp\u00f3 el buque que buscar\u00e1 al ARA San Juan","author":"AF","date":"07\/09\/2018","format":false,"excerpt":"El buque de bandera noruega Seabed Constructor parti\u00f3 del puerto de Comodoro Rivadavia para intentar dar con el submarino desaparecido el 15 de noviembre pasado. Poco despu\u00e9s de las 14.30 de este viernes el buque Seabed Constructor de bandera noruega zarp\u00f3 desde el puerto de Comodoro Rivadavia con la misi\u00f3n\u2026","rel":"","context":"En \u00abSociedad\u00bb","block_context":{"text":"Sociedad","link":"http:\/\/www.24baires.com\/?cat=1"},"img":{"alt_text":"","src":"https:\/\/i0.wp.com\/www.24baires.com\/wp-content\/uploads\/2017\/11\/ara-submarino-san-juan.jpg?resize=350%2C200","width":350,"height":200,"srcset":"https:\/\/i0.wp.com\/www.24baires.com\/wp-content\/uploads\/2017\/11\/ara-submarino-san-juan.jpg?resize=350%2C200 1x, https:\/\/i0.wp.com\/www.24baires.com\/wp-content\/uploads\/2017\/11\/ara-submarino-san-juan.jpg?resize=525%2C300 1.5x"},"classes":[]}],"jetpack_sharing_enabled":true,"jetpack_likes_enabled":true,"jetpack_featured_media_url":"","_links":{"self":[{"href":"http:\/\/www.24baires.com\/index.php?rest_route=\/wp\/v2\/posts\/72903","targetHints":{"allow":["GET"]}}],"collection":[{"href":"http:\/\/www.24baires.com\/index.php?rest_route=\/wp\/v2\/posts"}],"about":[{"href":"http:\/\/www.24baires.com\/index.php?rest_route=\/wp\/v2\/types\/post"}],"author":[{"embeddable":true,"href":"http:\/\/www.24baires.com\/index.php?rest_route=\/wp\/v2\/users\/8"}],"replies":[{"embeddable":true,"href":"http:\/\/www.24baires.com\/index.php?rest_route=%2Fwp%2Fv2%2Fcomments&post=72903"}],"version-history":[{"count":1,"href":"http:\/\/www.24baires.com\/index.php?rest_route=\/wp\/v2\/posts\/72903\/revisions"}],"predecessor-version":[{"id":72904,"href":"http:\/\/www.24baires.com\/index.php?rest_route=\/wp\/v2\/posts\/72903\/revisions\/72904"}],"wp:attachment":[{"href":"http:\/\/www.24baires.com\/index.php?rest_route=%2Fwp%2Fv2%2Fmedia&parent=72903"}],"wp:term":[{"taxonomy":"category","embeddable":true,"href":"http:\/\/www.24baires.com\/index.php?rest_route=%2Fwp%2Fv2%2Fcategories&post=72903"},{"taxonomy":"post_tag","embeddable":true,"href":"http:\/\/www.24baires.com\/index.php?rest_route=%2Fwp%2Fv2%2Ftags&post=72903"}],"curies":[{"name":"wp","href":"https:\/\/api.w.org\/{rel}","templated":true}]}}