{"id":72893,"date":"2015-09-30T13:00:43","date_gmt":"2015-09-30T16:00:43","guid":{"rendered":"http:\/\/www.24baires.com\/?p=72893"},"modified":"2015-09-30T12:47:08","modified_gmt":"2015-09-30T15:47:08","slug":"cristina-no-viaja-a-santiago-del-estero-por-razones-de-fuerza-mayor","status":"publish","type":"post","link":"http:\/\/www.24baires.com\/?p=72893","title":{"rendered":"Cristina no viaja a Santiago del Estero por \u00abrazones de fuerza mayor\u00bb"},"content":{"rendered":"<p><img data-recalc-dims=\"1\" loading=\"lazy\" decoding=\"async\" class=\"aligncenter size-full wp-image-71658\" src=\"https:\/\/i0.wp.com\/www.24baires.com\/wp-content\/uploads\/2015\/09\/cristina-energia.jpg?resize=560%2C373\" alt=\"cristina energia\" width=\"560\" height=\"373\" srcset=\"https:\/\/i0.wp.com\/www.24baires.com\/wp-content\/uploads\/2015\/09\/cristina-energia.jpg?w=560 560w, https:\/\/i0.wp.com\/www.24baires.com\/wp-content\/uploads\/2015\/09\/cristina-energia.jpg?resize=300%2C200 300w\" sizes=\"auto, (max-width: 560px) 100vw, 560px\" \/>La presidenta inform\u00f3 este mediod\u00eda que no viajar\u00e1 a la provincia para participar, como ten\u00eda previsto, del acto de inauguraci\u00f3n del Centro Integral de la Salud de La Banda.<!--more--><\/p>\n<p>As\u00ed lo expres\u00f3 a trav\u00e9s de una carta dirigida a la gobernadora de la provincia, Claudia Ledesma Abdala de Zamora, y al presidente provisional del Senado, Gerardo Zamora, que fue difundida hoy a la prensa por la Presidencia.<\/p>\n<p>\u201cComo ustedes saben, ten\u00eda previsto visitar hoy su querida provincia pero, por razones de fuerza mayor, no podr\u00e9 estar presente en el acto de inauguraci\u00f3n del Centro Integral de la Salud de La Banda\u201d, afirm\u00f3 la mandataria.<\/p>\n<p>En este sentido, sostuvo que la inauguraci\u00f3n de ese centro de salud se suma \u201ca muchas otras obras realizadas en la provincia en el marco del acta de reparaci\u00f3n hist\u00f3rica firmada por el presidente N\u00e9stor Kirchner, que permiti\u00f3 producir una verdadera transformaci\u00f3n de Santiago del Estero\u201d.<\/p>\n<p>\u201cQuiero hacerme presente a trav\u00e9s de estas breves palabras de agradecimiento a ese pueblo que siempre sent\u00ed cercano y afectuoso, sobre todo en los momentos m\u00e1s dif\u00edciles de mi Presidencia\u201d, consign\u00f3 la Presidenta en la misiva difundida este mediod\u00eda.<\/p>\n<p>En ese marco, afirm\u00f3 que ese cari\u00f1o del pueblo santiague\u00f1o por N\u00e9stor Kirchner y por ella, siempre lo guardar\u00e1 en su memoria y su coraz\u00f3n.<\/p>\n<p>\u201cEspero poder estar pronto en la provincia, no de visita, porque cada vez que piso Santiago me siento en casa, para poder abrazarlos y decirles personalmente lo mucho que los quiero\u201d, expres\u00f3 la mandataria, quien finaliz\u00f3 el texto enviando \u201cun gran abrazo\u201d.<\/p>\n","protected":false},"excerpt":{"rendered":"<p>La presidenta inform\u00f3 este mediod\u00eda que no viajar\u00e1 a la provincia para participar, como ten\u00eda previsto, del acto de inauguraci\u00f3n del Centro Integral de la Salud de La Banda.<\/p>\n","protected":false},"author":4,"featured_media":0,"comment_status":"open","ping_status":"open","sticky":false,"template":"","format":"standard","meta":{"_jetpack_newsletter_access":"","_jetpack_dont_email_post_to_subs":false,"_jetpack_newsletter_tier_id":0,"_jetpack_memberships_contains_paywalled_content":false,"_jetpack_memberships_contains_paid_content":false,"footnotes":""},"categories":[51],"tags":[],"class_list":["post-72893","post","type-post","status-publish","format-standard","hentry","category-politica"],"jetpack_shortlink":"https:\/\/wp.me\/p2JWE0-iXH","jetpack-related-posts":[{"id":72903,"url":"http:\/\/www.24baires.com\/?p=72903","url_meta":{"origin":72893,"position":0},"title":"Sciolli: \u00abEl norte argentino dej\u00f3 de ser la puerta trasera del pa\u00eds\u00bb","author":"GB","date":"30\/09\/2015","format":false,"excerpt":"As\u00ed lo afirm\u00f3 el candidato a presidente por el Frente para la Victoria, en el marco de la ceremonia de inauguraci\u00f3n del Centro Integral de Salud de la ciudad de La Banda, Santiago del Estero. \"Santiago necesita que sigamos trabajando codo a codo, porque el norte argentino ha dejado de\u2026","rel":"","context":"En \u00abPol\u00edtica\u00bb","block_context":{"text":"Pol\u00edtica","link":"http:\/\/www.24baires.com\/?cat=51"},"img":{"alt_text":"scioli","src":"https:\/\/i0.wp.com\/www.24baires.com\/wp-content\/uploads\/2015\/09\/scioli1.jpg?resize=350%2C200","width":350,"height":200,"srcset":"https:\/\/i0.wp.com\/www.24baires.com\/wp-content\/uploads\/2015\/09\/scioli1.jpg?resize=350%2C200 1x, https:\/\/i0.wp.com\/www.24baires.com\/wp-content\/uploads\/2015\/09\/scioli1.jpg?resize=525%2C300 1.5x"},"classes":[]},{"id":113971,"url":"http:\/\/www.24baires.com\/?p=113971","url_meta":{"origin":72893,"position":1},"title":"Brandsen: Kicillof inaugur\u00f3 un centro de salud y se volvi\u00f3 a referir a la deuda","author":"AF","date":"30\/01\/2020","format":false,"excerpt":"\u201cTenemos una enorme deuda como Gobierno, pero la principal es con los y las bonaerenses\u201d, dijo el Gobernador en Brandsen. El mandatario bonaerense Axel Kicillof encabez\u00f3 la inauguraci\u00f3n del Centro de Atenci\u00f3n Primaria de la Salud (CAPS) del Barrio las Mandarinas, en Brandsen, distrito gobernado por el boina blanca, Daniel\u2026","rel":"","context":"En \u00abProvincia\u00bb","block_context":{"text":"Provincia","link":"http:\/\/www.24baires.com\/?cat=40"},"img":{"alt_text":"","src":"https:\/\/i0.wp.com\/www.24baires.com\/wp-content\/uploads\/2020\/01\/kicillof-brandsen.jpg?resize=350%2C200","width":350,"height":200,"srcset":"https:\/\/i0.wp.com\/www.24baires.com\/wp-content\/uploads\/2020\/01\/kicillof-brandsen.jpg?resize=350%2C200 1x, https:\/\/i0.wp.com\/www.24baires.com\/wp-content\/uploads\/2020\/01\/kicillof-brandsen.jpg?resize=525%2C300 1.5x"},"classes":[]},{"id":115334,"url":"http:\/\/www.24baires.com\/?p=115334","url_meta":{"origin":72893,"position":2},"title":"El Presidente suspendi\u00f3 su viaje a Catamarca tras el coronavirus positivo de Insaurralde","author":"AF","date":"12\/06\/2020","format":false,"excerpt":"El ministro de Desarrollo Social, Daniel Arroyo, hab\u00eda tenido contacto con el intendente de Lomas de Zamora y forma parte de la comitiva presidencial. Por ese motivo, y por prevenci\u00f3n, el Presidente tom\u00f3 la decisi\u00f3n de suspender su visita a la \u00fanica provincia de Argentina sin casos de coronavirus. El\u2026","rel":"","context":"En \u00abPol\u00edtica\u00bb","block_context":{"text":"Pol\u00edtica","link":"http:\/\/www.24baires.com\/?cat=51"},"img":{"alt_text":"","src":"https:\/\/i0.wp.com\/www.24baires.com\/wp-content\/uploads\/2020\/06\/alberto-kicillof-larreta.jpg?resize=350%2C200","width":350,"height":200,"srcset":"https:\/\/i0.wp.com\/www.24baires.com\/wp-content\/uploads\/2020\/06\/alberto-kicillof-larreta.jpg?resize=350%2C200 1x, https:\/\/i0.wp.com\/www.24baires.com\/wp-content\/uploads\/2020\/06\/alberto-kicillof-larreta.jpg?resize=525%2C300 1.5x"},"classes":[]},{"id":58413,"url":"http:\/\/www.24baires.com\/?p=58413","url_meta":{"origin":72893,"position":3},"title":"La Presidenta inaugurar\u00e1 el hospital municipal de Mor\u00f3n","author":"GB","date":"10\/12\/2014","format":false,"excerpt":"La Presidenta encabezar\u00e1 a las 18 el acto de inauguraci\u00f3n del hospital, que le demand\u00f3 al Estado Nacional una inversi\u00f3n de 310 millones de pesos, y luego se trasladar\u00e1 al Centro Recreativo y Deportivo Municipal \u201cGorki Grana\u201d para recorrer sus instalaciones. Adem\u00e1s Cristina mantendr\u00e1 tres videoconferencias, todas con la Ciudad\u2026","rel":"","context":"En \u00abPol\u00edtica\u00bb","block_context":{"text":"Pol\u00edtica","link":"http:\/\/www.24baires.com\/?cat=51"},"img":{"alt_text":"cristina","src":"https:\/\/i0.wp.com\/www.24baires.com\/wp-content\/uploads\/2014\/09\/cristina3.jpg?resize=350%2C200","width":350,"height":200,"srcset":"https:\/\/i0.wp.com\/www.24baires.com\/wp-content\/uploads\/2014\/09\/cristina3.jpg?resize=350%2C200 1x, https:\/\/i0.wp.com\/www.24baires.com\/wp-content\/uploads\/2014\/09\/cristina3.jpg?resize=525%2C300 1.5x"},"classes":[]},{"id":3698,"url":"http:\/\/www.24baires.com\/?p=3698","url_meta":{"origin":72893,"position":4},"title":"Suspenden la inauguraci\u00f3n del CEMA","author":"AF","date":"29\/10\/2012","format":false,"excerpt":"MAR DEL PLATA - Aunque el Centro de Especialidades M\u00e9dicas Ambulatorias ya se encuentra en funcionamiento, la inauguraci\u00f3n oficial deber\u00e1 seguir esperando, ya que la presidenta Cristina Fern\u00e1ndez de Kirchner no pod\u00eda realizar la teleconferencia pautada para este lunes. En principio, estaba previsto que el acto se realizara este lunes\u2026","rel":"","context":"En \u00abLocales\u00bb","block_context":{"text":"Locales","link":"http:\/\/www.24baires.com\/?cat=38"},"img":{"alt_text":"","src":"","width":0,"height":0},"classes":[]},{"id":72916,"url":"http:\/\/www.24baires.com\/?p=72916","url_meta":{"origin":72893,"position":5},"title":"\u00abHay candidatos que descubrieron que tienen que salir al interior\u00bb","author":"GB","date":"30\/09\/2015","format":false,"excerpt":"Lo se\u00f1al\u00f3 el candidato a vicepresidente por el Frente para la Victoria, Carlos Zannini, de cara a las elecciones generales. Zannini acus\u00f3 a candidatos de \"prometer cosas que ya est\u00e1n hechas\". \"Ahora han descubierto que deben salir al interior y mucho de las cosas que est\u00e1n prometiendo ya est\u00e1n hechas,\u2026","rel":"","context":"En \u00abElecciones 2015\u00bb","block_context":{"text":"Elecciones 2015","link":"http:\/\/www.24baires.com\/?cat=74"},"img":{"alt_text":"zanini2","src":"https:\/\/i0.wp.com\/www.24baires.com\/wp-content\/uploads\/2015\/08\/zanini2.jpg?resize=350%2C200","width":350,"height":200,"srcset":"https:\/\/i0.wp.com\/www.24baires.com\/wp-content\/uploads\/2015\/08\/zanini2.jpg?resize=350%2C200 1x, https:\/\/i0.wp.com\/www.24baires.com\/wp-content\/uploads\/2015\/08\/zanini2.jpg?resize=525%2C300 1.5x"},"classes":[]}],"jetpack_sharing_enabled":true,"jetpack_likes_enabled":true,"jetpack_featured_media_url":"","_links":{"self":[{"href":"http:\/\/www.24baires.com\/index.php?rest_route=\/wp\/v2\/posts\/72893","targetHints":{"allow":["GET"]}}],"collection":[{"href":"http:\/\/www.24baires.com\/index.php?rest_route=\/wp\/v2\/posts"}],"about":[{"href":"http:\/\/www.24baires.com\/index.php?rest_route=\/wp\/v2\/types\/post"}],"author":[{"embeddable":true,"href":"http:\/\/www.24baires.com\/index.php?rest_route=\/wp\/v2\/users\/4"}],"replies":[{"embeddable":true,"href":"http:\/\/www.24baires.com\/index.php?rest_route=%2Fwp%2Fv2%2Fcomments&post=72893"}],"version-history":[{"count":1,"href":"http:\/\/www.24baires.com\/index.php?rest_route=\/wp\/v2\/posts\/72893\/revisions"}],"predecessor-version":[{"id":72894,"href":"http:\/\/www.24baires.com\/index.php?rest_route=\/wp\/v2\/posts\/72893\/revisions\/72894"}],"wp:attachment":[{"href":"http:\/\/www.24baires.com\/index.php?rest_route=%2Fwp%2Fv2%2Fmedia&parent=72893"}],"wp:term":[{"taxonomy":"category","embeddable":true,"href":"http:\/\/www.24baires.com\/index.php?rest_route=%2Fwp%2Fv2%2Fcategories&post=72893"},{"taxonomy":"post_tag","embeddable":true,"href":"http:\/\/www.24baires.com\/index.php?rest_route=%2Fwp%2Fv2%2Ftags&post=72893"}],"curies":[{"name":"wp","href":"https:\/\/api.w.org\/{rel}","templated":true}]}}