{"id":72873,"date":"2015-09-29T21:47:38","date_gmt":"2015-09-30T00:47:38","guid":{"rendered":"http:\/\/www.24baires.com\/?p=72873"},"modified":"2015-09-29T21:47:38","modified_gmt":"2015-09-30T00:47:38","slug":"nadie-puede-dudar-del-compromiso-de-cristina-con-malvinas","status":"publish","type":"post","link":"http:\/\/www.24baires.com\/?p=72873","title":{"rendered":"\u00abNadie puede dudar del compromiso de Cristina con Malvinas\u00bb"},"content":{"rendered":"<p><img data-recalc-dims=\"1\" loading=\"lazy\" decoding=\"async\" class=\"aligncenter size-full wp-image-52714\" src=\"https:\/\/i0.wp.com\/www.24baires.com\/wp-content\/uploads\/2014\/08\/timerman.jpg?resize=560%2C333\" alt=\"timerman\" width=\"560\" height=\"333\" srcset=\"https:\/\/i0.wp.com\/www.24baires.com\/wp-content\/uploads\/2014\/08\/timerman.jpg?w=560 560w, https:\/\/i0.wp.com\/www.24baires.com\/wp-content\/uploads\/2014\/08\/timerman.jpg?resize=300%2C178 300w\" sizes=\"auto, (max-width: 560px) 100vw, 560px\" \/>Lo afirm\u00f3 el canciller H\u00e9ctor Timerman en referencia al discurso de ayer de Cristina Fern\u00e1ndez de Kirchner ante la ONU.<!--more--><\/p>\n<p>Timerman explic\u00f3: \u201cCada presidente tiene un tiempo limitado para los discursos ante la Asamblea General de las Naciones Unidas (ONU) y, en este momento, prioriz\u00f3 otros temas\u201d.<\/p>\n<p>Sin embargo, sostuvo que, en su tiempo de exposici\u00f3n ante los l\u00edderes de la comunidad internacional en el \u00e1mbito de la ONU, \u201cno puede mencionar todos los temas\u201d, con lo cual \u201cprioriz\u00f3 lo que prioriz\u00f3\u201d.<\/p>\n<p>El canciller insisti\u00f3 en que \u201ca nadie le quedan dudas\u201d del \u201ccompromiso\u201d de la Presidenta \u201ccon Malvinas\u201d.<\/p>\n<p>El di\u00e1logo por Malvinas. Una de las referencias de la Presidenta en el tema fue el 13 de este mes cuando envi\u00f3 una carta de salutaci\u00f3n al nuevo l\u00edder del Partido Laborista del Reino Unido, Jeremy Corbyn.<\/p>\n<p>En la carta, Cristina Fern\u00e1ndez de Kirchner remarc\u00f3 la importancia de poner \u00abla pol\u00edtica al servicio de los pueblos y la econom\u00eda al servicio del bienestar de todos los ciudadanos\u00bb.<\/p>\n<p>\u00abEl Gobierno de la Rep\u00fablica Argentina extiende sus felicitaciones al nuevo l\u00edder del Partido Laborista del Reino Unido, Jeremy Corbyn\u00bb, indica el texto tras conocerse que Corbyn result\u00f3 ganador en las elecciones primarias y que ha vencido con un 59,5% de los votos emitidos.<\/p>\n<p>La carta subraya: \u00ab\u00c9ste es tambi\u00e9n el triunfo de todos quienes representamos la voluntad de poner la pol\u00edtica al servicio de los pueblos, y la econom\u00eda al servicio del bienestar de todos los ciudadanos. Tambi\u00e9n de quienes abogamos por la Paz y la resoluci\u00f3n pac\u00edfica de los conflictos\u00bb.<\/p>\n<p>\u00abJeremy Corbyn es el gran amigo de Am\u00e9rica Latina y comparte solidariamente nuestra reivindicaci\u00f3n de la igualdad y la soberan\u00eda pol\u00edtica\u00bb, destaca la mandataria, quien asever\u00f3: \u00ab(Corbyn) se ha expresado claramente en el Parlamento brit\u00e1nico a favor de la Argentina en nuestra lucha por los derechos humanos, contra los intereses usurarios de los fondos buitre y acompa\u00f1a activamente el llamamiento de la comunidad internacional a favor del di\u00e1logo entre el Reino Unido y Argentina en la cuesti\u00f3n Malvinas\u00bb. Por este motivo concluye, \u00abhoy ha triunfado la esperanza\u00bb.<\/p>\n<p>&nbsp;<\/p>\n<p>&nbsp;<\/p>\n<p>&nbsp;<\/p>\n<p>&nbsp;<\/p>\n<p>&nbsp;<\/p>\n<p>&nbsp;<\/p>\n<p>&nbsp;<\/p>\n<p>&nbsp;<\/p>\n<p>&nbsp;<\/p>\n<p>&nbsp;<\/p>\n<p>&nbsp;<\/p>\n<p>&nbsp;<\/p>\n<p>&nbsp;<\/p>\n<p>&nbsp;<\/p>\n<p>&nbsp;<\/p>\n<p>&nbsp;<\/p>\n<p>&nbsp;<\/p>\n<p>&nbsp;<\/p>\n<p>&nbsp;<\/p>\n<p>&nbsp;<\/p>\n<p>&nbsp;<\/p>\n<p>&nbsp;<\/p>\n<p>&nbsp;<\/p>\n","protected":false},"excerpt":{"rendered":"<p>Lo afirm\u00f3 el canciller H\u00e9ctor Timerman en referencia al discurso de ayer de Cristina Fern\u00e1ndez de Kirchner ante la ONU.<\/p>\n","protected":false},"author":8,"featured_media":0,"comment_status":"open","ping_status":"open","sticky":false,"template":"","format":"standard","meta":{"_jetpack_newsletter_access":"","_jetpack_dont_email_post_to_subs":false,"_jetpack_newsletter_tier_id":0,"_jetpack_memberships_contains_paywalled_content":false,"_jetpack_memberships_contains_paid_content":false,"footnotes":""},"categories":[51],"tags":[],"class_list":["post-72873","post","type-post","status-publish","format-standard","hentry","category-politica"],"jetpack_shortlink":"https:\/\/wp.me\/p2JWE0-iXn","jetpack-related-posts":[{"id":119005,"url":"http:\/\/www.24baires.com\/?p=119005","url_meta":{"origin":72873,"position":0},"title":"Cafiero pidi\u00f3 al Reino Unido retomar las negociaciones por la soberan\u00eda sobre Malvinas","author":"AF","date":"23\/06\/2022","format":false,"excerpt":"Durante su exposici\u00f3n en la Sesi\u00f3n Especial del Comit\u00e9 de Descolonizaci\u00f3n de la Organizaci\u00f3n de las Naciones Unidas, el Canciller le dijo adem\u00e1s que \"es momento\" de que \"deje en las p\u00e1ginas de la historia su ejercicio de potencia colonial\". El canciller Santiago Cafiero pidi\u00f3 que el Reino Unido \"no\u2026","rel":"","context":"En \u00abInternacionales\u00bb","block_context":{"text":"Internacionales","link":"http:\/\/www.24baires.com\/?cat=73"},"img":{"alt_text":"","src":"https:\/\/i0.wp.com\/www.24baires.com\/wp-content\/uploads\/2022\/06\/cafiero.jpg?resize=350%2C200","width":350,"height":200,"srcset":"https:\/\/i0.wp.com\/www.24baires.com\/wp-content\/uploads\/2022\/06\/cafiero.jpg?resize=350%2C200 1x, https:\/\/i0.wp.com\/www.24baires.com\/wp-content\/uploads\/2022\/06\/cafiero.jpg?resize=525%2C300 1.5x, https:\/\/i0.wp.com\/www.24baires.com\/wp-content\/uploads\/2022\/06\/cafiero.jpg?resize=700%2C400 2x"},"classes":[]},{"id":67391,"url":"http:\/\/www.24baires.com\/?p=67391","url_meta":{"origin":72873,"position":1},"title":"\u00abEl problema de Cameron es que no lee los documentos de Naciones Unidas\u00bb","author":"AF","date":"11\/06\/2015","format":false,"excerpt":"Timerman se refiri\u00f3 as\u00ed a la controversia que mantuvo con el primer ministro brit\u00e1nico en el marco de la Segunda Cumbre de la Celac y la UE, que se desarrolla hasta ma\u00f1ana en la ciudad belga de Bruselas. El canciller H\u00e9ctor Timerman afirm\u00f3 que el primer ministro brit\u00e1nico, David Cameron,\u2026","rel":"","context":"En \u00abInternacionales\u00bb","block_context":{"text":"Internacionales","link":"http:\/\/www.24baires.com\/?cat=73"},"img":{"alt_text":"timerman","src":"https:\/\/i0.wp.com\/www.24baires.com\/wp-content\/uploads\/2014\/08\/timerman.jpg?resize=350%2C200","width":350,"height":200,"srcset":"https:\/\/i0.wp.com\/www.24baires.com\/wp-content\/uploads\/2014\/08\/timerman.jpg?resize=350%2C200 1x, https:\/\/i0.wp.com\/www.24baires.com\/wp-content\/uploads\/2014\/08\/timerman.jpg?resize=525%2C300 1.5x"},"classes":[]},{"id":63733,"url":"http:\/\/www.24baires.com\/?p=63733","url_meta":{"origin":72873,"position":2},"title":"Argentina denunci\u00f3 el aumento del gasto militar en Malvinas","author":"GB","date":"30\/03\/2015","format":false,"excerpt":"La Argentina denunci\u00f3 hoy \"el injustificado aumento del ya desmedido gasto militar brit\u00e1nico en las Islas Malvinas\" mediante notas enviadas por el canciller H\u00e9ctor Timerman a la ONU, la OEA, la Unasur y otros organismos internacionales. La Argentina denunci\u00f3 hoy \"el injustificado aumento del ya desmedido gasto militar brit\u00e1nico en\u2026","rel":"","context":"En \u00abPol\u00edtica\u00bb","block_context":{"text":"Pol\u00edtica","link":"http:\/\/www.24baires.com\/?cat=51"},"img":{"alt_text":"","src":"","width":0,"height":0},"classes":[]},{"id":43691,"url":"http:\/\/www.24baires.com\/?p=43691","url_meta":{"origin":72873,"position":3},"title":"Timerman denunci\u00f3 que Inglaterra har\u00e1 pruebas militares en Malvinas","author":"Grupo Sierra","date":"11\/04\/2014","format":false,"excerpt":"Lo asegur\u00f3 el canciller H\u00e9ctor Timerman durante una conferencia de prensa en la que denunci\u00f3 una \"nueva exhibici\u00f3n belicista en la zona de paz\". A trav\u00e9s del canciller H\u00e9ctor Timerman, el gobierno argentino present\u00f3 hoy una nota de \"en\u00e9rgica protesta\" ante el Reino Unido frente a una \"nueva exhibici\u00f3n belicista\u2026","rel":"","context":"En \u00abPol\u00edtica\u00bb","block_context":{"text":"Pol\u00edtica","link":"http:\/\/www.24baires.com\/?cat=51"},"img":{"alt_text":"timerman","src":"https:\/\/i0.wp.com\/www.24baires.com\/wp-content\/uploads\/2013\/03\/timerman.jpg?resize=350%2C200","width":350,"height":200,"srcset":"https:\/\/i0.wp.com\/www.24baires.com\/wp-content\/uploads\/2013\/03\/timerman.jpg?resize=350%2C200 1x, https:\/\/i0.wp.com\/www.24baires.com\/wp-content\/uploads\/2013\/03\/timerman.jpg?resize=525%2C300 1.5x"},"classes":[]},{"id":67346,"url":"http:\/\/www.24baires.com\/?p=67346","url_meta":{"origin":72873,"position":4},"title":"Timerman y Cameron tuvieron un fuerte cruce por la soberan\u00eda sobre Malvinas","author":"AF","date":"10\/06\/2015","format":false,"excerpt":"El canciller revindic\u00f3 el hist\u00f3rico reclamo de Argentina por la soberan\u00eda sobre las Islas Malvinas, y el primer ministro brit\u00e1nico se ofendi\u00f3, y calific\u00f3 de\u00b7\"amenazantes\" las declaraciones del argentino, en el marco de la Segunda Cumbre de la Comunidad de Estados Latinoamericanos y Caribe\u00f1os (Celac) y la Uni\u00f3n Europea (UE),\u2026","rel":"","context":"En \u00abInternacionales\u00bb","block_context":{"text":"Internacionales","link":"http:\/\/www.24baires.com\/?cat=73"},"img":{"alt_text":"timerman","src":"https:\/\/i0.wp.com\/www.24baires.com\/wp-content\/uploads\/2013\/03\/timerman.jpg?resize=350%2C200","width":350,"height":200,"srcset":"https:\/\/i0.wp.com\/www.24baires.com\/wp-content\/uploads\/2013\/03\/timerman.jpg?resize=350%2C200 1x, https:\/\/i0.wp.com\/www.24baires.com\/wp-content\/uploads\/2013\/03\/timerman.jpg?resize=525%2C300 1.5x"},"classes":[]},{"id":19148,"url":"http:\/\/www.24baires.com\/?p=19148","url_meta":{"origin":72873,"position":5},"title":"Latinoam\u00e9rica y el Caribe renovar\u00e1n ante la ONU el reclamo por las Islas Malvinas","author":"AF","date":"23\/03\/2013","format":false,"excerpt":"El canciller H\u00e9ctor Timerman ser\u00e1 recibido en una audiencia este martes con el secretario general de la ONU, Ban ki-Moon, y le renovar\u00e1 el reclamo para que realice gestiones tendientes a que el Reino Unido retome las negociaciones con Argentina. Timerman estar\u00e1 acompa\u00f1ado por una delegaci\u00f3n integrada por los cancilleres\u2026","rel":"","context":"En \u00abPol\u00edtica\u00bb","block_context":{"text":"Pol\u00edtica","link":"http:\/\/www.24baires.com\/?cat=51"},"img":{"alt_text":"","src":"","width":0,"height":0},"classes":[]}],"jetpack_sharing_enabled":true,"jetpack_likes_enabled":true,"jetpack_featured_media_url":"","_links":{"self":[{"href":"http:\/\/www.24baires.com\/index.php?rest_route=\/wp\/v2\/posts\/72873","targetHints":{"allow":["GET"]}}],"collection":[{"href":"http:\/\/www.24baires.com\/index.php?rest_route=\/wp\/v2\/posts"}],"about":[{"href":"http:\/\/www.24baires.com\/index.php?rest_route=\/wp\/v2\/types\/post"}],"author":[{"embeddable":true,"href":"http:\/\/www.24baires.com\/index.php?rest_route=\/wp\/v2\/users\/8"}],"replies":[{"embeddable":true,"href":"http:\/\/www.24baires.com\/index.php?rest_route=%2Fwp%2Fv2%2Fcomments&post=72873"}],"version-history":[{"count":1,"href":"http:\/\/www.24baires.com\/index.php?rest_route=\/wp\/v2\/posts\/72873\/revisions"}],"predecessor-version":[{"id":72874,"href":"http:\/\/www.24baires.com\/index.php?rest_route=\/wp\/v2\/posts\/72873\/revisions\/72874"}],"wp:attachment":[{"href":"http:\/\/www.24baires.com\/index.php?rest_route=%2Fwp%2Fv2%2Fmedia&parent=72873"}],"wp:term":[{"taxonomy":"category","embeddable":true,"href":"http:\/\/www.24baires.com\/index.php?rest_route=%2Fwp%2Fv2%2Fcategories&post=72873"},{"taxonomy":"post_tag","embeddable":true,"href":"http:\/\/www.24baires.com\/index.php?rest_route=%2Fwp%2Fv2%2Ftags&post=72873"}],"curies":[{"name":"wp","href":"https:\/\/api.w.org\/{rel}","templated":true}]}}