{"id":72864,"date":"2015-09-29T20:06:41","date_gmt":"2015-09-29T23:06:41","guid":{"rendered":"http:\/\/www.24baires.com\/?p=72864"},"modified":"2015-09-29T20:06:41","modified_gmt":"2015-09-29T23:06:41","slug":"desde-la-matanza-scioli-definio-a-la-seguridad-como-su-prioridad","status":"publish","type":"post","link":"http:\/\/www.24baires.com\/?p=72864","title":{"rendered":"Desde La Matanza, Scioli defini\u00f3 a la seguridad como su \u201cprioridad\u201d"},"content":{"rendered":"<p><img data-recalc-dims=\"1\" loading=\"lazy\" decoding=\"async\" class=\"aligncenter size-full wp-image-72134\" src=\"https:\/\/i0.wp.com\/www.24baires.com\/wp-content\/uploads\/2015\/09\/scioli1.jpg?resize=560%2C357\" alt=\"scioli\" width=\"560\" height=\"357\" srcset=\"https:\/\/i0.wp.com\/www.24baires.com\/wp-content\/uploads\/2015\/09\/scioli1.jpg?w=560 560w, https:\/\/i0.wp.com\/www.24baires.com\/wp-content\/uploads\/2015\/09\/scioli1.jpg?resize=300%2C191 300w\" sizes=\"auto, (max-width: 560px) 100vw, 560px\" \/>El gobernador y candidato a presidente por el FPV reiter\u00f3 que las pol\u00edticas de seguridad ciudadana ser\u00e1n su \u201cprioridad\u201d y se comprometi\u00f3 a \u201cestar cerca de los problemas\u00bb para solucionarlos.<!--more--><\/p>\n<p>El gobernador bonaerense y candidato a presidente por el Frente para la Victoria, Daniel Scioli reiter\u00f3 que las pol\u00edticas de seguridad ciudadana ser\u00e1n su \u201cprioridad\u201d en el caso de resultar electo en los pr\u00f3ximos comicios y adem\u00e1s se comprometi\u00f3 a \u201cestar cerca de los problemas, porque cuanto m\u00e1s cerca estamos, m\u00e1s r\u00e1pido llegan las soluciones\u201d.<\/p>\n<p>Durante un acto de egreso de agentes de la Polic\u00eda local en la localidad de Ramos Mej\u00eda, en el que estuvo junto al intendente de La Matanza Fernando Espinoza, Scioli afirm\u00f3: \u201cLa seguridad fue, es y ser\u00e1 mi prioridad porque se trata de cuidar la vida\u201d.<\/p>\n<p>Sobre su visi\u00f3n respecto a las pol\u00edticas de seguridad, el gobernador bonaerense marc\u00f3 como objetivos \u201cacorralar el delito, sacarles las armas a los delincuentes, combatir el narcotr\u00e1fico e impulsar pol\u00edticas de inclusi\u00f3n\u201d.<\/p>\n<p>En ese sentido, sentenci\u00f3 que en la lucha contra el delito organizado \u201cla clave es que la polic\u00eda llegue antes del delito y se pueda prevenir\u201d.<\/p>\n<p>Como una premisa de su forma de gestionar, el candidato presidencial del oficialismo se\u00f1al\u00f3 que \u201ccuando m\u00e1s cerca estemos de los problemas, m\u00e1s r\u00e1pido llegar\u00e1n las soluciones\u201d.<\/p>\n<p>\u201cVamos entregar nuestra gobernaci\u00f3n con 95 mil polic\u00edas y con una baja del 50 por ciento de los robos seguido de homicidio desde que declaramos la emergencia\u201d, sostuvo Scioli, quien admiti\u00f3: \u201cSabemos que todav\u00eda falta, pero s\u00e9 c\u00f3mo hacerlo\u201d.<\/p>\n<p>En un mensaje dirigido a los flamantes agentes de la Polic\u00eda local de La Matanza, el gobernador bonaerense les pidi\u00f3: \u201cHonren el uniforme, el arma que le da la sociedad. Sean solidarios y sensibles, con autoridad, pero sin autoritarismo\u201d, concluy\u00f3.<\/p>\n<p>Previo al discurso de Scioli, fue el turno del intendente Fernando Espinoza quien defini\u00f3 al mandatario provincial como \u201cun hombre que habla poco, pero trabaja mucho\u201d.<\/p>\n<p>Espinoza, acompa\u00f1ado por la candidata a intendenta kirchnerista de ese distrito Ver\u00f3nica Magario, fustig\u00f3 a la alianza Cambiemos encabezada por el jefe de Gobierno porte\u00f1o Mauricio Macri al se\u00f1alar que \u201cellos dicen que son el cambio, pero tienen todo lo malo de lo viejo de la pol\u00edtica como la corrupci\u00f3n y eso es repudiable\u201d.<\/p>\n<p>Euf\u00f3rico, Espinoza le prometi\u00f3 a Scioli que \u201cLa Matanza lo va a acompa\u00f1ar el pr\u00f3ximo 25 de octubre para reventar las urnas con votos\u201d.<\/p>\n<p>A 26 d\u00edas de las elecciones, el candidato presidencial del FpV tambi\u00e9n particip\u00f3 de un acto en el municipio de Tres de Febrero junto al secretario general de Presidencia Eduardo &#8216;Wado&#8217; de Pedro, el jefe de Gabinete An\u00edbal Fern\u00e1ndez, el titular del Afsca Mart\u00edn Sabbatella, y el intendente de ese distrito Hugo Curto.<\/p>\n<p>Asimismo, desde el entorno del gobernador se confirm\u00f3 que ma\u00f1ana al mediod\u00eda participar\u00e1 del acto que encabezar\u00e1 la presidenta de la Naci\u00f3n en la provincia de Santiago del Estero, para luego viajar a Mendoza donde continuar\u00e1 sus recorridos de campa\u00f1a.<\/p>\n","protected":false},"excerpt":{"rendered":"<p>El gobernador y candidato a presidente por el FPV reiter\u00f3 que las pol\u00edticas de seguridad ciudadana ser\u00e1n su \u201cprioridad\u201d y se comprometi\u00f3 a \u201cestar cerca de los problemas\u00bb para solucionarlos.<\/p>\n","protected":false},"author":8,"featured_media":0,"comment_status":"open","ping_status":"open","sticky":false,"template":"","format":"standard","meta":{"_jetpack_newsletter_access":"","_jetpack_dont_email_post_to_subs":false,"_jetpack_newsletter_tier_id":0,"_jetpack_memberships_contains_paywalled_content":false,"_jetpack_memberships_contains_paid_content":false,"footnotes":""},"categories":[51],"tags":[],"class_list":["post-72864","post","type-post","status-publish","format-standard","hentry","category-politica"],"jetpack_shortlink":"https:\/\/wp.me\/p2JWE0-iXe","jetpack-related-posts":[{"id":33009,"url":"http:\/\/www.24baires.com\/?p=33009","url_meta":{"origin":72864,"position":0},"title":"Scioli y Bossio entregaron netbooks en una escuela de Hurlingham","author":"GB","date":"04\/10\/2013","format":false,"excerpt":"El gobernador de la provincia de Buenos Aires destac\u00f3 \"la recuperaci\u00f3n\" de las escuelas t\u00e9cnicas impulsadas por el proceso de \"reindustrializaci\u00f3n\" de los \u00faltimos a\u00f1os, al entregar junto con el titular del Anses, 1.000 netbooks del plan Conectar Igualdad a alumnos de una escuela t\u00e9cnica de Hurlingham. \"Se ha recuperado\u2026","rel":"","context":"En \u00abPol\u00edtica\u00bb","block_context":{"text":"Pol\u00edtica","link":"http:\/\/www.24baires.com\/?cat=51"},"img":{"alt_text":"","src":"https:\/\/i0.wp.com\/www.24baires.com\/wp-content\/uploads\/2013\/10\/scioli-hurlingam.jpg?resize=350%2C200","width":350,"height":200},"classes":[]},{"id":81510,"url":"http:\/\/www.24baires.com\/?p=81510","url_meta":{"origin":72864,"position":1},"title":"Scioli llam\u00f3 a conformar un \u00abfrente\u00bb ciudadano opositor","author":"GB","date":"15\/04\/2016","format":false,"excerpt":"El ex gobernador bonaerense Daniel Scioli llam\u00f3 hoy a conformar un \"frente\" peronista, a la vez que se mostr\u00f3 en sinton\u00eda con el pedido de la ex presidenta Cristina Fern\u00e1ndez de Kirchner de construir un \"frente ciudadano\", al afirmar que su iniciativa ser\u00e1 a partir de un \"encuentro que vayan\u2026","rel":"","context":"En \u00abPol\u00edtica\u00bb","block_context":{"text":"Pol\u00edtica","link":"http:\/\/www.24baires.com\/?cat=51"},"img":{"alt_text":"scioli abrazo","src":"https:\/\/i0.wp.com\/www.24baires.com\/wp-content\/uploads\/2015\/11\/scioli-abrazo.jpg?resize=350%2C200","width":350,"height":200},"classes":[]},{"id":73738,"url":"http:\/\/www.24baires.com\/?p=73738","url_meta":{"origin":72864,"position":2},"title":"Para Scioli, la negociaci\u00f3n con los fondos buitre \u00abno es prioridad\u00bb en su agenda","author":"GB","date":"18\/10\/2015","format":false,"excerpt":"El candidato presidencial del Frente para la Victoria Daniel Scioli afirm\u00f3 que \u201cNo es una prioridad en mi agenda de trabajo\u201d al referirse a la disputa con los fondos buitre y reiter\u00f3 que nuestro pa\u00eds tiene \u201cvoluntad y capacidad de pago en condiciones justas y equitativas\u201d. \u201cNo es una prioridad\u2026","rel":"","context":"En \u00abPol\u00edtica\u00bb","block_context":{"text":"Pol\u00edtica","link":"http:\/\/www.24baires.com\/?cat=51"},"img":{"alt_text":"scioli","src":"https:\/\/i0.wp.com\/www.24baires.com\/wp-content\/uploads\/2015\/07\/scioli.jpg?resize=350%2C200","width":350,"height":200,"srcset":"https:\/\/i0.wp.com\/www.24baires.com\/wp-content\/uploads\/2015\/07\/scioli.jpg?resize=350%2C200 1x, https:\/\/i0.wp.com\/www.24baires.com\/wp-content\/uploads\/2015\/07\/scioli.jpg?resize=525%2C300 1.5x"},"classes":[]},{"id":101122,"url":"http:\/\/www.24baires.com\/?p=101122","url_meta":{"origin":72864,"position":3},"title":"Indagar\u00e1n a Scioli por irregularidades en la construcci\u00f3n de las UPA 24","author":"AF","date":"17\/03\/2018","format":false,"excerpt":"El ex gobernador Daniel Scioli y quien fuera su ministro de Salud, Alejandro Collia, fueron imputados y citados a prestar declaraci\u00f3n indagatoria en el marco de una causa que investiga presuntas irregularidades en la adjudicaci\u00f3n de ocho Unidades de Pronta Atenci\u00f3n (UPA 24) para las que se destinaron m\u00e1s de\u2026","rel":"","context":"En \u00abJUDICIALES\u00bb","block_context":{"text":"JUDICIALES","link":"http:\/\/www.24baires.com\/?cat=68"},"img":{"alt_text":"","src":"https:\/\/i0.wp.com\/www.24baires.com\/wp-content\/uploads\/2014\/05\/Daniel-Scioli.jpg?resize=350%2C200","width":350,"height":200,"srcset":"https:\/\/i0.wp.com\/www.24baires.com\/wp-content\/uploads\/2014\/05\/Daniel-Scioli.jpg?resize=350%2C200 1x, https:\/\/i0.wp.com\/www.24baires.com\/wp-content\/uploads\/2014\/05\/Daniel-Scioli.jpg?resize=525%2C300 1.5x"},"classes":[]},{"id":16450,"url":"http:\/\/www.24baires.com\/?p=16450","url_meta":{"origin":72864,"position":4},"title":"Scioli habl\u00f3 de avances en \u00abpol\u00edticas sociales de prevenci\u00f3n de seguridad\u00bb","author":"Grupo Sierra","date":"22\/02\/2013","format":false,"excerpt":"MAR DEL PLATA.- El gobernador bonaerense, Daniel Scioli, subray\u00f3 hoy la necesidad de seguir avanzando en la instrumentaci\u00f3n de \"pol\u00edticas sociales de prevenci\u00f3n\" en materia de seguridad ciudadana. Fue en el marco del seminario \"Gobiernos y Seguridad: la Experiencia de R\u00edo de Janeiro\" que se desarroll\u00f3 en Mar del Plata,\u2026","rel":"","context":"En \u00abPol\u00edtica\u00bb","block_context":{"text":"Pol\u00edtica","link":"http:\/\/www.24baires.com\/?cat=51"},"img":{"alt_text":"","src":"https:\/\/i0.wp.com\/www.24baires.com\/wp-content\/uploads\/2013\/02\/scioli-seguridad-mdp.jpg?resize=350%2C200","width":350,"height":200,"srcset":"https:\/\/i0.wp.com\/www.24baires.com\/wp-content\/uploads\/2013\/02\/scioli-seguridad-mdp.jpg?resize=350%2C200 1x, https:\/\/i0.wp.com\/www.24baires.com\/wp-content\/uploads\/2013\/02\/scioli-seguridad-mdp.jpg?resize=525%2C300 1.5x"},"classes":[]},{"id":51490,"url":"http:\/\/www.24baires.com\/?p=51490","url_meta":{"origin":72864,"position":5},"title":"Scioli critic\u00f3 a los que \u00absiguen dilatando\u00bb la adhesi\u00f3n a la Polic\u00eda Municipal","author":"GB","date":"09\/08\/2014","format":false,"excerpt":"Z\u00c1RATE-El gobernador bonaerense asegur\u00f3 que \"hay quienes por una raz\u00f3n u otra siguen poni\u00e9ndole trabajas a la posibilidad de duplicar el n\u00famero de polic\u00edas en los municipios\" El gobernador Daniel Scioli particip\u00f3 este s\u00e1bado de la firma del municipio de Z\u00e1rate al Convenio de Adhsesi\u00f3n a la Polic\u00eda Local junto\u2026","rel":"","context":"En \u00abPol\u00edtica\u00bb","block_context":{"text":"Pol\u00edtica","link":"http:\/\/www.24baires.com\/?cat=51"},"img":{"alt_text":"scioli prensa","src":"https:\/\/i0.wp.com\/www.24baires.com\/wp-content\/uploads\/2013\/11\/scioli-prensa.jpg?resize=350%2C200","width":350,"height":200,"srcset":"https:\/\/i0.wp.com\/www.24baires.com\/wp-content\/uploads\/2013\/11\/scioli-prensa.jpg?resize=350%2C200 1x, https:\/\/i0.wp.com\/www.24baires.com\/wp-content\/uploads\/2013\/11\/scioli-prensa.jpg?resize=525%2C300 1.5x"},"classes":[]}],"jetpack_sharing_enabled":true,"jetpack_likes_enabled":true,"jetpack_featured_media_url":"","_links":{"self":[{"href":"http:\/\/www.24baires.com\/index.php?rest_route=\/wp\/v2\/posts\/72864","targetHints":{"allow":["GET"]}}],"collection":[{"href":"http:\/\/www.24baires.com\/index.php?rest_route=\/wp\/v2\/posts"}],"about":[{"href":"http:\/\/www.24baires.com\/index.php?rest_route=\/wp\/v2\/types\/post"}],"author":[{"embeddable":true,"href":"http:\/\/www.24baires.com\/index.php?rest_route=\/wp\/v2\/users\/8"}],"replies":[{"embeddable":true,"href":"http:\/\/www.24baires.com\/index.php?rest_route=%2Fwp%2Fv2%2Fcomments&post=72864"}],"version-history":[{"count":1,"href":"http:\/\/www.24baires.com\/index.php?rest_route=\/wp\/v2\/posts\/72864\/revisions"}],"predecessor-version":[{"id":72865,"href":"http:\/\/www.24baires.com\/index.php?rest_route=\/wp\/v2\/posts\/72864\/revisions\/72865"}],"wp:attachment":[{"href":"http:\/\/www.24baires.com\/index.php?rest_route=%2Fwp%2Fv2%2Fmedia&parent=72864"}],"wp:term":[{"taxonomy":"category","embeddable":true,"href":"http:\/\/www.24baires.com\/index.php?rest_route=%2Fwp%2Fv2%2Fcategories&post=72864"},{"taxonomy":"post_tag","embeddable":true,"href":"http:\/\/www.24baires.com\/index.php?rest_route=%2Fwp%2Fv2%2Ftags&post=72864"}],"curies":[{"name":"wp","href":"https:\/\/api.w.org\/{rel}","templated":true}]}}