{"id":72861,"date":"2015-09-29T19:33:35","date_gmt":"2015-09-29T22:33:35","guid":{"rendered":"http:\/\/www.24baires.com\/?p=72861"},"modified":"2015-09-29T19:33:35","modified_gmt":"2015-09-29T22:33:35","slug":"para-samid-un-gobierno-de-macri-dura-3-minutos","status":"publish","type":"post","link":"http:\/\/www.24baires.com\/?p=72861","title":{"rendered":"Para Samid, \u00abun Gobierno de Macri dura 3 minutos\u00bb"},"content":{"rendered":"<p><img data-recalc-dims=\"1\" loading=\"lazy\" decoding=\"async\" class=\"alignleft size-full wp-image-39597\" src=\"https:\/\/i0.wp.com\/www.24baires.com\/wp-content\/uploads\/2014\/01\/Alberto-Samid.jpg?resize=300%2C200\" alt=\"Alberto Samid\" width=\"300\" height=\"200\" \/>El empresario de la carne, cercano afirm\u00f3 que el candidato de Cambiemos \u00abno tiene estructura para gobernar el pa\u00eds\u00bb. \u00abLo sacan los granaderos\u00bb, asegur\u00f3 a la vez que afirm\u00f3 que si gana el FpV se \u00abjubila tranquila. Si gana otro\u00bb va a \u00abtener que seguir trabajando\u00bb.<!--more--><\/p>\n<p>El empresario de la carne Alberto Samid se\u00f1al\u00f3 que una presidencia del l\u00edder del PRO Mauricio Macri durar\u00eda 3 minutos.<\/p>\n<p>El vicepresidente del Mercado Central, en declaraciones radiales, indic\u00f3: \u00ab\u00bfCu\u00e1nto puede durar un gobierno de Macri? Tres minutos, lo sacan los granaderos\u00bb.<\/p>\n<p>Y agreg\u00f3: \u00abMacri no tiene estructura para gobernar el pa\u00eds. No es Capital Federal, necesit\u00e1s gobernadores, senadores, diputados y Macri solo gan\u00f3 en un distrito\u00bb, a la vez que opin\u00f3 que el PRO solo \u00abno puede sacar ni una ley\u00bb.<\/p>\n<p>&nbsp;<\/p>\n<p>&nbsp;<\/p>\n<p>&nbsp;<\/p>\n<p>&nbsp;<\/p>\n<p>&nbsp;<\/p>\n<p>&nbsp;<\/p>\n<p>&nbsp;<\/p>\n<p>&nbsp;<\/p>\n<p>&nbsp;<\/p>\n<p>&nbsp;<\/p>\n<p>&nbsp;<\/p>\n<p>&nbsp;<\/p>\n<p>&nbsp;<\/p>\n<p>&nbsp;<\/p>\n<p>&nbsp;<\/p>\n","protected":false},"excerpt":{"rendered":"<p>El empresario de la carne, cercano afirm\u00f3 que el candidato de Cambiemos \u00abno tiene estructura para gobernar el pa\u00eds\u00bb. \u00abLo sacan los granaderos\u00bb, asegur\u00f3 a la vez que afirm\u00f3 que si gana el FpV se \u00abjubila tranquila. Si gana otro\u00bb va a \u00abtener que seguir trabajando\u00bb.<\/p>\n","protected":false},"author":8,"featured_media":0,"comment_status":"open","ping_status":"open","sticky":false,"template":"","format":"standard","meta":{"_jetpack_newsletter_access":"","_jetpack_dont_email_post_to_subs":false,"_jetpack_newsletter_tier_id":0,"_jetpack_memberships_contains_paywalled_content":false,"_jetpack_memberships_contains_paid_content":false,"footnotes":""},"categories":[51],"tags":[],"class_list":["post-72861","post","type-post","status-publish","format-standard","hentry","category-politica"],"jetpack_shortlink":"https:\/\/wp.me\/p2JWE0-iXb","jetpack-related-posts":[{"id":104234,"url":"http:\/\/www.24baires.com\/?p=104234","url_meta":{"origin":72861,"position":0},"title":"Alberto Samid lanz\u00f3 su candidatura a gobernador de la Provincia para 2019","author":"GB","date":"02\/09\/2018","format":false,"excerpt":"El empresario de la carne y ex vicepresidente del Mercado Central, se postul\u00f3 para la Gobernaci\u00f3n. Lo hizo desde La Matanza y replicar\u00e1 el acto en diferentes ciudades del conurbano. Como lo hab\u00eda anticipado, Alberto Samid lanz\u00f3 su candidatura para Gobernador de la Provincia de Buenos Aires para las elecciones\u2026","rel":"","context":"En \u00abProvincia\u00bb","block_context":{"text":"Provincia","link":"http:\/\/www.24baires.com\/?cat=40"},"img":{"alt_text":"","src":"https:\/\/i0.wp.com\/www.24baires.com\/wp-content\/uploads\/2014\/02\/samid.jpg?resize=350%2C200","width":350,"height":200,"srcset":"https:\/\/i0.wp.com\/www.24baires.com\/wp-content\/uploads\/2014\/02\/samid.jpg?resize=350%2C200 1x, https:\/\/i0.wp.com\/www.24baires.com\/wp-content\/uploads\/2014\/02\/samid.jpg?resize=525%2C300 1.5x"},"classes":[]},{"id":108471,"url":"http:\/\/www.24baires.com\/?p=108471","url_meta":{"origin":72861,"position":1},"title":"Duran Barba asegura que \u00abMacri decepcion\u00f3\u00bb y que podr\u00eda bajarse de la candidatura","author":"AF","date":"29\/05\/2019","format":false,"excerpt":"\"Es una decisi\u00f3n de \u00e9l\", afirm\u00f3 el ecuatoriano en una entrevista con el diario brasile\u00f1o O'Globo, donde reconoci\u00f3 que \"Macri decepci\u00f3n\u00f3\", que \"la situaci\u00f3n est\u00e1 complicada\" y que est\u00e1 \"preocupado\" por la reelecci\u00f3n. \"Es una decisi\u00f3n de \u00e9l. Es un buen dirigente. Los que le piden que desista nunca participaron\u2026","rel":"","context":"En \u00abPol\u00edtica\u00bb","block_context":{"text":"Pol\u00edtica","link":"http:\/\/www.24baires.com\/?cat=51"},"img":{"alt_text":"","src":"https:\/\/i0.wp.com\/www.24baires.com\/wp-content\/uploads\/2016\/01\/dur%C3%A1n-barba.jpg?resize=350%2C200","width":350,"height":200,"srcset":"https:\/\/i0.wp.com\/www.24baires.com\/wp-content\/uploads\/2016\/01\/dur%C3%A1n-barba.jpg?resize=350%2C200 1x, https:\/\/i0.wp.com\/www.24baires.com\/wp-content\/uploads\/2016\/01\/dur%C3%A1n-barba.jpg?resize=525%2C300 1.5x"},"classes":[]},{"id":108412,"url":"http:\/\/www.24baires.com\/?p=108412","url_meta":{"origin":72861,"position":2},"title":"La convenci\u00f3n de la UCR y el futuro de la alianza Cambiemos","author":"AF","date":"27\/05\/2019","format":false,"excerpt":"En Casa Rosada aguardan la decisi\u00f3n del radicalismo para definir la estrategia electoral, mientras crecen los reclamos internos por cambiar al candidato y ampliar la alianza oficialista. Mauricio Macri esperar\u00e1 al resultado de la Convenci\u00f3n de la UCR para definir sus pr\u00f3ximos pasos. Si, como espera, los radicales ratifican su\u2026","rel":"","context":"En \u00abPol\u00edtica\u00bb","block_context":{"text":"Pol\u00edtica","link":"http:\/\/www.24baires.com\/?cat=51"},"img":{"alt_text":"","src":"https:\/\/i0.wp.com\/www.24baires.com\/wp-content\/uploads\/2013\/03\/ucr.jpg?resize=350%2C200","width":350,"height":200,"srcset":"https:\/\/i0.wp.com\/www.24baires.com\/wp-content\/uploads\/2013\/03\/ucr.jpg?resize=350%2C200 1x, https:\/\/i0.wp.com\/www.24baires.com\/wp-content\/uploads\/2013\/03\/ucr.jpg?resize=525%2C300 1.5x"},"classes":[]},{"id":105088,"url":"http:\/\/www.24baires.com\/?p=105088","url_meta":{"origin":72861,"position":3},"title":"\u00abEstoy seguro de que Macri va a ganar en primera o en segunda\u00bb","author":"GB","date":"24\/10\/2018","format":false,"excerpt":"As\u00ed lo asegur\u00f3 el consultor ecuatoriano Jaime Dur\u00e1n Barba a la hora de analizar el panorama electoral de cara a las elecciones del 2019. Sostuvo que \"no es dif\u00edcil\" llegar al 40% en primera vuelta \"si se tiene en cuenta lo que pas\u00f3 en 2015 y 2017\" y sino Macri\u2026","rel":"","context":"En \u00abPol\u00edtica\u00bb","block_context":{"text":"Pol\u00edtica","link":"http:\/\/www.24baires.com\/?cat=51"},"img":{"alt_text":"","src":"https:\/\/i0.wp.com\/www.24baires.com\/wp-content\/uploads\/2016\/01\/dur%C3%A1n-barba.jpg?resize=350%2C200","width":350,"height":200,"srcset":"https:\/\/i0.wp.com\/www.24baires.com\/wp-content\/uploads\/2016\/01\/dur%C3%A1n-barba.jpg?resize=350%2C200 1x, https:\/\/i0.wp.com\/www.24baires.com\/wp-content\/uploads\/2016\/01\/dur%C3%A1n-barba.jpg?resize=525%2C300 1.5x"},"classes":[]},{"id":111729,"url":"http:\/\/www.24baires.com\/?p=111729","url_meta":{"origin":72861,"position":4},"title":"Gobernadores reclamaron compensaci\u00f3n por el costo de las medidas anunciadas por Macri","author":"AF","date":"21\/08\/2019","format":false,"excerpt":"El paquete de \"medidas de alivio\" lanzado por Macri tiene un costo fiscal de casi $52 mil millones que provendr\u00e1n de los fondos coparticipables que reciben las provincias. Los mandatarios exigen que se los compense. Un total de 19 gobernadores peronistas y de de las distintas fuerzas politicas provinciales criticaron\u2026","rel":"","context":"En \u00abPol\u00edtica\u00bb","block_context":{"text":"Pol\u00edtica","link":"http:\/\/www.24baires.com\/?cat=51"},"img":{"alt_text":"","src":"https:\/\/i0.wp.com\/www.24baires.com\/wp-content\/uploads\/2019\/08\/gobernadores.jpg?resize=350%2C200","width":350,"height":200,"srcset":"https:\/\/i0.wp.com\/www.24baires.com\/wp-content\/uploads\/2019\/08\/gobernadores.jpg?resize=350%2C200 1x, https:\/\/i0.wp.com\/www.24baires.com\/wp-content\/uploads\/2019\/08\/gobernadores.jpg?resize=525%2C300 1.5x"},"classes":[]},{"id":111315,"url":"http:\/\/www.24baires.com\/?p=111315","url_meta":{"origin":72861,"position":5},"title":"El extitular de la UIA asegura estar \u00abdefraudado\u00bb con Macri","author":"AF","date":"24\/07\/2019","format":false,"excerpt":"El empresario asegur\u00f3 que no apoyar\u00e1 la reelecci\u00f3n del Presidente por su pol\u00edtica industrial y porque \"defraud\u00f3 todo lo que hizo\". Agreg\u00f3 que no tiene \u201cganas de votar\u201d. El extitular de la Uni\u00f3n Industrial Argentina (UIA) H\u00e9ctor M\u00e9ndez asegur\u00f3 que el actual contexto de crisis econ\u00f3mica producto de la pol\u00edtica\u2026","rel":"","context":"En \u00abPol\u00edtica\u00bb","block_context":{"text":"Pol\u00edtica","link":"http:\/\/www.24baires.com\/?cat=51"},"img":{"alt_text":"","src":"https:\/\/i0.wp.com\/www.24baires.com\/wp-content\/uploads\/2019\/07\/m%C3%A9ndez-uia.jpg?resize=350%2C200","width":350,"height":200,"srcset":"https:\/\/i0.wp.com\/www.24baires.com\/wp-content\/uploads\/2019\/07\/m%C3%A9ndez-uia.jpg?resize=350%2C200 1x, https:\/\/i0.wp.com\/www.24baires.com\/wp-content\/uploads\/2019\/07\/m%C3%A9ndez-uia.jpg?resize=525%2C300 1.5x"},"classes":[]}],"jetpack_sharing_enabled":true,"jetpack_likes_enabled":true,"jetpack_featured_media_url":"","_links":{"self":[{"href":"http:\/\/www.24baires.com\/index.php?rest_route=\/wp\/v2\/posts\/72861","targetHints":{"allow":["GET"]}}],"collection":[{"href":"http:\/\/www.24baires.com\/index.php?rest_route=\/wp\/v2\/posts"}],"about":[{"href":"http:\/\/www.24baires.com\/index.php?rest_route=\/wp\/v2\/types\/post"}],"author":[{"embeddable":true,"href":"http:\/\/www.24baires.com\/index.php?rest_route=\/wp\/v2\/users\/8"}],"replies":[{"embeddable":true,"href":"http:\/\/www.24baires.com\/index.php?rest_route=%2Fwp%2Fv2%2Fcomments&post=72861"}],"version-history":[{"count":1,"href":"http:\/\/www.24baires.com\/index.php?rest_route=\/wp\/v2\/posts\/72861\/revisions"}],"predecessor-version":[{"id":72862,"href":"http:\/\/www.24baires.com\/index.php?rest_route=\/wp\/v2\/posts\/72861\/revisions\/72862"}],"wp:attachment":[{"href":"http:\/\/www.24baires.com\/index.php?rest_route=%2Fwp%2Fv2%2Fmedia&parent=72861"}],"wp:term":[{"taxonomy":"category","embeddable":true,"href":"http:\/\/www.24baires.com\/index.php?rest_route=%2Fwp%2Fv2%2Fcategories&post=72861"},{"taxonomy":"post_tag","embeddable":true,"href":"http:\/\/www.24baires.com\/index.php?rest_route=%2Fwp%2Fv2%2Ftags&post=72861"}],"curies":[{"name":"wp","href":"https:\/\/api.w.org\/{rel}","templated":true}]}}