{"id":72806,"date":"2015-09-28T20:08:36","date_gmt":"2015-09-28T23:08:36","guid":{"rendered":"http:\/\/www.24baires.com\/?p=72806"},"modified":"2015-09-29T10:57:43","modified_gmt":"2015-09-29T13:57:43","slug":"cfk-ante-la-onu-las-finanzas-no-pueden-seguir-manejando-la-politica","status":"publish","type":"post","link":"http:\/\/www.24baires.com\/?p=72806","title":{"rendered":"CFK ante la ONU: \u00abLas finanzas no pueden seguir manejando la pol\u00edtica\u00bb"},"content":{"rendered":"<p><img data-recalc-dims=\"1\" loading=\"lazy\" decoding=\"async\" class=\"aligncenter size-full wp-image-72807\" src=\"https:\/\/i0.wp.com\/www.24baires.com\/wp-content\/uploads\/2015\/09\/CFK-ONU.png?resize=560%2C372\" alt=\"CFK ONU\" width=\"560\" height=\"372\" srcset=\"https:\/\/i0.wp.com\/www.24baires.com\/wp-content\/uploads\/2015\/09\/CFK-ONU.png?w=560 560w, https:\/\/i0.wp.com\/www.24baires.com\/wp-content\/uploads\/2015\/09\/CFK-ONU.png?resize=300%2C199 300w\" sizes=\"auto, (max-width: 560px) 100vw, 560px\" \/>En su discurso, la Presidenta agradeci\u00f3 por la aprobaci\u00f3n de los nueve principios para reestructurar deudas soberanas impulsados por la Argentina.<!--more--><\/p>\n<p>La presidenta Cristina Fern\u00e1ndez de Kirchner afirm\u00f3 que desde los mercados financieros \u00abse deben inyectar recursos a la econom\u00eda real del mundo para generar producci\u00f3n y empleo\u201d, al hablar en la 70 Asamblea General de la Naciones Unidas.<br \/>\n\u201cLos mercados financieros deben inyectar recursos en la econom\u00eda real del mundo para generar producci\u00f3n, trabajo y desarrollo. De esta forma se compensar\u00e1n las desigualdades que existen entre los pa\u00edses\u201d, se\u00f1al\u00f3 la jefa de Estado.<\/p>\n<p>Y en ese sentido, aport\u00f3: \u201cEl 1 por ciento de la poblaci\u00f3n concentra el 50 por ciento de la riqueza a nivel global. \u00bfCu\u00e1nto tiempo puede sostenerse un mundo con tanta inequidad?\u201d.<\/p>\n<p>En tanto, la jefa de Estado agradeci\u00f3 a la Asamblea de la ONU por la aprobaci\u00f3n de los nueve principios para reestructurar deudas soberanas impulsados por la Argentina, al dar su discurso ante la 70\u00ba Asamblea General de Naciones Unidas con sede en Nueva York.<\/p>\n<p>La mandataria consider\u00f3 como el \u00abprimer intento serio de razonabilidad y regulaci\u00f3n al sector financiero\u00bb a los nueve principios aprobados por la ONU que dan marco a un sistema legal global para los procesos de reestructuraciones de deuda soberanas.<\/p>\n<p>\u00abEs un avance important\u00edsimo que debe ser consecuente\u00bb, resalt\u00f3 Cristina al hablar ante la Asamblea General de Naciones Unidas, donde volvi\u00f3 a apuntar contra el \u00abhostigamiento\u00bb que sufri\u00f3 la Argentina por parte de los fondos buitre y alert\u00f3 sobre la \u00abcomplicidad de cierto sector judicial\u00bb estadounidense.<\/p>\n<p>A la vez, dej\u00f3 en claro que \u00abesta aprobaci\u00f3n, que ya tiene antecedentes en el mundo, significa no una ayuda a la argentina, sino al resto del mundo\u00bb.<\/p>\n<p>En el \u00faltimo discurso de su mandato ante la ONU, Cristina tom\u00f3 la palabra despu\u00e9s del presidente de Zimbabwe, Robert Mugabe, y antes de su par de Bielorrusia, Alexander Lukashenko, a las 19.15 (hora argentina).<\/p>\n<p>La jefa de Estado est\u00e1 acompa\u00f1ada en el recinto por el canciller H\u00e9ctor Timerman; la jefa de la misi\u00f3n argentina en la ONU, Marita Perceval; el secretario Legal y T\u00e9cnico, Carlos Zaninni; el ministro de Econom\u00eda y Finanzas, Axel Kicillof; el titular de la Agencia Federal de Inteligencia, Oscar Parrilli; y la embajadora en Estados Unidos, Cecilia Nah\u00f3n.<\/p>\n<p>El discurso de la Presidenta ante el pleno del organismo internacional se da dos semanas despu\u00e9s de que una abrumadora mayor\u00eda apoyara en asamblea la iniciativa argentina para regular la reestructuraci\u00f3n de deudas soberanas.<\/p>\n<p>Ayer, exhort\u00f3 a \u201cderrumbar tab\u00faes y prejuicios\u201d para terminar con la discriminaci\u00f3n hacia las mujeres durante un discurso pronunciado ante altos mandatarios en una reuni\u00f3n sobre igualdad de g\u00e9nero realizada en el marco de la 70\u00ba Asamblea General del organismo con sede en Nueva York.<\/p>\n","protected":false},"excerpt":{"rendered":"<p>En su discurso, la Presidenta agradeci\u00f3 por la aprobaci\u00f3n de los nueve principios para reestructurar deudas soberanas impulsados por la Argentina.<\/p>\n","protected":false},"author":4,"featured_media":0,"comment_status":"open","ping_status":"open","sticky":false,"template":"","format":"standard","meta":{"_jetpack_newsletter_access":"","_jetpack_dont_email_post_to_subs":false,"_jetpack_newsletter_tier_id":0,"_jetpack_memberships_contains_paywalled_content":false,"_jetpack_memberships_contains_paid_content":false,"footnotes":""},"categories":[51],"tags":[],"class_list":["post-72806","post","type-post","status-publish","format-standard","hentry","category-politica"],"jetpack_shortlink":"https:\/\/wp.me\/p2JWE0-iWi","jetpack-related-posts":[{"id":116239,"url":"http:\/\/www.24baires.com\/?p=116239","url_meta":{"origin":72806,"position":0},"title":"El Gobierno trabaja en la creaci\u00f3n de fondo para \u00abmejorar recursos financieros\u00bb de las provincias","author":"AF","date":"15\/09\/2020","format":false,"excerpt":"\"Estamos trabajando con el Ministerio de Interior para que el a\u00f1o entrante tengamos un fondo para mejorar los recursos financieros de las provincias por v\u00eda de la coparticipaci\u00f3n u otra v\u00eda\", explic\u00f3 el presidente Alberto Fern\u00e1ndez en su visita a San Juan. El presidente Alberto Fern\u00e1ndez adelant\u00f3 que se trabaja\u2026","rel":"","context":"En \u00abSociedad\u00bb","block_context":{"text":"Sociedad","link":"http:\/\/www.24baires.com\/?cat=1"},"img":{"alt_text":"","src":"https:\/\/i0.wp.com\/www.24baires.com\/wp-content\/uploads\/2020\/09\/fern%C3%A1ndezz.jpg?resize=350%2C200","width":350,"height":200,"srcset":"https:\/\/i0.wp.com\/www.24baires.com\/wp-content\/uploads\/2020\/09\/fern%C3%A1ndezz.jpg?resize=350%2C200 1x, https:\/\/i0.wp.com\/www.24baires.com\/wp-content\/uploads\/2020\/09\/fern%C3%A1ndezz.jpg?resize=525%2C300 1.5x"},"classes":[]},{"id":111643,"url":"http:\/\/www.24baires.com\/?p=111643","url_meta":{"origin":72806,"position":1},"title":"\u00abCon la devaluaci\u00f3n se empobrecen miles de argentinos\u00bb","author":"AF","date":"15\/08\/2019","format":false,"excerpt":"El ganador de las PASO analiz\u00f3 que el valor al que lleg\u00f3 el d\u00f3lar tras la devaluaci\u00f3n posterior a las elecciones \u201ces razonable\u201d pero \"no tendr\u00edamos que dejar que se escape m\u00e1s\". Consider\u00f3 que no hay razones para que siga en aumento y advirti\u00f3 que Mauricio Macri debe cuidar las\u2026","rel":"","context":"En \u00abPol\u00edtica\u00bb","block_context":{"text":"Pol\u00edtica","link":"http:\/\/www.24baires.com\/?cat=51"},"img":{"alt_text":"","src":"https:\/\/i0.wp.com\/www.24baires.com\/wp-content\/uploads\/2019\/06\/alberto-fernandez.jpg?resize=350%2C200","width":350,"height":200,"srcset":"https:\/\/i0.wp.com\/www.24baires.com\/wp-content\/uploads\/2019\/06\/alberto-fernandez.jpg?resize=350%2C200 1x, https:\/\/i0.wp.com\/www.24baires.com\/wp-content\/uploads\/2019\/06\/alberto-fernandez.jpg?resize=525%2C300 1.5x"},"classes":[]},{"id":110972,"url":"http:\/\/www.24baires.com\/?p=110972","url_meta":{"origin":72806,"position":2},"title":"Alberto Fern\u00e1ndez manifest\u00f3 su disposici\u00f3n a revisar el acuerdo con el FMI","author":"AF","date":"27\/06\/2019","format":false,"excerpt":"Tras la reuni\u00f3n con la nueva misi\u00f3n del organismo de cr\u00e9dito multilateral, que realiza la cuarta inspecci\u00f3n al pa\u00eds desde la firma del stand by en mayo del a\u00f1o pasado, el candidato presidencial Alberto Fern\u00e1ndez advirti\u00f3 la \"complacencia\" de la entidad con la fuga de capitales. Adem\u00e1s subray\u00f3 los resultados\u2026","rel":"","context":"En \u00abPol\u00edtica\u00bb","block_context":{"text":"Pol\u00edtica","link":"http:\/\/www.24baires.com\/?cat=51"},"img":{"alt_text":"","src":"https:\/\/i0.wp.com\/www.24baires.com\/wp-content\/uploads\/2019\/06\/fern%C3%A1ndezz.jpg?resize=350%2C200","width":350,"height":200,"srcset":"https:\/\/i0.wp.com\/www.24baires.com\/wp-content\/uploads\/2019\/06\/fern%C3%A1ndezz.jpg?resize=350%2C200 1x, https:\/\/i0.wp.com\/www.24baires.com\/wp-content\/uploads\/2019\/06\/fern%C3%A1ndezz.jpg?resize=525%2C300 1.5x"},"classes":[]},{"id":119682,"url":"http:\/\/www.24baires.com\/?p=119682","url_meta":{"origin":72806,"position":3},"title":"Los objetivos del Banco Central para 2023","author":"AF","date":"31\/12\/2022","format":false,"excerpt":"El informe de fin de a\u00f1o del Banco Central realiza una evaluaci\u00f3n del 2022 y analiza cu\u00e1les considera que ser\u00e1n las principales tendencias de la inflaci\u00f3n, actividad, d\u00f3lar y tasa de inter\u00e9s para el a\u00f1o que se inicia, adem\u00e1s de metas espec\u00edficas para la entidad monetaria. La econom\u00eda seguir\u00e1 creciendo.\u2026","rel":"","context":"En \u00abEconom\u00eda\u00bb","block_context":{"text":"Econom\u00eda","link":"http:\/\/www.24baires.com\/?cat=45"},"img":{"alt_text":"","src":"https:\/\/i0.wp.com\/www.24baires.com\/wp-content\/uploads\/2013\/06\/banco-central.jpg?resize=350%2C200","width":350,"height":200,"srcset":"https:\/\/i0.wp.com\/www.24baires.com\/wp-content\/uploads\/2013\/06\/banco-central.jpg?resize=350%2C200 1x, https:\/\/i0.wp.com\/www.24baires.com\/wp-content\/uploads\/2013\/06\/banco-central.jpg?resize=525%2C300 1.5x, https:\/\/i0.wp.com\/www.24baires.com\/wp-content\/uploads\/2013\/06\/banco-central.jpg?resize=700%2C400 2x"},"classes":[]},{"id":101004,"url":"http:\/\/www.24baires.com\/?p=101004","url_meta":{"origin":72806,"position":4},"title":"El Gobierno recibi\u00f3 a la c\u00fapula de la UIA","author":"AF","date":"12\/03\/2018","format":false,"excerpt":"Tras el encuentro de este mediod\u00eda, el presidente de la UIA, Miguel Acevedo, advirti\u00f3 que por m\u00e1s sinton\u00eda personal que haya entre el Gobierno y los empresarios no tiene la capacidad de contener todos los reclamos. El Gobierno, por su parte, pidi\u00f3 que las cr\u00edticas se hagan en el \u00e1mbito\u2026","rel":"","context":"En \u00abPol\u00edtica\u00bb","block_context":{"text":"Pol\u00edtica","link":"http:\/\/www.24baires.com\/?cat=51"},"img":{"alt_text":"","src":"https:\/\/i0.wp.com\/www.24baires.com\/wp-content\/uploads\/2018\/03\/uia-gobierno.jpg?resize=350%2C200","width":350,"height":200,"srcset":"https:\/\/i0.wp.com\/www.24baires.com\/wp-content\/uploads\/2018\/03\/uia-gobierno.jpg?resize=350%2C200 1x, https:\/\/i0.wp.com\/www.24baires.com\/wp-content\/uploads\/2018\/03\/uia-gobierno.jpg?resize=525%2C300 1.5x"},"classes":[]},{"id":113434,"url":"http:\/\/www.24baires.com\/?p=113434","url_meta":{"origin":72806,"position":5},"title":"Cafiero: \u00abVamos a defender el trabajo y la producci\u00f3n nacional\u00bb","author":"AF","date":"15\/12\/2019","format":false,"excerpt":"El funcionario asegur\u00f3 que el objetivo es dinamizar el consumo, recuperar el trabajo y ampliar derechos. Las tarifas y las retenciones. El despacho de la Jefatura de Gabinete mantiene todav\u00eda el mobiliario y la decoraci\u00f3n que dej\u00f3 el macrismo. Las ventanas est\u00e1n abiertas de par en par otorg\u00e1ndole a las\u2026","rel":"","context":"En \u00abPol\u00edtica\u00bb","block_context":{"text":"Pol\u00edtica","link":"http:\/\/www.24baires.com\/?cat=51"},"img":{"alt_text":"","src":"https:\/\/i0.wp.com\/www.24baires.com\/wp-content\/uploads\/2019\/11\/cafiero.jpg?resize=350%2C200","width":350,"height":200,"srcset":"https:\/\/i0.wp.com\/www.24baires.com\/wp-content\/uploads\/2019\/11\/cafiero.jpg?resize=350%2C200 1x, https:\/\/i0.wp.com\/www.24baires.com\/wp-content\/uploads\/2019\/11\/cafiero.jpg?resize=525%2C300 1.5x"},"classes":[]}],"jetpack_sharing_enabled":true,"jetpack_likes_enabled":true,"jetpack_featured_media_url":"","_links":{"self":[{"href":"http:\/\/www.24baires.com\/index.php?rest_route=\/wp\/v2\/posts\/72806","targetHints":{"allow":["GET"]}}],"collection":[{"href":"http:\/\/www.24baires.com\/index.php?rest_route=\/wp\/v2\/posts"}],"about":[{"href":"http:\/\/www.24baires.com\/index.php?rest_route=\/wp\/v2\/types\/post"}],"author":[{"embeddable":true,"href":"http:\/\/www.24baires.com\/index.php?rest_route=\/wp\/v2\/users\/4"}],"replies":[{"embeddable":true,"href":"http:\/\/www.24baires.com\/index.php?rest_route=%2Fwp%2Fv2%2Fcomments&post=72806"}],"version-history":[{"count":1,"href":"http:\/\/www.24baires.com\/index.php?rest_route=\/wp\/v2\/posts\/72806\/revisions"}],"predecessor-version":[{"id":72808,"href":"http:\/\/www.24baires.com\/index.php?rest_route=\/wp\/v2\/posts\/72806\/revisions\/72808"}],"wp:attachment":[{"href":"http:\/\/www.24baires.com\/index.php?rest_route=%2Fwp%2Fv2%2Fmedia&parent=72806"}],"wp:term":[{"taxonomy":"category","embeddable":true,"href":"http:\/\/www.24baires.com\/index.php?rest_route=%2Fwp%2Fv2%2Fcategories&post=72806"},{"taxonomy":"post_tag","embeddable":true,"href":"http:\/\/www.24baires.com\/index.php?rest_route=%2Fwp%2Fv2%2Ftags&post=72806"}],"curies":[{"name":"wp","href":"https:\/\/api.w.org\/{rel}","templated":true}]}}