{"id":72771,"date":"2015-09-28T12:40:13","date_gmt":"2015-09-28T15:40:13","guid":{"rendered":"http:\/\/www.24baires.com\/?p=72771"},"modified":"2015-09-28T12:40:13","modified_gmt":"2015-09-28T15:40:13","slug":"hay-que-sacarle-el-arma-a-los-delincuentes-aseguro-scioli-desde-mar-del-plata","status":"publish","type":"post","link":"http:\/\/www.24baires.com\/?p=72771","title":{"rendered":"\u201cHay que sacarle el arma a los delincuentes\u201d, asegur\u00f3 Scioli desde Mar del Plata"},"content":{"rendered":"<p><img data-recalc-dims=\"1\" loading=\"lazy\" decoding=\"async\" class=\"aligncenter size-full wp-image-72772\" src=\"https:\/\/i0.wp.com\/www.24baires.com\/wp-content\/uploads\/2015\/09\/scioli-mdp.jpg?resize=560%2C315\" alt=\"scioli mdp\" width=\"560\" height=\"315\" srcset=\"https:\/\/i0.wp.com\/www.24baires.com\/wp-content\/uploads\/2015\/09\/scioli-mdp.jpg?w=560 560w, https:\/\/i0.wp.com\/www.24baires.com\/wp-content\/uploads\/2015\/09\/scioli-mdp.jpg?resize=300%2C169 300w\" sizes=\"auto, (max-width: 560px) 100vw, 560px\" \/>El gobernador y candidato presidencial habl\u00f3 de los logros de su gesti\u00f3n durante el acto de graduaci\u00f3n de 670 efectivos de la Polic\u00eda Local.<!--more--><\/p>\n<p>El gobernador bonaerense y candidato presidencial del Frente para la Victoria -FpV-, Daniel Scioli, particip\u00f3 del acto de graduaci\u00f3n de 670 efectivos de la Polic\u00eda Local, y dijo que \u201cel objetivo es bajar los niveles de violencia\u201d. \u201cHay que sacarle el arma a los delincuentes; donde hay armas, no hay paz\u201d, manifest\u00f3.<\/p>\n<p>\u201cGeneral Pueyrredon es el municipio 42 que logr\u00f3 la Polic\u00eda Local. Voy a finalizar la gesti\u00f3n con 3300 m\u00f3viles nuevos y m\u00e1s polic\u00edas en la calle. El objetivo es bajar los niveles de violencia y que el Estado llegue antes\u201d, se\u00f1al\u00f3 Scioli.<\/p>\n<p>En ese sentido, se refiri\u00f3 al trabajo de los efectivos con relaci\u00f3n al cuidado del turista en Mar del Plata: \u201cTurista contento, turista que vuelve. El verdadero poder es el servicio, h\u00e1ganlo con responsabilidad y promuevan la cultura del encuentro: ejerzan la autoridad, pero no el autoritarismo\u201c, indic\u00f3.<\/p>\n<p>Por \u00faltimo, el candidato presidencial confes\u00f3 estar seguro de que los efectivos de la Polic\u00eda Local \u201cvan a tener en la ciudad un gran impacto\u201d. \u201cVan a trabajar aqu\u00ed en Mar del Plata y ese fue el cambio: vecinos de Mar del Plata, que conocen sus barrios, van a cuidar a sus propios vecinos\u201c, explic\u00f3 Scioli.<\/p>\n<p>Y concluy\u00f3: \u201cYo siento Mar del Plata en mi coraz\u00f3n, no es una ciudad m\u00e1s. Sue\u00f1o ser el presidente que le d\u00e9 a Mar del Plata todo el desarrollo y los sue\u00f1os que faltan\u201d.<\/p>\n<p>&nbsp;<\/p>\n<p>&nbsp;<\/p>\n<p>&nbsp;<\/p>\n<p>&nbsp;<\/p>\n<p>&nbsp;<\/p>\n<p>&nbsp;<\/p>\n<p>&nbsp;<\/p>\n<p>&nbsp;<\/p>\n<p>&nbsp;<\/p>\n<p>&nbsp;<\/p>\n<p>&nbsp;<\/p>\n<p>&nbsp;<\/p>\n<p>&nbsp;<\/p>\n<p>&nbsp;<\/p>\n<p>&nbsp;<\/p>\n","protected":false},"excerpt":{"rendered":"<p>El gobernador y candidato presidencial habl\u00f3 de los logros de su gesti\u00f3n durante el acto de graduaci\u00f3n de 670 efectivos de la Polic\u00eda Local.<\/p>\n","protected":false},"author":8,"featured_media":0,"comment_status":"open","ping_status":"open","sticky":false,"template":"","format":"standard","meta":{"_jetpack_newsletter_access":"","_jetpack_dont_email_post_to_subs":false,"_jetpack_newsletter_tier_id":0,"_jetpack_memberships_contains_paywalled_content":false,"_jetpack_memberships_contains_paid_content":false,"footnotes":""},"categories":[51],"tags":[],"class_list":["post-72771","post","type-post","status-publish","format-standard","hentry","category-politica"],"jetpack_shortlink":"https:\/\/wp.me\/p2JWE0-iVJ","jetpack-related-posts":[{"id":72864,"url":"http:\/\/www.24baires.com\/?p=72864","url_meta":{"origin":72771,"position":0},"title":"Desde La Matanza, Scioli defini\u00f3 a la seguridad como su \u201cprioridad\u201d","author":"GB","date":"29\/09\/2015","format":false,"excerpt":"El gobernador y candidato a presidente por el FPV reiter\u00f3 que las pol\u00edticas de seguridad ciudadana ser\u00e1n su \u201cprioridad\u201d y se comprometi\u00f3 a \u201cestar cerca de los problemas\" para solucionarlos. El gobernador bonaerense y candidato a presidente por el Frente para la Victoria, Daniel Scioli reiter\u00f3 que las pol\u00edticas de\u2026","rel":"","context":"En \u00abPol\u00edtica\u00bb","block_context":{"text":"Pol\u00edtica","link":"http:\/\/www.24baires.com\/?cat=51"},"img":{"alt_text":"scioli","src":"https:\/\/i0.wp.com\/www.24baires.com\/wp-content\/uploads\/2015\/09\/scioli1.jpg?resize=350%2C200","width":350,"height":200,"srcset":"https:\/\/i0.wp.com\/www.24baires.com\/wp-content\/uploads\/2015\/09\/scioli1.jpg?resize=350%2C200 1x, https:\/\/i0.wp.com\/www.24baires.com\/wp-content\/uploads\/2015\/09\/scioli1.jpg?resize=525%2C300 1.5x"},"classes":[]},{"id":72629,"url":"http:\/\/www.24baires.com\/?p=72629","url_meta":{"origin":72771,"position":1},"title":"A partir del pr\u00f3ximo jueves la Polic\u00eda Local de Mar del Plata saldr\u00e1 a la calle","author":"GB","date":"24\/09\/2015","format":false,"excerpt":"Los nuevos polic\u00edas tendr\u00e1n su acto el 28 de septiembre, con la presencia del gobernador Daniel Scioli. Luego saldr\u00e1n a patrullar las calles. El intendente Gustavo Pulti y el secretario de Seguridad y jefe de la Polic\u00eda Local, Fernando Telpuk, confirmaron que los miembros de la nueva fuerza tendr\u00e1n su\u2026","rel":"","context":"En \u00abLocales\u00bb","block_context":{"text":"Locales","link":"http:\/\/www.24baires.com\/?cat=38"},"img":{"alt_text":"","src":"","width":0,"height":0},"classes":[]},{"id":108387,"url":"http:\/\/www.24baires.com\/?p=108387","url_meta":{"origin":72771,"position":2},"title":"Scioli ratific\u00f3 su candidatura presidencial","author":"GB","date":"25\/05\/2019","format":false,"excerpt":"El exgobernador de la Provincia de Buenos Aires particip\u00f3 del Congreso Educativo de Ajedrez que se realiz\u00f3 en la ciudad balnearia y manifest\u00f3 sus deseos de ser el primer mandatario del pa\u00eds despu\u00e9s del 10 de diciembre, sin embargo aclar\u00f3: \u201cVer\u00e9 como peronista en qu\u00e9 lugar puedo hacer mi mayor\u2026","rel":"","context":"En \u00abPol\u00edtica\u00bb","block_context":{"text":"Pol\u00edtica","link":"http:\/\/www.24baires.com\/?cat=51"},"img":{"alt_text":"","src":"https:\/\/i0.wp.com\/www.24baires.com\/wp-content\/uploads\/2019\/05\/scioli-mar-del.jpg?resize=350%2C200","width":350,"height":200,"srcset":"https:\/\/i0.wp.com\/www.24baires.com\/wp-content\/uploads\/2019\/05\/scioli-mar-del.jpg?resize=350%2C200 1x, https:\/\/i0.wp.com\/www.24baires.com\/wp-content\/uploads\/2019\/05\/scioli-mar-del.jpg?resize=525%2C300 1.5x"},"classes":[]},{"id":57867,"url":"http:\/\/www.24baires.com\/?p=57867","url_meta":{"origin":72771,"position":3},"title":"Scioli y Granados encabezan la graduaci\u00f3n de 10 mil polic\u00edas en Berazategui","author":"AF","date":"29\/11\/2014","format":false,"excerpt":"Esta ma\u00f1ana el gobernador encabeza el acto de promoci\u00f3n de efectivos. Junto al ministro de Seguridad provincial Alejandro Granados daN la bienvenida a las fuerzas a 10.000 cadetes. El acto se realiza en la Escuela de Polic\u00eda \"Juan Vucetich\" El gobernador bonaerense, Daniel Scioli, y el ministro de Seguridad provincial,\u2026","rel":"","context":"En \u00abSociedad\u00bb","block_context":{"text":"Sociedad","link":"http:\/\/www.24baires.com\/?cat=1"},"img":{"alt_text":"policia elec","src":"https:\/\/i0.wp.com\/www.24baires.com\/wp-content\/uploads\/2013\/10\/policia-elec.jpg?resize=350%2C200","width":350,"height":200,"srcset":"https:\/\/i0.wp.com\/www.24baires.com\/wp-content\/uploads\/2013\/10\/policia-elec.jpg?resize=350%2C200 1x, https:\/\/i0.wp.com\/www.24baires.com\/wp-content\/uploads\/2013\/10\/policia-elec.jpg?resize=525%2C300 1.5x"},"classes":[]},{"id":101122,"url":"http:\/\/www.24baires.com\/?p=101122","url_meta":{"origin":72771,"position":4},"title":"Indagar\u00e1n a Scioli por irregularidades en la construcci\u00f3n de las UPA 24","author":"AF","date":"17\/03\/2018","format":false,"excerpt":"El ex gobernador Daniel Scioli y quien fuera su ministro de Salud, Alejandro Collia, fueron imputados y citados a prestar declaraci\u00f3n indagatoria en el marco de una causa que investiga presuntas irregularidades en la adjudicaci\u00f3n de ocho Unidades de Pronta Atenci\u00f3n (UPA 24) para las que se destinaron m\u00e1s de\u2026","rel":"","context":"En \u00abJUDICIALES\u00bb","block_context":{"text":"JUDICIALES","link":"http:\/\/www.24baires.com\/?cat=68"},"img":{"alt_text":"","src":"https:\/\/i0.wp.com\/www.24baires.com\/wp-content\/uploads\/2014\/05\/Daniel-Scioli.jpg?resize=350%2C200","width":350,"height":200,"srcset":"https:\/\/i0.wp.com\/www.24baires.com\/wp-content\/uploads\/2014\/05\/Daniel-Scioli.jpg?resize=350%2C200 1x, https:\/\/i0.wp.com\/www.24baires.com\/wp-content\/uploads\/2014\/05\/Daniel-Scioli.jpg?resize=525%2C300 1.5x"},"classes":[]},{"id":103162,"url":"http:\/\/www.24baires.com\/?p=103162","url_meta":{"origin":72771,"position":5},"title":"Berisso es el primer municipio en eliminar la Polic\u00eda Local","author":"AF","date":"04\/07\/2018","format":false,"excerpt":"La municipalidad de Berisso se convirti\u00f3 en la primera comuna de la provincia en fusionar la Polic\u00eda Local con la bonaerense, siguiendo los planes del Gobierno provincial para eliminar la fuerza creada durante la gesti\u00f3n de Daniel Scioli. El intendente de Berisso, Jorge Nedela, firm\u00f3 ayer un convenio con el\u2026","rel":"","context":"En \u00abLocales\u00bb","block_context":{"text":"Locales","link":"http:\/\/www.24baires.com\/?cat=38"},"img":{"alt_text":"","src":"https:\/\/i0.wp.com\/www.24baires.com\/wp-content\/uploads\/2015\/10\/policia-local-mdp.jpg?resize=350%2C200","width":350,"height":200,"srcset":"https:\/\/i0.wp.com\/www.24baires.com\/wp-content\/uploads\/2015\/10\/policia-local-mdp.jpg?resize=350%2C200 1x, https:\/\/i0.wp.com\/www.24baires.com\/wp-content\/uploads\/2015\/10\/policia-local-mdp.jpg?resize=525%2C300 1.5x"},"classes":[]}],"jetpack_sharing_enabled":true,"jetpack_likes_enabled":true,"jetpack_featured_media_url":"","_links":{"self":[{"href":"http:\/\/www.24baires.com\/index.php?rest_route=\/wp\/v2\/posts\/72771","targetHints":{"allow":["GET"]}}],"collection":[{"href":"http:\/\/www.24baires.com\/index.php?rest_route=\/wp\/v2\/posts"}],"about":[{"href":"http:\/\/www.24baires.com\/index.php?rest_route=\/wp\/v2\/types\/post"}],"author":[{"embeddable":true,"href":"http:\/\/www.24baires.com\/index.php?rest_route=\/wp\/v2\/users\/8"}],"replies":[{"embeddable":true,"href":"http:\/\/www.24baires.com\/index.php?rest_route=%2Fwp%2Fv2%2Fcomments&post=72771"}],"version-history":[{"count":1,"href":"http:\/\/www.24baires.com\/index.php?rest_route=\/wp\/v2\/posts\/72771\/revisions"}],"predecessor-version":[{"id":72773,"href":"http:\/\/www.24baires.com\/index.php?rest_route=\/wp\/v2\/posts\/72771\/revisions\/72773"}],"wp:attachment":[{"href":"http:\/\/www.24baires.com\/index.php?rest_route=%2Fwp%2Fv2%2Fmedia&parent=72771"}],"wp:term":[{"taxonomy":"category","embeddable":true,"href":"http:\/\/www.24baires.com\/index.php?rest_route=%2Fwp%2Fv2%2Fcategories&post=72771"},{"taxonomy":"post_tag","embeddable":true,"href":"http:\/\/www.24baires.com\/index.php?rest_route=%2Fwp%2Fv2%2Ftags&post=72771"}],"curies":[{"name":"wp","href":"https:\/\/api.w.org\/{rel}","templated":true}]}}