{"id":72759,"date":"2015-09-28T11:00:10","date_gmt":"2015-09-28T14:00:10","guid":{"rendered":"http:\/\/www.24baires.com\/?p=72759"},"modified":"2015-09-28T08:57:29","modified_gmt":"2015-09-28T11:57:29","slug":"hacen-una-tapa-con-maximo-y-no-dicen-nada-que-macri-no-presento-su-declaracion-jurada","status":"publish","type":"post","link":"http:\/\/www.24baires.com\/?p=72759","title":{"rendered":"\u201cHacen una tapa con M\u00e1ximo y no dicen nada que Macri no present\u00f3 su declaraci\u00f3n jurada\u201d"},"content":{"rendered":"<p><img data-recalc-dims=\"1\" loading=\"lazy\" decoding=\"async\" class=\"aligncenter size-full wp-image-63981\" src=\"https:\/\/i0.wp.com\/www.24baires.com\/wp-content\/uploads\/2015\/04\/anibal-conferencia.jpg?resize=560%2C379\" alt=\"anibal conferencia\" width=\"560\" height=\"379\" srcset=\"https:\/\/i0.wp.com\/www.24baires.com\/wp-content\/uploads\/2015\/04\/anibal-conferencia.jpg?w=560 560w, https:\/\/i0.wp.com\/www.24baires.com\/wp-content\/uploads\/2015\/04\/anibal-conferencia.jpg?resize=300%2C203 300w\" sizes=\"auto, (max-width: 560px) 100vw, 560px\" \/>El jefe de Gabinete fustig\u00f3 a Clar\u00edn y La Naci\u00f3n por manipular informaci\u00f3n sobre M\u00e1ximo Kirchner y record\u00f3 que el candidato presidencial de Cambiemos no present\u00f3 su declaraci\u00f3n jurada.<!--more--><\/p>\n<p>El funcionario asegur\u00f3 que el jefe de Gobierno porte\u00f1o y l\u00edder del PRO es un \u201cpersonaje turbio\u201d y record\u00f3 los negociados de Fernando Nimebro y Eduardo Amadeo con el gobierno de la Ciudad.<\/p>\n<p>El s\u00e1bado la presidenta Cristina Fern\u00e1ndez de Kirchner sostuvo a trav\u00e9s de las redes sociales que existe una campa\u00f1a de \u00abmanipulaci\u00f3n y ocultamiento\u00bb de informaci\u00f3n para proteger a distintos candidatos opositores de cara a las elecciones del 25 de octubre, luego de que los diarios Clar\u00edn y La Naci\u00f3n publicaran en sus tapas sendas notas referidas a la declaraci\u00f3n del su hijo M\u00e1ximo.<\/p>\n<p>En ese sentido, la jefa de Estado resalt\u00f3 que los diarios de mayor tirada a nivel nacional no pusieron el foco sobre el patrimonio de los candidatos presidenciales que aspiran a sucederla ni de candidatos a gobernadores, como el santacruce\u00f1o Eduardo Costa, que tendr\u00eda una de las declaraciones juradas m\u00e1s robustas de la C\u00e1mara de Diputados de la Naci\u00f3n.<\/p>\n","protected":false},"excerpt":{"rendered":"<p>El jefe de Gabinete fustig\u00f3 a Clar\u00edn y La Naci\u00f3n por manipular informaci\u00f3n sobre M\u00e1ximo Kirchner y record\u00f3 que el candidato presidencial de Cambiemos no present\u00f3 su declaraci\u00f3n jurada.<\/p>\n","protected":false},"author":8,"featured_media":0,"comment_status":"open","ping_status":"open","sticky":false,"template":"","format":"standard","meta":{"_jetpack_newsletter_access":"","_jetpack_dont_email_post_to_subs":false,"_jetpack_newsletter_tier_id":0,"_jetpack_memberships_contains_paywalled_content":false,"_jetpack_memberships_contains_paid_content":false,"footnotes":""},"categories":[51],"tags":[],"class_list":["post-72759","post","type-post","status-publish","format-standard","hentry","category-politica"],"jetpack_shortlink":"https:\/\/wp.me\/p2JWE0-iVx","jetpack-related-posts":[{"id":65881,"url":"http:\/\/www.24baires.com\/?p=65881","url_meta":{"origin":72759,"position":0},"title":"Kicillof desminti\u00f3 a Clar\u00edn: \u00abYo en YPF estoy ad honorem\u00bb","author":"GB","date":"14\/05\/2015","format":false,"excerpt":"El ministro de Econom\u00eda, Axel Kicillof, desminti\u00f3 esta ma\u00f1ana que gane 400 mil pesos por mes como director de YPF, como public\u00f3 hoy el diario Clar\u00edn, y asegur\u00f3 que este cargo es \"ad honorem\". \"Yo en YPF estoy ad honorem o sea que b\u00e1sicamente en toda mi participaci\u00f3n, desde el\u2026","rel":"","context":"En \u00abEconom\u00eda\u00bb","block_context":{"text":"Econom\u00eda","link":"http:\/\/www.24baires.com\/?cat=45"},"img":{"alt_text":"kicillof onu","src":"https:\/\/i0.wp.com\/www.24baires.com\/wp-content\/uploads\/2015\/04\/kicillof-onu.jpg?resize=350%2C200","width":350,"height":200,"srcset":"https:\/\/i0.wp.com\/www.24baires.com\/wp-content\/uploads\/2015\/04\/kicillof-onu.jpg?resize=350%2C200 1x, https:\/\/i0.wp.com\/www.24baires.com\/wp-content\/uploads\/2015\/04\/kicillof-onu.jpg?resize=525%2C300 1.5x"},"classes":[]},{"id":63739,"url":"http:\/\/www.24baires.com\/?p=63739","url_meta":{"origin":72759,"position":1},"title":"M\u00e1ximo Kirchner desminti\u00f3 a Clar\u00edn: \u00abNunca tuve cuentas en el exterior\u00bb","author":"GB","date":"31\/03\/2015","format":false,"excerpt":"M\u00e1ximo Kirchner desminti\u00f3 la informaci\u00f3n publicada por la revista brasile\u00f1a Veja y del diario Clar\u00edn . \"Lo que se busca es da\u00f1ar, no entienden que se les haya dicho basta\", dijo. M\u00e1ximo Kirchner asegur\u00f3 hoy que \"nunca\" tuvo ni tiene \"una cuenta en el exterior\", al desmentir la informaci\u00f3n de\u2026","rel":"","context":"En \u00abPol\u00edtica\u00bb","block_context":{"text":"Pol\u00edtica","link":"http:\/\/www.24baires.com\/?cat=51"},"img":{"alt_text":"","src":"https:\/\/i0.wp.com\/www.24baires.com\/wp-content\/uploads\/2015\/03\/maximo-k.jpg?resize=350%2C200","width":350,"height":200,"srcset":"https:\/\/i0.wp.com\/www.24baires.com\/wp-content\/uploads\/2015\/03\/maximo-k.jpg?resize=350%2C200 1x, https:\/\/i0.wp.com\/www.24baires.com\/wp-content\/uploads\/2015\/03\/maximo-k.jpg?resize=525%2C300 1.5x"},"classes":[]},{"id":61723,"url":"http:\/\/www.24baires.com\/?p=61723","url_meta":{"origin":72759,"position":2},"title":"Cuestionan las filtraciones de un sector del Poder Judicial al Grupo Clar\u00edn","author":"GB","date":"13\/02\/2015","format":false,"excerpt":"En medio de las filtraciones que magistrados enfrentados con el gobierno nacional brindan al Grupo Clar\u00edn, el periodista Jorge Lanata insisti\u00f3 que en poco tiempo m\u00e1s el juez Claudio Bonad\u00edo citar\u00e1 a declarar a M\u00e1ximo Kirchner en el marco de la causa Hotesur. Esta tarde, minutos despu\u00e9s que se conociera\u2026","rel":"","context":"En \u00abPol\u00edtica\u00bb","block_context":{"text":"Pol\u00edtica","link":"http:\/\/www.24baires.com\/?cat=51"},"img":{"alt_text":"","src":"","width":0,"height":0},"classes":[]},{"id":92137,"url":"http:\/\/www.24baires.com\/?p=92137","url_meta":{"origin":72759,"position":3},"title":"Cristina advirti\u00f3 que su llamado a indagatoria el d\u00eda de la marcha de la CGT es para \u201ctapar el desastre\u201d del Gobierno","author":"GB","date":"03\/02\/2017","format":false,"excerpt":"Luego que el juez Claudio Bonadio decidiera llamarla a declarar en una nueva causa, la ex mandataria sali\u00f3 con los tapones de punta contra el Gobierno . La ex presidenta Cristina Kirchner se refiri\u00f3 al reciente pedido de declaraci\u00f3n indagatoria formulado por el juez federal Claudio Bonadio y no dud\u00f3\u2026","rel":"","context":"En \u00abPol\u00edtica\u00bb","block_context":{"text":"Pol\u00edtica","link":"http:\/\/www.24baires.com\/?cat=51"},"img":{"alt_text":"","src":"https:\/\/i0.wp.com\/www.24baires.com\/wp-content\/uploads\/2016\/08\/Cristina...jpg?resize=350%2C200","width":350,"height":200,"srcset":"https:\/\/i0.wp.com\/www.24baires.com\/wp-content\/uploads\/2016\/08\/Cristina...jpg?resize=350%2C200 1x, https:\/\/i0.wp.com\/www.24baires.com\/wp-content\/uploads\/2016\/08\/Cristina...jpg?resize=525%2C300 1.5x"},"classes":[]},{"id":72876,"url":"http:\/\/www.24baires.com\/?p=72876","url_meta":{"origin":72759,"position":4},"title":"An\u00edbal tild\u00f3 de \u00abpoco seria\u00bb a la declaraci\u00f3n jurada de Macri","author":"AF","date":"30\/09\/2015","format":false,"excerpt":"El jefe de Gabinete y candidato a gobernador bonaerense explic\u00f3 que \u201clo que est\u00e1 mostrando no tiene nada que ver con la realidad\u201d. Adem\u00e1s, lo acus\u00f3 de \u201cinventar bombas de humo para tratar de tapar lo de (Fernando) Niembro\". Confi\u00f3 que \u201cinevitablemente el ojo del contador se me va\u201d y\u2026","rel":"","context":"En \u00abElecciones 2015\u00bb","block_context":{"text":"Elecciones 2015","link":"http:\/\/www.24baires.com\/?cat=74"},"img":{"alt_text":"an\u00edbal cierre","src":"https:\/\/i0.wp.com\/www.24baires.com\/wp-content\/uploads\/2015\/08\/an%C3%ADbal-cierre.jpg?resize=350%2C200","width":350,"height":200,"srcset":"https:\/\/i0.wp.com\/www.24baires.com\/wp-content\/uploads\/2015\/08\/an%C3%ADbal-cierre.jpg?resize=350%2C200 1x, https:\/\/i0.wp.com\/www.24baires.com\/wp-content\/uploads\/2015\/08\/an%C3%ADbal-cierre.jpg?resize=525%2C300 1.5x"},"classes":[]},{"id":114750,"url":"http:\/\/www.24baires.com\/?p=114750","url_meta":{"origin":72759,"position":5},"title":"La Corte habilit\u00f3 la feria para tratar el pedido de CFK","author":"AF","date":"17\/04\/2020","format":false,"excerpt":"El m\u00e1ximo tribunal analizar\u00e1 la posibilidad de que el Senado sesione a distancia, un pedido de la vicepresidenta. La Corte Suprema de la Naci\u00f3n habilit\u00f3 la feria judicial para consultarle a la Procuraci\u00f3n General de la Naci\u00f3n, sobre la constitucionalidad del pedido de sesi\u00f3n a distancia que realiz\u00f3 la vicepresidenta\u2026","rel":"","context":"En \u00abJUDICIALES\u00bb","block_context":{"text":"JUDICIALES","link":"http:\/\/www.24baires.com\/?cat=68"},"img":{"alt_text":"","src":"https:\/\/i0.wp.com\/www.24baires.com\/wp-content\/uploads\/2019\/12\/cristina-plaza.jpg?resize=350%2C200","width":350,"height":200,"srcset":"https:\/\/i0.wp.com\/www.24baires.com\/wp-content\/uploads\/2019\/12\/cristina-plaza.jpg?resize=350%2C200 1x, https:\/\/i0.wp.com\/www.24baires.com\/wp-content\/uploads\/2019\/12\/cristina-plaza.jpg?resize=525%2C300 1.5x"},"classes":[]}],"jetpack_sharing_enabled":true,"jetpack_likes_enabled":true,"jetpack_featured_media_url":"","_links":{"self":[{"href":"http:\/\/www.24baires.com\/index.php?rest_route=\/wp\/v2\/posts\/72759","targetHints":{"allow":["GET"]}}],"collection":[{"href":"http:\/\/www.24baires.com\/index.php?rest_route=\/wp\/v2\/posts"}],"about":[{"href":"http:\/\/www.24baires.com\/index.php?rest_route=\/wp\/v2\/types\/post"}],"author":[{"embeddable":true,"href":"http:\/\/www.24baires.com\/index.php?rest_route=\/wp\/v2\/users\/8"}],"replies":[{"embeddable":true,"href":"http:\/\/www.24baires.com\/index.php?rest_route=%2Fwp%2Fv2%2Fcomments&post=72759"}],"version-history":[{"count":1,"href":"http:\/\/www.24baires.com\/index.php?rest_route=\/wp\/v2\/posts\/72759\/revisions"}],"predecessor-version":[{"id":72760,"href":"http:\/\/www.24baires.com\/index.php?rest_route=\/wp\/v2\/posts\/72759\/revisions\/72760"}],"wp:attachment":[{"href":"http:\/\/www.24baires.com\/index.php?rest_route=%2Fwp%2Fv2%2Fmedia&parent=72759"}],"wp:term":[{"taxonomy":"category","embeddable":true,"href":"http:\/\/www.24baires.com\/index.php?rest_route=%2Fwp%2Fv2%2Fcategories&post=72759"},{"taxonomy":"post_tag","embeddable":true,"href":"http:\/\/www.24baires.com\/index.php?rest_route=%2Fwp%2Fv2%2Ftags&post=72759"}],"curies":[{"name":"wp","href":"https:\/\/api.w.org\/{rel}","templated":true}]}}