{"id":72757,"date":"2015-09-28T10:15:20","date_gmt":"2015-09-28T13:15:20","guid":{"rendered":"http:\/\/www.24baires.com\/?p=72757"},"modified":"2015-09-28T20:16:04","modified_gmt":"2015-09-28T23:16:04","slug":"cristina-participa-de-la-70-asamblea-general-de-naciones-unidas","status":"publish","type":"post","link":"http:\/\/www.24baires.com\/?p=72757","title":{"rendered":"Cristina participa de la 70 Asamblea General de Naciones Unidas"},"content":{"rendered":"<p><img data-recalc-dims=\"1\" loading=\"lazy\" decoding=\"async\" class=\"aligncenter size-full wp-image-54208\" src=\"https:\/\/i0.wp.com\/www.24baires.com\/wp-content\/uploads\/2014\/09\/Cristina-ONU-2.jpg?resize=560%2C373\" alt=\"Cristina ONU 2\" width=\"560\" height=\"373\" srcset=\"https:\/\/i0.wp.com\/www.24baires.com\/wp-content\/uploads\/2014\/09\/Cristina-ONU-2.jpg?w=560 560w, https:\/\/i0.wp.com\/www.24baires.com\/wp-content\/uploads\/2014\/09\/Cristina-ONU-2.jpg?resize=300%2C199 300w\" sizes=\"auto, (max-width: 560px) 100vw, 560px\" \/>Cristina Fern\u00e1ndez de Kirchner hablar\u00e1 a las 16.30 (17.30 hora argentina). Ser\u00e1 la s\u00e9ptima oradora de la primera jornada del plenario de Jefas y Jefes de Estado. Ayer, particip\u00f3 en la cumbre por la Igualdad de G\u00e9nero.<!--more--><\/p>\n<p>El discurso de la Presidenta ante el pleno del organismo internacional se da dos semanas despu\u00e9s de que una abrumadora mayor\u00eda apoyara en asamblea la iniciativa argentina para regular la reestructuraci\u00f3n de deudas soberanas.<\/p>\n<p>Ayer, exhort\u00f3 a \u201cderrumbar tab\u00faes y prejuicios\u201d para terminar con la discriminaci\u00f3n hacia las mujeres durante un discurso pronunciado ante altos mandatarios en una reuni\u00f3n sobre igualdad de g\u00e9nero realizada en el marco de la 70\u00ba Asamblea General del organismo con sede en Nueva York.<\/p>\n","protected":false},"excerpt":{"rendered":"<p>Cristina Fern\u00e1ndez de Kirchner hablar\u00e1 a las 16.30 (17.30 hora argentina). Ser\u00e1 la s\u00e9ptima oradora de la primera jornada del plenario de Jefas y Jefes de Estado. Ayer, particip\u00f3 en la cumbre por la Igualdad de G\u00e9nero.<\/p>\n","protected":false},"author":8,"featured_media":0,"comment_status":"open","ping_status":"open","sticky":false,"template":"","format":"standard","meta":{"_jetpack_newsletter_access":"","_jetpack_dont_email_post_to_subs":false,"_jetpack_newsletter_tier_id":0,"_jetpack_memberships_contains_paywalled_content":false,"_jetpack_memberships_contains_paid_content":false,"footnotes":""},"categories":[51],"tags":[],"class_list":["post-72757","post","type-post","status-publish","format-standard","hentry","category-politica"],"jetpack_shortlink":"https:\/\/wp.me\/p2JWE0-iVv","jetpack-related-posts":[{"id":72648,"url":"http:\/\/www.24baires.com\/?p=72648","url_meta":{"origin":72757,"position":0},"title":"Cristina viajar\u00e1 el viernes a Nueva York para participar de Asamblea de la ONU","author":"GB","date":"24\/09\/2015","format":false,"excerpt":"La mandataria se dirigir\u00e1 el pr\u00f3ximo lunes por octava y \u00faltima vez a la Asamblea General de las Naciones Unidas donde se prev\u00e9 haga especial hincapi\u00e9 en la lucha contra los fondos buitre luego de la aprobaci\u00f3n por ese cuerpo de una resoluci\u00f3n para blindar las reestructuraciones de deudas soberanas.\u2026","rel":"","context":"En \u00abPol\u00edtica\u00bb","block_context":{"text":"Pol\u00edtica","link":"http:\/\/www.24baires.com\/?cat=51"},"img":{"alt_text":"Cristina ONU 2","src":"https:\/\/i0.wp.com\/www.24baires.com\/wp-content\/uploads\/2014\/09\/Cristina-ONU-2.jpg?resize=350%2C200","width":350,"height":200,"srcset":"https:\/\/i0.wp.com\/www.24baires.com\/wp-content\/uploads\/2014\/09\/Cristina-ONU-2.jpg?resize=350%2C200 1x, https:\/\/i0.wp.com\/www.24baires.com\/wp-content\/uploads\/2014\/09\/Cristina-ONU-2.jpg?resize=525%2C300 1.5x"},"classes":[]},{"id":32288,"url":"http:\/\/www.24baires.com\/?p=32288","url_meta":{"origin":72757,"position":1},"title":"Cristina viaja a Nueva York para participar de la Asamblea de la ONU","author":"GB","date":"22\/09\/2013","format":false,"excerpt":"La Presidenta parti\u00f3 a las 19 del sector militar del aeroparque rumbo a Nueva York para participar de la 68va Asamblea General de las Naciones Unidas, en una una visita de dos d\u00edas a Estados Unidos. La jefa de Estado tiene previsto su arribo al aeropuerto internacional John F. Kennedy\u2026","rel":"","context":"En \u00abPol\u00edtica\u00bb","block_context":{"text":"Pol\u00edtica","link":"http:\/\/www.24baires.com\/?cat=51"},"img":{"alt_text":"cristina avion","src":"https:\/\/i0.wp.com\/www.24baires.com\/wp-content\/uploads\/2013\/09\/cristina-avion.jpg?resize=350%2C200","width":350,"height":200},"classes":[]},{"id":32418,"url":"http:\/\/www.24baires.com\/?p=32418","url_meta":{"origin":72757,"position":2},"title":"\u201cNo hay guerra justa, lo \u00fanico justo es la paz\u201d vaticin\u00f3 Cristina en la Asamblea de la ONU","author":"GB","date":"24\/09\/2013","format":false,"excerpt":"La Presidenta se refiri\u00f3 as\u00ed a la situaci\u00f3n en Siria. Adem\u00e1s, afirm\u00f3 que \u201cqueremos respuestas\u201d sobre el atentado a la AMIA. \u201cNo tenemos miedo de ir a Teher\u00e1n\u201d, enfatiz\u00f3. La jefa de Estado brind\u00f3 su discurso ante la 68 Asamblea General de la ONU. Adem\u00e1s, la Presidenta record\u00f3 los bombardeos\u2026","rel":"","context":"En \u00abPol\u00edtica\u00bb","block_context":{"text":"Pol\u00edtica","link":"http:\/\/www.24baires.com\/?cat=51"},"img":{"alt_text":"","src":"https:\/\/i0.wp.com\/www.24baires.com\/wp-content\/uploads\/2013\/09\/Cristina-en-ONU.jpg?resize=350%2C200","width":350,"height":200,"srcset":"https:\/\/i0.wp.com\/www.24baires.com\/wp-content\/uploads\/2013\/09\/Cristina-en-ONU.jpg?resize=350%2C200 1x, https:\/\/i0.wp.com\/www.24baires.com\/wp-content\/uploads\/2013\/09\/Cristina-en-ONU.jpg?resize=525%2C300 1.5x"},"classes":[]},{"id":54230,"url":"http:\/\/www.24baires.com\/?p=54230","url_meta":{"origin":72757,"position":3},"title":"Cristina sobre Malvinas: \u00abNada se va a solucionar mientras valga m\u00e1s el voto de los cinco permanentes\u00bb","author":"GB","date":"24\/09\/2014","format":false,"excerpt":"La presidenta Cristina Fern\u00e1ndez de Kirchner reiter\u00f3 hoy el reclamo argentino por la soberan\u00eda sobre las islas Malvinas, cuestion\u00f3 a los cinco miembros permanentes del Consejo de Seguridad que no atienden la decisi\u00f3n de la Asamblea del organismo \"para que se siente el Reino Unido con Argentina a discutir la\u2026","rel":"","context":"En \u00abPol\u00edtica\u00bb","block_context":{"text":"Pol\u00edtica","link":"http:\/\/www.24baires.com\/?cat=51"},"img":{"alt_text":"cristina ONU","src":"https:\/\/i0.wp.com\/www.24baires.com\/wp-content\/uploads\/2014\/09\/cristina-ONU.jpg?resize=350%2C200","width":350,"height":200,"srcset":"https:\/\/i0.wp.com\/www.24baires.com\/wp-content\/uploads\/2014\/09\/cristina-ONU.jpg?resize=350%2C200 1x, https:\/\/i0.wp.com\/www.24baires.com\/wp-content\/uploads\/2014\/09\/cristina-ONU.jpg?resize=525%2C300 1.5x"},"classes":[]},{"id":104612,"url":"http:\/\/www.24baires.com\/?p=104612","url_meta":{"origin":72757,"position":4},"title":"Macri ya est\u00e1 en Nueva York","author":"AF","date":"23\/09\/2018","format":false,"excerpt":"El presidente Mauricio Macri lleg\u00f3 esta ma\u00f1ana a Nueva York, adonde viaj\u00f3 para hablar ante la Asamblea de las Naciones Unidas (ONU) y con la expectativa de reunirse de modo informal con el mandatario local, Donald Trump. Macri, quien parti\u00f3 anoche en un vuelo privado hacia la ciudad de Nueva\u2026","rel":"","context":"En \u00abPol\u00edtica\u00bb","block_context":{"text":"Pol\u00edtica","link":"http:\/\/www.24baires.com\/?cat=51"},"img":{"alt_text":"","src":"https:\/\/i0.wp.com\/www.24baires.com\/wp-content\/uploads\/2018\/01\/macri.jpg?resize=350%2C200","width":350,"height":200,"srcset":"https:\/\/i0.wp.com\/www.24baires.com\/wp-content\/uploads\/2018\/01\/macri.jpg?resize=350%2C200 1x, https:\/\/i0.wp.com\/www.24baires.com\/wp-content\/uploads\/2018\/01\/macri.jpg?resize=525%2C300 1.5x"},"classes":[]},{"id":32328,"url":"http:\/\/www.24baires.com\/?p=32328","url_meta":{"origin":72757,"position":5},"title":"La Presidenta se reuni\u00f3 con el BID de Nueva York","author":"GB","date":"23\/09\/2013","format":false,"excerpt":"Cristina Fern\u00e1ndez de Kirchner se reuni\u00f3 hoy con el titular del Banco Interamericano de Desarrollo, Luis Alberto Moreno, con quien dialog\u00f3 acerca de distintos temas de la econom\u00eda y repas\u00f3 el mejoramiento del sistema ferroviario a partir de un cr\u00e9dito del BID. Luego se reunir\u00e1 con Dilma Rousseff. El encuentro,\u2026","rel":"","context":"En \u00abPol\u00edtica\u00bb","block_context":{"text":"Pol\u00edtica","link":"http:\/\/www.24baires.com\/?cat=51"},"img":{"alt_text":"cristina cumbre","src":"https:\/\/i0.wp.com\/www.24baires.com\/wp-content\/uploads\/2013\/09\/cristina-cumbre.jpg?resize=350%2C200","width":350,"height":200},"classes":[]}],"jetpack_sharing_enabled":true,"jetpack_likes_enabled":true,"jetpack_featured_media_url":"","_links":{"self":[{"href":"http:\/\/www.24baires.com\/index.php?rest_route=\/wp\/v2\/posts\/72757","targetHints":{"allow":["GET"]}}],"collection":[{"href":"http:\/\/www.24baires.com\/index.php?rest_route=\/wp\/v2\/posts"}],"about":[{"href":"http:\/\/www.24baires.com\/index.php?rest_route=\/wp\/v2\/types\/post"}],"author":[{"embeddable":true,"href":"http:\/\/www.24baires.com\/index.php?rest_route=\/wp\/v2\/users\/8"}],"replies":[{"embeddable":true,"href":"http:\/\/www.24baires.com\/index.php?rest_route=%2Fwp%2Fv2%2Fcomments&post=72757"}],"version-history":[{"count":1,"href":"http:\/\/www.24baires.com\/index.php?rest_route=\/wp\/v2\/posts\/72757\/revisions"}],"predecessor-version":[{"id":72758,"href":"http:\/\/www.24baires.com\/index.php?rest_route=\/wp\/v2\/posts\/72757\/revisions\/72758"}],"wp:attachment":[{"href":"http:\/\/www.24baires.com\/index.php?rest_route=%2Fwp%2Fv2%2Fmedia&parent=72757"}],"wp:term":[{"taxonomy":"category","embeddable":true,"href":"http:\/\/www.24baires.com\/index.php?rest_route=%2Fwp%2Fv2%2Fcategories&post=72757"},{"taxonomy":"post_tag","embeddable":true,"href":"http:\/\/www.24baires.com\/index.php?rest_route=%2Fwp%2Fv2%2Ftags&post=72757"}],"curies":[{"name":"wp","href":"https:\/\/api.w.org\/{rel}","templated":true}]}}