{"id":72744,"date":"2015-09-27T15:29:19","date_gmt":"2015-09-27T18:29:19","guid":{"rendered":"http:\/\/www.24baires.com\/?p=72744"},"modified":"2015-09-27T15:29:19","modified_gmt":"2015-09-27T18:29:19","slug":"anibal-fernandez-macri-toda-la-vida-ha-sido-un-turbio","status":"publish","type":"post","link":"http:\/\/www.24baires.com\/?p=72744","title":{"rendered":"An\u00edbal Fern\u00e1ndez: \u00abMacri toda la vida ha sido un turbio\u00bb"},"content":{"rendered":"<p><img data-recalc-dims=\"1\" loading=\"lazy\" decoding=\"async\" class=\"aligncenter size-full wp-image-10776\" src=\"https:\/\/i0.wp.com\/www.24baires.com\/wp-content\/uploads\/2012\/12\/fern%C3%A1ndez-an%C3%ADbal.jpg?resize=560%2C314\" alt=\"fern\u00e1ndez an\u00edbal\" width=\"560\" height=\"314\" srcset=\"https:\/\/i0.wp.com\/www.24baires.com\/wp-content\/uploads\/2012\/12\/fern%C3%A1ndez-an%C3%ADbal.jpg?w=560 560w, https:\/\/i0.wp.com\/www.24baires.com\/wp-content\/uploads\/2012\/12\/fern%C3%A1ndez-an%C3%ADbal.jpg?resize=300%2C168 300w\" sizes=\"auto, (max-width: 560px) 100vw, 560px\" \/>El jefe de Gabinete se refiri\u00f3 a los casos de corrupci\u00f3n que involucran al macrismo y resalt\u00f3: \u00abPor qu\u00e9 me va a asustar a esta altura del partido que se est\u00e9 hablando de sus cosas turbias\u00bb.<!--more--><\/p>\n<p>\u00abMacri ha sido un turbio toda la vida\u00bb, remarc\u00f3 el candidato a gobernador bonaerense por el Frente para la Victoria (FpV) al referirse a los casos de corrupci\u00f3n que involucran al macrismo.<\/p>\n<p>En di\u00e1logo por Nacional Rock, Fern\u00e1ndez sostuvo que \u201cen los &#8217;80 cuando eran due\u00f1os de SOCMA se quedaron con cientos de millones de d\u00f3lares de seguros de cambio\u201d.<\/p>\n<p>\u201cEstuvo con el contrabando agravado de autos que fue despejado por una Corte autom\u00e1tica menemista que convalid\u00f3 un delito tributario con uno penal\u00bb, detall\u00f3.<\/p>\n<p>En este sentido, Fern\u00e1ndez agreg\u00f3 que \u201cdespu\u00e9s tuvo escuchas a la oposici\u00f3n, a la gente de AMIA y a su propio cu\u00f1ado; la UCEP que le pegaba a los viejos, a las mujeres embarazadas, a los pibes para sacarlos de las calles. El alquiler de Buenos Aires Design a 145.000 pesos. \u00bfQu\u00e9 m\u00e1s quer\u00e9s que te cuente?\u00bb.<\/p>\n<p>Sobre el patrimonio de M\u00e1ximo Kirchner y la publicaci\u00f3n este s\u00e1bado en la tapa de Clar\u00edn, el jefe de Gabinete dijo que \u201ces un sinsentido, porque solo quieren agraviar, no tiene otra raz\u00f3n de ser\u201d.<\/p>\n<p>\u00abEs una berreteada de las tantas a las que nos van a someter en todos estos d\u00edas porque el agravio a la Presidenta y su familia es una de sus vocaciones m\u00e1s importantes\u00bb, recalc\u00f3.<\/p>\n<p>Por otra parte, Fern\u00e1ndez dijo que \u201cno miran la declaraci\u00f3n jurada del diputado (Eduardo) Costa que va a competir por la gobernaci\u00f3n de Santa Cruz, que es trillonario, y Macri no present\u00f3 su declaraci\u00f3n jurada a\u00fan, y de esas cosas no habla sino de los agravios de la familia de la Presidenta\u201d.<\/p>\n<p>\u00abDos empresitas que est\u00e1n a 4 cuadras de una de la otra que son las \u00fanicas que son requeridas para hacer las veredas como que las otras no puedan competir, entonces termina siendo un curro\u00bb, complet\u00f3.<\/p>\n","protected":false},"excerpt":{"rendered":"<p>El jefe de Gabinete se refiri\u00f3 a los casos de corrupci\u00f3n que involucran al macrismo y resalt\u00f3: \u00abPor qu\u00e9 me va a asustar a esta altura del partido que se est\u00e9 hablando de sus cosas turbias\u00bb.<\/p>\n","protected":false},"author":4,"featured_media":0,"comment_status":"open","ping_status":"open","sticky":false,"template":"","format":"standard","meta":{"_jetpack_newsletter_access":"","_jetpack_dont_email_post_to_subs":false,"_jetpack_newsletter_tier_id":0,"_jetpack_memberships_contains_paywalled_content":false,"_jetpack_memberships_contains_paid_content":false,"footnotes":""},"categories":[51],"tags":[],"class_list":["post-72744","post","type-post","status-publish","format-standard","hentry","category-politica"],"jetpack_shortlink":"https:\/\/wp.me\/p2JWE0-iVi","jetpack-related-posts":[{"id":73721,"url":"http:\/\/www.24baires.com\/?p=73721","url_meta":{"origin":72744,"position":0},"title":"\u00abSi la gente de IDEA lo aplaude a Macri con ese historial turbio, les gustar\u00e1 eso\u00bb","author":"AF","date":"17\/10\/2015","format":false,"excerpt":"El jefe de Gabinete y candidato a gobernador por el FpV sostuvo que la Argentina vive \"una de las campa\u00f1as m\u00e1s horribles\" de su historia, critic\u00f3 a la oposici\u00f3n por no exhibir \"ni una sola idea\" y dijo que \"si la gente de IDEA lo aplaude a (Mauricio) Macri con\u2026","rel":"","context":"En \u00abPol\u00edtica\u00bb","block_context":{"text":"Pol\u00edtica","link":"http:\/\/www.24baires.com\/?cat=51"},"img":{"alt_text":"an\u00edbal cierre","src":"https:\/\/i0.wp.com\/www.24baires.com\/wp-content\/uploads\/2015\/08\/an%C3%ADbal-cierre.jpg?resize=350%2C200","width":350,"height":200,"srcset":"https:\/\/i0.wp.com\/www.24baires.com\/wp-content\/uploads\/2015\/08\/an%C3%ADbal-cierre.jpg?resize=350%2C200 1x, https:\/\/i0.wp.com\/www.24baires.com\/wp-content\/uploads\/2015\/08\/an%C3%ADbal-cierre.jpg?resize=525%2C300 1.5x"},"classes":[]},{"id":72876,"url":"http:\/\/www.24baires.com\/?p=72876","url_meta":{"origin":72744,"position":1},"title":"An\u00edbal tild\u00f3 de \u00abpoco seria\u00bb a la declaraci\u00f3n jurada de Macri","author":"AF","date":"30\/09\/2015","format":false,"excerpt":"El jefe de Gabinete y candidato a gobernador bonaerense explic\u00f3 que \u201clo que est\u00e1 mostrando no tiene nada que ver con la realidad\u201d. Adem\u00e1s, lo acus\u00f3 de \u201cinventar bombas de humo para tratar de tapar lo de (Fernando) Niembro\". Confi\u00f3 que \u201cinevitablemente el ojo del contador se me va\u201d y\u2026","rel":"","context":"En \u00abElecciones 2015\u00bb","block_context":{"text":"Elecciones 2015","link":"http:\/\/www.24baires.com\/?cat=74"},"img":{"alt_text":"an\u00edbal cierre","src":"https:\/\/i0.wp.com\/www.24baires.com\/wp-content\/uploads\/2015\/08\/an%C3%ADbal-cierre.jpg?resize=350%2C200","width":350,"height":200,"srcset":"https:\/\/i0.wp.com\/www.24baires.com\/wp-content\/uploads\/2015\/08\/an%C3%ADbal-cierre.jpg?resize=350%2C200 1x, https:\/\/i0.wp.com\/www.24baires.com\/wp-content\/uploads\/2015\/08\/an%C3%ADbal-cierre.jpg?resize=525%2C300 1.5x"},"classes":[]},{"id":95846,"url":"http:\/\/www.24baires.com\/?p=95846","url_meta":{"origin":72744,"position":2},"title":"De Vido denunci\u00f3 penalmente a Carri\u00f3 por \u00abmanifestaciones amenazantes\u00bb","author":"GB","date":"12\/07\/2017","format":false,"excerpt":"La diputada nacional pregunt\u00f3 si el ex ministro de Planificaci\u00f3n \"\u00bfva a declarar o lo matar\u00e1n antes?\", y su colega en la C\u00e1mara Baja se present\u00f3 ante la justicia para que se investiguen esos dichos. Mir\u00e1 el documento. El diputado nacional Julio De Vido denunci\u00f3 penalmente a Elisa Carri\u00f3 por\u2026","rel":"","context":"En \u00abPol\u00edtica\u00bb","block_context":{"text":"Pol\u00edtica","link":"http:\/\/www.24baires.com\/?cat=51"},"img":{"alt_text":"","src":"https:\/\/i0.wp.com\/www.24baires.com\/wp-content\/uploads\/2016\/09\/De-Vido...jpg?resize=350%2C200","width":350,"height":200,"srcset":"https:\/\/i0.wp.com\/www.24baires.com\/wp-content\/uploads\/2016\/09\/De-Vido...jpg?resize=350%2C200 1x, https:\/\/i0.wp.com\/www.24baires.com\/wp-content\/uploads\/2016\/09\/De-Vido...jpg?resize=525%2C300 1.5x"},"classes":[]},{"id":73812,"url":"http:\/\/www.24baires.com\/?p=73812","url_meta":{"origin":72744,"position":3},"title":"An\u00edbal asegura que \u201cest\u00e1 garantizada la transparencia en los pr\u00f3ximos comicios\u201d","author":"AF","date":"20\/10\/2015","format":false,"excerpt":"Lo reiter\u00f3 hoy el jefe de Gabinete y candidato a gobernador bonaerense por el FpV. Adem\u00e1s, dijo que quienes ponen en duda el escrutinio lo hacen \"porque saben que pierden\u201d. El funcionario nacional se refiri\u00f3 en t\u00e9rminos turf\u00edsticos al resultado de las elecciones al sostener que \u201cya dimos vuelta la\u2026","rel":"","context":"En \u00abElecciones 2015\u00bb","block_context":{"text":"Elecciones 2015","link":"http:\/\/www.24baires.com\/?cat=74"},"img":{"alt_text":"anibal conferencia","src":"https:\/\/i0.wp.com\/www.24baires.com\/wp-content\/uploads\/2015\/04\/anibal-conferencia.jpg?resize=350%2C200","width":350,"height":200,"srcset":"https:\/\/i0.wp.com\/www.24baires.com\/wp-content\/uploads\/2015\/04\/anibal-conferencia.jpg?resize=350%2C200 1x, https:\/\/i0.wp.com\/www.24baires.com\/wp-content\/uploads\/2015\/04\/anibal-conferencia.jpg?resize=525%2C300 1.5x"},"classes":[]},{"id":116599,"url":"http:\/\/www.24baires.com\/?p=116599","url_meta":{"origin":72744,"position":4},"title":"Alberto Fern\u00e1ndez: \u00abUsar jueces para perseguir opositores no fue una buena idea\u00bb","author":"AF","date":"03\/11\/2020","format":false,"excerpt":"El Presidente acus\u00f3 al ex gobierno de Mauricio Macri de poner \"esp\u00edas\" en la Justicia y pidi\u00f3 por la Reforma Judicial. El presidente Alberto Fern\u00e1ndez se refiri\u00f3 al accionar de la Justicia argentina y acus\u00f3 al macrismo de entremezclar \u201cesp\u00edas\u201d entre los jueces, al tiempo que llam\u00f3 a diputados a\u2026","rel":"","context":"En \u00abLocales\u00bb","block_context":{"text":"Locales","link":"http:\/\/www.24baires.com\/?cat=38"},"img":{"alt_text":"","src":"https:\/\/i0.wp.com\/www.24baires.com\/wp-content\/uploads\/2020\/09\/fern%C3%A1ndezz.jpg?resize=350%2C200","width":350,"height":200,"srcset":"https:\/\/i0.wp.com\/www.24baires.com\/wp-content\/uploads\/2020\/09\/fern%C3%A1ndezz.jpg?resize=350%2C200 1x, https:\/\/i0.wp.com\/www.24baires.com\/wp-content\/uploads\/2020\/09\/fern%C3%A1ndezz.jpg?resize=525%2C300 1.5x"},"classes":[]},{"id":112866,"url":"http:\/\/www.24baires.com\/?p=112866","url_meta":{"origin":72744,"position":5},"title":"Alberto advirti\u00f3 sobre \u00abla situaci\u00f3n cr\u00edtica que deja el macrismo\u00bb","author":"AF","date":"05\/11\/2019","format":false,"excerpt":"El presidente electo habl\u00f3 sobre la herencia econ\u00f3mica que recibir\u00e1 y rechaz\u00f3 el informe que elabor\u00f3 el gobierno de Macri, \"La crisis de deuda que hoy tenemos hace cuatro a\u00f1os no exist\u00eda y es producto de la gran inoperancia del gobierno\", replic\u00f3 Fern\u00e1ndez. El presidente electo, Alberto Fern\u00e1ndez, subray\u00f3 que\u2026","rel":"","context":"En \u00abPol\u00edtica\u00bb","block_context":{"text":"Pol\u00edtica","link":"http:\/\/www.24baires.com\/?cat=51"},"img":{"alt_text":"","src":"https:\/\/i0.wp.com\/www.24baires.com\/wp-content\/uploads\/2019\/10\/alberto1.jpeg?resize=350%2C200","width":350,"height":200,"srcset":"https:\/\/i0.wp.com\/www.24baires.com\/wp-content\/uploads\/2019\/10\/alberto1.jpeg?resize=350%2C200 1x, https:\/\/i0.wp.com\/www.24baires.com\/wp-content\/uploads\/2019\/10\/alberto1.jpeg?resize=525%2C300 1.5x"},"classes":[]}],"jetpack_sharing_enabled":true,"jetpack_likes_enabled":true,"jetpack_featured_media_url":"","_links":{"self":[{"href":"http:\/\/www.24baires.com\/index.php?rest_route=\/wp\/v2\/posts\/72744","targetHints":{"allow":["GET"]}}],"collection":[{"href":"http:\/\/www.24baires.com\/index.php?rest_route=\/wp\/v2\/posts"}],"about":[{"href":"http:\/\/www.24baires.com\/index.php?rest_route=\/wp\/v2\/types\/post"}],"author":[{"embeddable":true,"href":"http:\/\/www.24baires.com\/index.php?rest_route=\/wp\/v2\/users\/4"}],"replies":[{"embeddable":true,"href":"http:\/\/www.24baires.com\/index.php?rest_route=%2Fwp%2Fv2%2Fcomments&post=72744"}],"version-history":[{"count":1,"href":"http:\/\/www.24baires.com\/index.php?rest_route=\/wp\/v2\/posts\/72744\/revisions"}],"predecessor-version":[{"id":72745,"href":"http:\/\/www.24baires.com\/index.php?rest_route=\/wp\/v2\/posts\/72744\/revisions\/72745"}],"wp:attachment":[{"href":"http:\/\/www.24baires.com\/index.php?rest_route=%2Fwp%2Fv2%2Fmedia&parent=72744"}],"wp:term":[{"taxonomy":"category","embeddable":true,"href":"http:\/\/www.24baires.com\/index.php?rest_route=%2Fwp%2Fv2%2Fcategories&post=72744"},{"taxonomy":"post_tag","embeddable":true,"href":"http:\/\/www.24baires.com\/index.php?rest_route=%2Fwp%2Fv2%2Ftags&post=72744"}],"curies":[{"name":"wp","href":"https:\/\/api.w.org\/{rel}","templated":true}]}}