{"id":72735,"date":"2015-09-27T11:19:59","date_gmt":"2015-09-27T14:19:59","guid":{"rendered":"http:\/\/www.24baires.com\/?p=72735"},"modified":"2015-09-28T08:54:07","modified_gmt":"2015-09-28T11:54:07","slug":"cristina-participa-de-un-encuentro-de-lideres-mundiales-sobre-igualdad-de-genero","status":"publish","type":"post","link":"http:\/\/www.24baires.com\/?p=72735","title":{"rendered":"\u00abEs necesario romper fronteras culturales que consideraron hist\u00f3ricamente a la mujer un ser inferior al hombre\u00bb"},"content":{"rendered":"<p><a href=\"https:\/\/i0.wp.com\/www.24baires.com\/wp-content\/uploads\/2015\/09\/wpid-wp-1443363542490.jpeg\"><img data-recalc-dims=\"1\" loading=\"lazy\" decoding=\"async\" class=\" aligncenter\" title=\"wp-1443363542490\" src=\"https:\/\/i0.wp.com\/www.24baires.com\/wp-content\/uploads\/2015\/09\/wpid-wp-1443363542490.jpeg?resize=561%2C373\" alt=\"image\" width=\"561\" height=\"373\" \/><\/a><\/p>\n<p>Cristina Fern\u00e1ndez de Kirchner asegur\u00f3 que \u201cso\u00f1ar con la equidad de g\u00e9nero en un pa\u00eds inequitativo es una ilusi\u00f3n\u201d, al pronunciar un discurso en la \u00abReuni\u00f3n de L\u00edderes Mundiales sobre Igualdad de G\u00e9nero y Empoderamiento de la Mujer: Un Compromiso a la Acci\u00f3n\u00bb, realizada en el marco de la 70\u00b0 Asamblea de la ONU.<!--more--><\/p>\n<p>La mandataria argentina pronunci\u00f3 un breve discurso en la reuni\u00f3n sobre igualdad de g\u00e9nero celebrada hoy en el marco de la Asamblea Anual de la ONU, donde asegur\u00f3 que \u201cso\u00f1ar con la equidad de genero en un pa\u00eds inequitativo es una ilusi\u00f3n\u201d.<\/p>\n<p>En este sentido, afirm\u00f3 que nuestro pa\u00eds ha sostenido tres ejes para la igualdad de g\u00e9nero: la autonom\u00eda econ\u00f3mica, la autonom\u00eda pol\u00edtica y personal, y la autonom\u00eda social\u201d.<\/p>\n<p>\u201cEl desarrollo de estos tres ejes solo se puede dar en un pa\u00eds donde haya un proceso de inclusi\u00f3n global, con desarrollo y crecimiento econ\u00f3mico. So\u00f1ar con la equidad de genero en un pa\u00eds inequitativo con grandes brecha sociales, es simplemente ret\u00f3rica o ilusi\u00f3n\u201d.<\/p>\n<p>En este sentido destac\u00f3 las pol\u00edticas de inclusi\u00f3n social desplegadas por su gobierno durante la \u00faltima d\u00e9cada, entre las que mencion\u00f3 la asignaci\u00f3n Universal por Hijo, la asignaci\u00f3n por Embarazo y \u201cla intensa promoci\u00f3n de la educaci\u00f3n p\u00fablica que junto a las de identidad de g\u00e9nero y protecci\u00f3n de la mujer, ha generado una fuerte reducci\u00f3n de la desigualdad\u201d.<\/p>\n<p>\u201cEste proceso de inclusi\u00f3n ha tra\u00eddo aparejado tambi\u00e9n una mayor oportunidad de igualdad para la mujer. Sin embargo a\u00fan, en las sociedades m\u00e1s desarrolladas sigue habiendo una desigualdad de g\u00e9nero que es el acceso a los sistemas de decisi\u00f3n pol\u00edtica de un pa\u00eds\u201d explic\u00f3.<\/p>\n<p>Sobre la situaci\u00f3n de nuestro pa\u00eds, precis\u00f3 que \u201cla matricula universitaria es muy importante la presencia femenina, tambi\u00e9n supera la participaci\u00f3n en el parlamento lo establecidos en las leyes, una mujer ha sido reelecta presidenta en mi pa\u00eds\u201d, sin embargo detall\u00f3 que \u201cla discriminaci\u00f3n a\u00fan permanece porque por fuera de la discriminaci\u00f3n pol\u00edtica, econ\u00f3mica y social, persiste en todas las sociedades una discriminaci\u00f3n cultural hacia la mujer\u201d.<\/p>\n<p>\u201cA\u00fan aquellas que ocupamos la primera magistratura del pa\u00eds, las cr\u00edticas que sufrimos no son pol\u00edticas, son cr\u00edticas sexistas que a\u00fan hacen diferencia\u201d indic\u00f3.<\/p>\n<p>En este sentido, consider\u00f3 que \u201ces necesario romper fronteras estructurales que han considerado a la mujer durante siglos un ser inferior o menos inteligente que los hombres. Por eso creo que las pol\u00edticas deben estar destinadas a la cultura, a que empoderar a la mujer no sea solamente una cuesti\u00f3n de obligaci\u00f3n por firmar convenciones, sino que sea la profunda convicci\u00f3n en el coraz\u00f3n de los hombre y a\u00fan de las propias mujeres que muchas veces nos discriminamos entre nosotras\u201d.<\/p>\n<p>\u00abQuiero hacer un firme llamado a los corazones y a las mentes para derrumbar tab\u00faes y prejuicios respecto de nosotras y que las cr\u00edticas que recibamos sean exactamente del mismo tenor que las que reciben ustedes los hombres, que no tengan que ver con nuestro sexo, ni con nuestro g\u00e9nero, ese es el gran llamado que queremos hacer\u201d.<\/p>\n","protected":false},"excerpt":{"rendered":"<p>Cristina Fern\u00e1ndez de Kirchner asegur\u00f3 que \u201cso\u00f1ar con la equidad de g\u00e9nero en un pa\u00eds inequitativo es una ilusi\u00f3n\u201d, al pronunciar un discurso en la \u00abReuni\u00f3n de L\u00edderes Mundiales sobre Igualdad de G\u00e9nero y Empoderamiento de la Mujer: Un Compromiso a la Acci\u00f3n\u00bb, realizada en el marco de la 70\u00b0 Asamblea de la ONU.<\/p>\n","protected":false},"author":4,"featured_media":0,"comment_status":"open","ping_status":"open","sticky":false,"template":"","format":"standard","meta":{"_jetpack_newsletter_access":"","_jetpack_dont_email_post_to_subs":false,"_jetpack_newsletter_tier_id":0,"_jetpack_memberships_contains_paywalled_content":false,"_jetpack_memberships_contains_paid_content":false,"footnotes":""},"categories":[51],"tags":[],"class_list":["post-72735","post","type-post","status-publish","format-standard","hentry","category-politica"],"jetpack_shortlink":"https:\/\/wp.me\/p2JWE0-iV9","jetpack-related-posts":[{"id":119524,"url":"http:\/\/www.24baires.com\/?p=119524","url_meta":{"origin":72735,"position":0},"title":"\u00abEl Gobierno ha entendido que el feminismo es una identidad\u00bb","author":"AF","date":"08\/11\/2022","format":false,"excerpt":"El mandatario asegur\u00f3 adem\u00e1s que el Gobierno \"lo \u00fanico que ha hecho es sumarse a los reclamos de igualdad\", al encabezar la inauguraci\u00f3n de la XV Conferencia Regional sobre la Mujer de Am\u00e9rica Latina y el Caribe organizada por la Cepal y ONU Mujeres. El presidente Alberto Fern\u00e1ndez sostuvo que\u2026","rel":"","context":"En \u00abPol\u00edtica\u00bb","block_context":{"text":"Pol\u00edtica","link":"http:\/\/www.24baires.com\/?cat=51"},"img":{"alt_text":"","src":"https:\/\/i0.wp.com\/www.24baires.com\/wp-content\/uploads\/2022\/11\/AF.jpg?resize=350%2C200","width":350,"height":200,"srcset":"https:\/\/i0.wp.com\/www.24baires.com\/wp-content\/uploads\/2022\/11\/AF.jpg?resize=350%2C200 1x, https:\/\/i0.wp.com\/www.24baires.com\/wp-content\/uploads\/2022\/11\/AF.jpg?resize=525%2C300 1.5x, https:\/\/i0.wp.com\/www.24baires.com\/wp-content\/uploads\/2022\/11\/AF.jpg?resize=700%2C400 2x, https:\/\/i0.wp.com\/www.24baires.com\/wp-content\/uploads\/2022\/11\/AF.jpg?resize=1050%2C600 3x"},"classes":[]},{"id":28774,"url":"http:\/\/www.24baires.com\/?p=28774","url_meta":{"origin":72735,"position":1},"title":"El intendente de Pergamino se reuni\u00f3 con Michelle Bachelet en la Internacional Socialista","author":"AF","date":"23\/07\/2013","format":false,"excerpt":"El intendente de Pergamino y candidato a diputado nacional por el Frente Progresista C\u00edvico y Social, H\u00e9ctor \u201cCachi\u201d Guti\u00e9rrez, particip\u00f3 en representaci\u00f3n de los jefes comunales radicales del comit\u00e9 sobre Gobiernos Locales de la Internacional Socialista, liderado por el Secretario General de la IS Luis Ayala y que cont\u00f3 con\u2026","rel":"","context":"En \u00abPol\u00edtica\u00bb","block_context":{"text":"Pol\u00edtica","link":"http:\/\/www.24baires.com\/?cat=51"},"img":{"alt_text":"","src":"https:\/\/i0.wp.com\/www.24baires.com\/wp-content\/uploads\/2013\/07\/bachelet-cachi-guti%C3%A9rrez.jpg?resize=350%2C200","width":350,"height":200,"srcset":"https:\/\/i0.wp.com\/www.24baires.com\/wp-content\/uploads\/2013\/07\/bachelet-cachi-guti%C3%A9rrez.jpg?resize=350%2C200 1x, https:\/\/i0.wp.com\/www.24baires.com\/wp-content\/uploads\/2013\/07\/bachelet-cachi-guti%C3%A9rrez.jpg?resize=525%2C300 1.5x"},"classes":[]},{"id":42955,"url":"http:\/\/www.24baires.com\/?p=42955","url_meta":{"origin":72735,"position":2},"title":"Desde la Juventud Radical denuncian la falta de empleo en Mar del Plata","author":"Grupo Sierra","date":"28\/03\/2014","format":false,"excerpt":"Apuntan al Gobierno Municipal y aseguran que \"carece de pol\u00edticas propias para generar empleo, dependiendo siempre, de planes e ideas que llegan desde el Estado Provincial o Nacional\". El empleo es el principal motor de inserci\u00f3n social, el generador de recursos en los hogares, respalda las posibilidades de desarrollo de\u2026","rel":"","context":"En \u00abLocales\u00bb","block_context":{"text":"Locales","link":"http:\/\/www.24baires.com\/?cat=38"},"img":{"alt_text":"desempleo","src":"https:\/\/i0.wp.com\/www.24baires.com\/wp-content\/uploads\/2014\/02\/desempleo-300x190.jpg?resize=350%2C200","width":350,"height":200},"classes":[]},{"id":97640,"url":"http:\/\/www.24baires.com\/?p=97640","url_meta":{"origin":72735,"position":3},"title":"\u00abVamos a ponernos de pie, como estamos, y hacerle honor a todo lo que hemos construido\u00bb","author":"GB","date":"23\/09\/2017","format":false,"excerpt":"La ex Presidenta particip\u00f3 de un encuentro de mujeres en Ezeiza, donde afirm\u00f3 que \"el mundo necesita construir igualdad y equidad\" y manifest\u00f3 la necesidad de \"reconstruir un Estado\" que defienda los derechos de la sociedad. En el marco del 70 aniversario de la sanci\u00f3n de la ley del voto\u2026","rel":"","context":"En \u00abPol\u00edtica\u00bb","block_context":{"text":"Pol\u00edtica","link":"http:\/\/www.24baires.com\/?cat=51"},"img":{"alt_text":"","src":"https:\/\/i0.wp.com\/www.24baires.com\/wp-content\/uploads\/2017\/09\/cristina-1.jpg?resize=350%2C200","width":350,"height":200,"srcset":"https:\/\/i0.wp.com\/www.24baires.com\/wp-content\/uploads\/2017\/09\/cristina-1.jpg?resize=350%2C200 1x, https:\/\/i0.wp.com\/www.24baires.com\/wp-content\/uploads\/2017\/09\/cristina-1.jpg?resize=525%2C300 1.5x"},"classes":[]},{"id":104612,"url":"http:\/\/www.24baires.com\/?p=104612","url_meta":{"origin":72735,"position":4},"title":"Macri ya est\u00e1 en Nueva York","author":"AF","date":"23\/09\/2018","format":false,"excerpt":"El presidente Mauricio Macri lleg\u00f3 esta ma\u00f1ana a Nueva York, adonde viaj\u00f3 para hablar ante la Asamblea de las Naciones Unidas (ONU) y con la expectativa de reunirse de modo informal con el mandatario local, Donald Trump. Macri, quien parti\u00f3 anoche en un vuelo privado hacia la ciudad de Nueva\u2026","rel":"","context":"En \u00abPol\u00edtica\u00bb","block_context":{"text":"Pol\u00edtica","link":"http:\/\/www.24baires.com\/?cat=51"},"img":{"alt_text":"","src":"https:\/\/i0.wp.com\/www.24baires.com\/wp-content\/uploads\/2018\/01\/macri.jpg?resize=350%2C200","width":350,"height":200,"srcset":"https:\/\/i0.wp.com\/www.24baires.com\/wp-content\/uploads\/2018\/01\/macri.jpg?resize=350%2C200 1x, https:\/\/i0.wp.com\/www.24baires.com\/wp-content\/uploads\/2018\/01\/macri.jpg?resize=525%2C300 1.5x"},"classes":[]},{"id":51532,"url":"http:\/\/www.24baires.com\/?p=51532","url_meta":{"origin":72735,"position":5},"title":"\u00abG\u00e9nero personalizado\u00bb, la nueva opci\u00f3n para usuarios de Facebook","author":"GB","date":"10\/08\/2014","format":false,"excerpt":"Facebook Argentina pondr\u00e1 a disposici\u00f3n de los usuarios la opci\u00f3n de \"g\u00e9nero personalizado\", para facilitar que las personas expresen mejor su identidad en la plataforma. El objetivo es que cuando se entre en la red social Facebook para conectarse con personas u organizaciones, se sientan c\u00f3modas siendo fieles a s\u00ed\u2026","rel":"","context":"En \u00abTecnolog\u00eda\u00bb","block_context":{"text":"Tecnolog\u00eda","link":"http:\/\/www.24baires.com\/?cat=46"},"img":{"alt_text":"facebook","src":"https:\/\/i0.wp.com\/www.24baires.com\/wp-content\/uploads\/2013\/01\/facebook.jpg?resize=350%2C200","width":350,"height":200},"classes":[]}],"jetpack_sharing_enabled":true,"jetpack_likes_enabled":true,"jetpack_featured_media_url":"","_links":{"self":[{"href":"http:\/\/www.24baires.com\/index.php?rest_route=\/wp\/v2\/posts\/72735","targetHints":{"allow":["GET"]}}],"collection":[{"href":"http:\/\/www.24baires.com\/index.php?rest_route=\/wp\/v2\/posts"}],"about":[{"href":"http:\/\/www.24baires.com\/index.php?rest_route=\/wp\/v2\/types\/post"}],"author":[{"embeddable":true,"href":"http:\/\/www.24baires.com\/index.php?rest_route=\/wp\/v2\/users\/4"}],"replies":[{"embeddable":true,"href":"http:\/\/www.24baires.com\/index.php?rest_route=%2Fwp%2Fv2%2Fcomments&post=72735"}],"version-history":[{"count":3,"href":"http:\/\/www.24baires.com\/index.php?rest_route=\/wp\/v2\/posts\/72735\/revisions"}],"predecessor-version":[{"id":72753,"href":"http:\/\/www.24baires.com\/index.php?rest_route=\/wp\/v2\/posts\/72735\/revisions\/72753"}],"wp:attachment":[{"href":"http:\/\/www.24baires.com\/index.php?rest_route=%2Fwp%2Fv2%2Fmedia&parent=72735"}],"wp:term":[{"taxonomy":"category","embeddable":true,"href":"http:\/\/www.24baires.com\/index.php?rest_route=%2Fwp%2Fv2%2Fcategories&post=72735"},{"taxonomy":"post_tag","embeddable":true,"href":"http:\/\/www.24baires.com\/index.php?rest_route=%2Fwp%2Fv2%2Ftags&post=72735"}],"curies":[{"name":"wp","href":"https:\/\/api.w.org\/{rel}","templated":true}]}}