{"id":72726,"date":"2015-09-26T15:00:50","date_gmt":"2015-09-26T18:00:50","guid":{"rendered":"http:\/\/www.24baires.com\/?p=72726"},"modified":"2015-09-26T12:29:10","modified_gmt":"2015-09-26T15:29:10","slug":"scioli-encabeza-el-egreso-de-4-000-policias-en-berazategui","status":"publish","type":"post","link":"http:\/\/www.24baires.com\/?p=72726","title":{"rendered":"Scioli encabeza el egreso de 4.000 polic\u00edas en Berazategui"},"content":{"rendered":"<p><img data-recalc-dims=\"1\" loading=\"lazy\" decoding=\"async\" class=\"aligncenter size-full wp-image-42205\" src=\"https:\/\/i0.wp.com\/www.24baires.com\/wp-content\/uploads\/2014\/03\/scioli1.jpg?resize=560%2C313\" alt=\"scioli\" width=\"560\" height=\"313\" srcset=\"https:\/\/i0.wp.com\/www.24baires.com\/wp-content\/uploads\/2014\/03\/scioli1.jpg?w=560 560w, https:\/\/i0.wp.com\/www.24baires.com\/wp-content\/uploads\/2014\/03\/scioli1.jpg?resize=300%2C167 300w\" sizes=\"auto, (max-width: 560px) 100vw, 560px\" \/>Con un acto en el distrito del sur, el Mandatario bonaerense estar\u00e1 acompa\u00f1ado por Alejandro Granados en el Instituto de Formaci\u00f3n Policial local, en Camino Parque Centenario, sobre el kil\u00f3metro 17.500.<!--more--><\/p>\n<p>El Gobernador de la provincia, y tambi\u00e9n candidato presidencial del oficialismo, encabezar\u00e1 el egreso de 4.000 oficiales de la Polic\u00eda Bonaerense, de las escuelas descentralizadas y la escuela de polic\u00edas Juan Vucetich, acompa\u00f1ado por su ministro de Seguridad, Alejandro Granados, en la seguidilla de actividades que despliega a lo largo del Conurbano.<\/p>\n<p>La actividad tendr\u00e1 lugar en el Instituto de Formaci\u00f3n Policial de la escuela.<\/p>\n<p>Eso est\u00e1 ubicado en Camino Parque Centenario, kil\u00f3metro 17.500, en la localidad de Berazategui.<\/p>\n<p>&nbsp;<\/p>\n<p>&nbsp;<\/p>\n<p>&nbsp;<\/p>\n<p>&nbsp;<\/p>\n<p>&nbsp;<\/p>\n<p>&nbsp;<\/p>\n<p>&nbsp;<\/p>\n<p>&nbsp;<\/p>\n<p>&nbsp;<\/p>\n<p>&nbsp;<\/p>\n<p>&nbsp;<\/p>\n<p>&nbsp;<\/p>\n<p>&nbsp;<\/p>\n<p>&nbsp;<\/p>\n","protected":false},"excerpt":{"rendered":"<p>Con un acto en el distrito del sur, el Mandatario bonaerense estar\u00e1 acompa\u00f1ado por Alejandro Granados en el Instituto de Formaci\u00f3n Policial local, en Camino Parque Centenario, sobre el kil\u00f3metro 17.500.<\/p>\n","protected":false},"author":8,"featured_media":0,"comment_status":"open","ping_status":"open","sticky":false,"template":"","format":"standard","meta":{"_jetpack_newsletter_access":"","_jetpack_dont_email_post_to_subs":false,"_jetpack_newsletter_tier_id":0,"_jetpack_memberships_contains_paywalled_content":false,"_jetpack_memberships_contains_paid_content":false,"footnotes":""},"categories":[51],"tags":[],"class_list":["post-72726","post","type-post","status-publish","format-standard","hentry","category-politica"],"jetpack_shortlink":"https:\/\/wp.me\/p2JWE0-iV0","jetpack-related-posts":[{"id":117215,"url":"http:\/\/www.24baires.com\/?p=117215","url_meta":{"origin":72726,"position":0},"title":"Comienzan a vacunar al personal de las fuerzas de seguridad en la Provincia","author":"GB","date":"22\/02\/2021","format":false,"excerpt":"El Gobierno de la provincia de Buenos Aires comenzar\u00e1 hoy a aplicar la vacuna contra el coronavirus al personal de las distintas fuerzas de seguridad, informaron fuentes del Poder Ejecutivo. \"La vacuna contra el coronavirus ya lleg\u00f3 a Puente 12 y ser\u00e1 aplicada a nuestras fuerzas policiales que se encuentran\u2026","rel":"","context":"En \u00abProvincia\u00bb","block_context":{"text":"Provincia","link":"http:\/\/www.24baires.com\/?cat=40"},"img":{"alt_text":"","src":"https:\/\/i0.wp.com\/www.24baires.com\/wp-content\/uploads\/2020\/08\/vacuna-covid.jpg?resize=350%2C200","width":350,"height":200,"srcset":"https:\/\/i0.wp.com\/www.24baires.com\/wp-content\/uploads\/2020\/08\/vacuna-covid.jpg?resize=350%2C200 1x, https:\/\/i0.wp.com\/www.24baires.com\/wp-content\/uploads\/2020\/08\/vacuna-covid.jpg?resize=525%2C300 1.5x"},"classes":[]},{"id":122762,"url":"http:\/\/www.24baires.com\/?p=122762","url_meta":{"origin":72726,"position":1},"title":"Provincia le relama a la Naci\u00f3n: \u201cNecesitamos que fortalezcan las fronteras\u201d","author":"GB","date":"16\/12\/2025","format":false,"excerpt":"El ministro de Seguridad de la provincia de Buenos Aires, Javier Alonso, se mostr\u00f3 preocupado por el avance del narcotr\u00e1fico y le dej\u00f3 un mensaje al Gobierno Nacional. El gobierno de la provincia de Buenos Aires celebr\u00f3 ayer el aniversario 204 de la creaci\u00f3n de la Polic\u00eda Bonaerense. En ese\u2026","rel":"","context":"En \u00abProvincia\u00bb","block_context":{"text":"Provincia","link":"http:\/\/www.24baires.com\/?cat=40"},"img":{"alt_text":"","src":"https:\/\/i0.wp.com\/www.24baires.com\/wp-content\/uploads\/2025\/12\/seguridad-pba.jpg?resize=350%2C200","width":350,"height":200,"srcset":"https:\/\/i0.wp.com\/www.24baires.com\/wp-content\/uploads\/2025\/12\/seguridad-pba.jpg?resize=350%2C200 1x, https:\/\/i0.wp.com\/www.24baires.com\/wp-content\/uploads\/2025\/12\/seguridad-pba.jpg?resize=525%2C300 1.5x, https:\/\/i0.wp.com\/www.24baires.com\/wp-content\/uploads\/2025\/12\/seguridad-pba.jpg?resize=700%2C400 2x, https:\/\/i0.wp.com\/www.24baires.com\/wp-content\/uploads\/2025\/12\/seguridad-pba.jpg?resize=1050%2C600 3x, https:\/\/i0.wp.com\/www.24baires.com\/wp-content\/uploads\/2025\/12\/seguridad-pba.jpg?resize=1400%2C800 4x"},"classes":[]},{"id":57867,"url":"http:\/\/www.24baires.com\/?p=57867","url_meta":{"origin":72726,"position":2},"title":"Scioli y Granados encabezan la graduaci\u00f3n de 10 mil polic\u00edas en Berazategui","author":"AF","date":"29\/11\/2014","format":false,"excerpt":"Esta ma\u00f1ana el gobernador encabeza el acto de promoci\u00f3n de efectivos. Junto al ministro de Seguridad provincial Alejandro Granados daN la bienvenida a las fuerzas a 10.000 cadetes. El acto se realiza en la Escuela de Polic\u00eda \"Juan Vucetich\" El gobernador bonaerense, Daniel Scioli, y el ministro de Seguridad provincial,\u2026","rel":"","context":"En \u00abSociedad\u00bb","block_context":{"text":"Sociedad","link":"http:\/\/www.24baires.com\/?cat=1"},"img":{"alt_text":"policia elec","src":"https:\/\/i0.wp.com\/www.24baires.com\/wp-content\/uploads\/2013\/10\/policia-elec.jpg?resize=350%2C200","width":350,"height":200,"srcset":"https:\/\/i0.wp.com\/www.24baires.com\/wp-content\/uploads\/2013\/10\/policia-elec.jpg?resize=350%2C200 1x, https:\/\/i0.wp.com\/www.24baires.com\/wp-content\/uploads\/2013\/10\/policia-elec.jpg?resize=525%2C300 1.5x"},"classes":[]},{"id":114325,"url":"http:\/\/www.24baires.com\/?p=114325","url_meta":{"origin":72726,"position":3},"title":"Para el gobernador el Operativo Sol fue \u00abexitoso\u00bb y pidi\u00f3 una polic\u00eda \u00abdecente\u00bb","author":"GB","date":"06\/03\/2020","format":false,"excerpt":"En un acto celebrado en la Escuela Juan Vucetich de Parque Centenario, el gobernador dijo que es necesario una fuerza \"decente y humana\". Por su parte, Sergio Berni anunci\u00f3 el cambio de la c\u00fapula policial y le mand\u00f3 un saludo a la familia de Fernando Sosa. Axel Kicillof y su\u2026","rel":"","context":"En \u00abProvincia\u00bb","block_context":{"text":"Provincia","link":"http:\/\/www.24baires.com\/?cat=40"},"img":{"alt_text":"","src":"https:\/\/i0.wp.com\/www.24baires.com\/wp-content\/uploads\/2020\/03\/kicillof-operativo-sol.jpg?resize=350%2C200","width":350,"height":200,"srcset":"https:\/\/i0.wp.com\/www.24baires.com\/wp-content\/uploads\/2020\/03\/kicillof-operativo-sol.jpg?resize=350%2C200 1x, https:\/\/i0.wp.com\/www.24baires.com\/wp-content\/uploads\/2020\/03\/kicillof-operativo-sol.jpg?resize=525%2C300 1.5x"},"classes":[]},{"id":21336,"url":"http:\/\/www.24baires.com\/?p=21336","url_meta":{"origin":72726,"position":4},"title":"El Gobernador inaugur\u00f3 el ciclo lectivo policial 2013 en Berazategui","author":"AF","date":"18\/04\/2013","format":false,"excerpt":"El gobernador Daniel Scioli alent\u00f3 este jueves a seguir fortaleciendo \u201cel compromiso (policial) con la sociedad, con una s\u00f3lida preparaci\u00f3n\u201d, al inaugurar en el distrito de Berazategui el ciclo lectivo 2013 para 1.500 cadetes de tres escuelas del conurbano. Por otra parte, destac\u00f3 los progresos de las escuelas policiales descentralizadas\u2026","rel":"","context":"En \u00abSociedad\u00bb","block_context":{"text":"Sociedad","link":"http:\/\/www.24baires.com\/?cat=1"},"img":{"alt_text":"scioli casal","src":"https:\/\/i0.wp.com\/www.24baires.com\/wp-content\/uploads\/2013\/04\/scioli-casal.png?resize=350%2C200","width":350,"height":200},"classes":[]},{"id":48386,"url":"http:\/\/www.24baires.com\/?p=48386","url_meta":{"origin":72726,"position":5},"title":"Scioli pidi\u00f3 una Polic\u00eda de aproximaci\u00f3n y prevenci\u00f3n","author":"AF","date":"20\/06\/2014","format":false,"excerpt":"El gobernador encabez\u00f3 este viernes el acto de jura a la bandera de 10 mil aspirantes a la Polic\u00eda de la Provincia en la Escuela \"Juan Vucetich\" de la localidad bonaerense de Berazategui. \"Queremos una polic\u00eda de aproximaci\u00f3n y prevenci\u00f3n, que sea conocedora del territorio\", les pidi\u00f3 el mandatario provincial\u2026","rel":"","context":"En \u00abProvincia\u00bb","block_context":{"text":"Provincia","link":"http:\/\/www.24baires.com\/?cat=40"},"img":{"alt_text":"policia elec","src":"https:\/\/i0.wp.com\/www.24baires.com\/wp-content\/uploads\/2013\/10\/policia-elec.jpg?resize=350%2C200","width":350,"height":200,"srcset":"https:\/\/i0.wp.com\/www.24baires.com\/wp-content\/uploads\/2013\/10\/policia-elec.jpg?resize=350%2C200 1x, https:\/\/i0.wp.com\/www.24baires.com\/wp-content\/uploads\/2013\/10\/policia-elec.jpg?resize=525%2C300 1.5x"},"classes":[]}],"jetpack_sharing_enabled":true,"jetpack_likes_enabled":true,"jetpack_featured_media_url":"","_links":{"self":[{"href":"http:\/\/www.24baires.com\/index.php?rest_route=\/wp\/v2\/posts\/72726","targetHints":{"allow":["GET"]}}],"collection":[{"href":"http:\/\/www.24baires.com\/index.php?rest_route=\/wp\/v2\/posts"}],"about":[{"href":"http:\/\/www.24baires.com\/index.php?rest_route=\/wp\/v2\/types\/post"}],"author":[{"embeddable":true,"href":"http:\/\/www.24baires.com\/index.php?rest_route=\/wp\/v2\/users\/8"}],"replies":[{"embeddable":true,"href":"http:\/\/www.24baires.com\/index.php?rest_route=%2Fwp%2Fv2%2Fcomments&post=72726"}],"version-history":[{"count":1,"href":"http:\/\/www.24baires.com\/index.php?rest_route=\/wp\/v2\/posts\/72726\/revisions"}],"predecessor-version":[{"id":72727,"href":"http:\/\/www.24baires.com\/index.php?rest_route=\/wp\/v2\/posts\/72726\/revisions\/72727"}],"wp:attachment":[{"href":"http:\/\/www.24baires.com\/index.php?rest_route=%2Fwp%2Fv2%2Fmedia&parent=72726"}],"wp:term":[{"taxonomy":"category","embeddable":true,"href":"http:\/\/www.24baires.com\/index.php?rest_route=%2Fwp%2Fv2%2Fcategories&post=72726"},{"taxonomy":"post_tag","embeddable":true,"href":"http:\/\/www.24baires.com\/index.php?rest_route=%2Fwp%2Fv2%2Ftags&post=72726"}],"curies":[{"name":"wp","href":"https:\/\/api.w.org\/{rel}","templated":true}]}}