{"id":72724,"date":"2015-09-26T13:00:34","date_gmt":"2015-09-26T16:00:34","guid":{"rendered":"http:\/\/www.24baires.com\/?p=72724"},"modified":"2015-09-26T12:24:11","modified_gmt":"2015-09-26T15:24:11","slug":"cristina-ya-esta-en-nueva-york-para-participar-de-la-asamblea-de-la-onu","status":"publish","type":"post","link":"http:\/\/www.24baires.com\/?p=72724","title":{"rendered":"Cristina ya est\u00e1 en Nueva York para participar de la Asamblea de la ONU"},"content":{"rendered":"<p><img data-recalc-dims=\"1\" loading=\"lazy\" decoding=\"async\" class=\"aligncenter size-full wp-image-71658\" src=\"https:\/\/i0.wp.com\/www.24baires.com\/wp-content\/uploads\/2015\/09\/cristina-energia.jpg?resize=560%2C373\" alt=\"cristina energia\" width=\"560\" height=\"373\" srcset=\"https:\/\/i0.wp.com\/www.24baires.com\/wp-content\/uploads\/2015\/09\/cristina-energia.jpg?w=560 560w, https:\/\/i0.wp.com\/www.24baires.com\/wp-content\/uploads\/2015\/09\/cristina-energia.jpg?resize=300%2C200 300w\" sizes=\"auto, (max-width: 560px) 100vw, 560px\" \/>La presidenta arrib\u00f3 este s\u00e1bado al mediod\u00eda acompa\u00f1ada por el canciller H\u00e9ctor Timerman, el secretario de Legal y T\u00e9cnica, Carlos Zannini; el secretario de Comunicaci\u00f3n P\u00fablica, Alfredo Scoccimarro; y el director de la Agencia Federal de Inteligencia (AFI), Oscar Parrilli.<!--more--><\/p>\n<p>Dentro de la agenda oficial, Cristina Kirchner tiene previsto participar este domingo por la ma\u00f1ana de un Encuentro de L\u00edderes Mundiales para la Igualdad de G\u00e9nero y Empoderamiento de la Mujer<br \/>\nen la sede del organismo internacional.<\/p>\n<p>En tanto, su participaci\u00f3n en el plenario de la edici\u00f3n n\u00famero 70 de la Asamblea de la ONU ser\u00e1 el lunes cerca de las 16 (17 hora argentina), ocupando el s\u00e9ptimo lugar en el orden de losoradores durante la jornada, entre quienes estar\u00e1n sus pares Barack Obama (Estados Unidos), Xi Jinping (China) y Vladimir<br \/>\nPutin (Rusia).<\/p>\n<p>En esta oportunidad, los temas centrales que abordar\u00e1 la Asamblea ser\u00e1n \u00abel desarrollo sostenible, la seguridad global y contener los conflictos actuales, muchos de los que provocan la crisis de refugiados\u00bb.<\/p>\n<p>Por su parte, se espera que en su mensaje Cristina Kirchner haga foco en el accionar de los fondos buitres y la reestructuraci\u00f3n de deudas soberanas, tras la reciente aprobaci\u00f3n en Naciones Unidas del marco legal propuesto por la Argentina sobre este tema, lo cual fue celebrado por el Gobierno como un triunfo diplom\u00e1tico.<\/p>\n<p>Tampoco faltar\u00e1 el reclamo por la cuesti\u00f3n Malvinas, un tema infaltable en los siete discursos anteriores de la Presidenta en este \u00e1mbito.<\/p>\n<p>Como cada a\u00f1o que particip\u00f3 de este evento, la jefa de Estado se alojar\u00e1 en el Hotel Mandar\u00edn Oriental de la zona de Manhattan y, hasta el momento, no ten\u00eda previsto ninguna reuni\u00f3n bilateral.<\/p>\n<p>En Nueva York, la mandataria no coincidir\u00e1 con el Papa Francisco, ya que el Sumo Pont\u00edfice habl\u00f3 el pasado viernes en el plenario de la Asamblea y cuando Cristina Kirchner arrib\u00f3 al aeropuerto John F. Kennedy, el sumo pont\u00edfice parti\u00f3 hacia la ciudad de Filadelfia donde continuaba su gira estadounidense.<\/p>\n","protected":false},"excerpt":{"rendered":"<p>La presidenta arrib\u00f3 este s\u00e1bado al mediod\u00eda acompa\u00f1ada por el canciller H\u00e9ctor Timerman, el secretario de Legal y T\u00e9cnica, Carlos Zannini; el secretario de Comunicaci\u00f3n P\u00fablica, Alfredo Scoccimarro; y el director de la Agencia Federal de Inteligencia (AFI), Oscar Parrilli.<\/p>\n","protected":false},"author":8,"featured_media":0,"comment_status":"open","ping_status":"open","sticky":false,"template":"","format":"standard","meta":{"_jetpack_newsletter_access":"","_jetpack_dont_email_post_to_subs":false,"_jetpack_newsletter_tier_id":0,"_jetpack_memberships_contains_paywalled_content":false,"_jetpack_memberships_contains_paid_content":false,"footnotes":""},"categories":[51],"tags":[],"class_list":["post-72724","post","type-post","status-publish","format-standard","hentry","category-politica"],"jetpack_shortlink":"https:\/\/wp.me\/p2JWE0-iUY","jetpack-related-posts":[{"id":104612,"url":"http:\/\/www.24baires.com\/?p=104612","url_meta":{"origin":72724,"position":0},"title":"Macri ya est\u00e1 en Nueva York","author":"AF","date":"23\/09\/2018","format":false,"excerpt":"El presidente Mauricio Macri lleg\u00f3 esta ma\u00f1ana a Nueva York, adonde viaj\u00f3 para hablar ante la Asamblea de las Naciones Unidas (ONU) y con la expectativa de reunirse de modo informal con el mandatario local, Donald Trump. Macri, quien parti\u00f3 anoche en un vuelo privado hacia la ciudad de Nueva\u2026","rel":"","context":"En \u00abPol\u00edtica\u00bb","block_context":{"text":"Pol\u00edtica","link":"http:\/\/www.24baires.com\/?cat=51"},"img":{"alt_text":"","src":"https:\/\/i0.wp.com\/www.24baires.com\/wp-content\/uploads\/2018\/01\/macri.jpg?resize=350%2C200","width":350,"height":200,"srcset":"https:\/\/i0.wp.com\/www.24baires.com\/wp-content\/uploads\/2018\/01\/macri.jpg?resize=350%2C200 1x, https:\/\/i0.wp.com\/www.24baires.com\/wp-content\/uploads\/2018\/01\/macri.jpg?resize=525%2C300 1.5x"},"classes":[]},{"id":54003,"url":"http:\/\/www.24baires.com\/?p=54003","url_meta":{"origin":72724,"position":1},"title":"Cristina se reunir\u00e1 este lunes con el Secretario General de la ONU","author":"AF","date":"21\/09\/2014","format":false,"excerpt":"La presidenta Cristina Fern\u00e1ndez de Kirchner arrib\u00f3 anoche a la ciudad de Nueva York para desarrollar hasta el mi\u00e9rcoles pr\u00f3ximo una agenda que incluir\u00e1 una reuni\u00f3n con el secretario general de la ONU, Ban Ki-moon; un encuentro con representantes del sindicalismo internacional; una audiencia con el empresario George Soros y\u2026","rel":"","context":"En \u00abInternacionales\u00bb","block_context":{"text":"Internacionales","link":"http:\/\/www.24baires.com\/?cat=73"},"img":{"alt_text":"cristina onu","src":"https:\/\/i0.wp.com\/www.24baires.com\/wp-content\/uploads\/2013\/08\/cristina-onu.jpg?resize=350%2C200","width":350,"height":200,"srcset":"https:\/\/i0.wp.com\/www.24baires.com\/wp-content\/uploads\/2013\/08\/cristina-onu.jpg?resize=350%2C200 1x, https:\/\/i0.wp.com\/www.24baires.com\/wp-content\/uploads\/2013\/08\/cristina-onu.jpg?resize=525%2C300 1.5x"},"classes":[]},{"id":32288,"url":"http:\/\/www.24baires.com\/?p=32288","url_meta":{"origin":72724,"position":2},"title":"Cristina viaja a Nueva York para participar de la Asamblea de la ONU","author":"GB","date":"22\/09\/2013","format":false,"excerpt":"La Presidenta parti\u00f3 a las 19 del sector militar del aeroparque rumbo a Nueva York para participar de la 68va Asamblea General de las Naciones Unidas, en una una visita de dos d\u00edas a Estados Unidos. La jefa de Estado tiene previsto su arribo al aeropuerto internacional John F. Kennedy\u2026","rel":"","context":"En \u00abPol\u00edtica\u00bb","block_context":{"text":"Pol\u00edtica","link":"http:\/\/www.24baires.com\/?cat=51"},"img":{"alt_text":"cristina avion","src":"https:\/\/i0.wp.com\/www.24baires.com\/wp-content\/uploads\/2013\/09\/cristina-avion.jpg?resize=350%2C200","width":350,"height":200},"classes":[]},{"id":72829,"url":"http:\/\/www.24baires.com\/?p=72829","url_meta":{"origin":72724,"position":3},"title":"Cristina regres\u00f3 de exponer ante la Asamblea General de la ONU en EEUU","author":"AF","date":"29\/09\/2015","format":false,"excerpt":"La presidenta Cristina Fern\u00e1ndez de Kirchner regres\u00f3 a la Argentina luego de participar y exponer anoche ante la Asamblea General de las Naciones Unidas, en Nueva York, seg\u00fan se inform\u00f3. La jefa de Estado arrib\u00f3 a las 11.25 al sector militar del aeroparque metropolitano, a bordo del avi\u00f3n presidencial Tango\u2026","rel":"","context":"En \u00abSociedad\u00bb","block_context":{"text":"Sociedad","link":"http:\/\/www.24baires.com\/?cat=1"},"img":{"alt_text":"cristina avion","src":"https:\/\/i0.wp.com\/www.24baires.com\/wp-content\/uploads\/2013\/03\/cristina-avion.jpg?resize=350%2C200","width":350,"height":200,"srcset":"https:\/\/i0.wp.com\/www.24baires.com\/wp-content\/uploads\/2013\/03\/cristina-avion.jpg?resize=350%2C200 1x, https:\/\/i0.wp.com\/www.24baires.com\/wp-content\/uploads\/2013\/03\/cristina-avion.jpg?resize=525%2C300 1.5x"},"classes":[]},{"id":29586,"url":"http:\/\/www.24baires.com\/?p=29586","url_meta":{"origin":72724,"position":4},"title":"Cristina se reuni\u00f3 con Ban Ki-moon","author":"Grupo Sierra","date":"05\/08\/2013","format":false,"excerpt":"La Presidenta destac\u00f3 ante el secretario general de la ONU la \"eficacia\" de los organismos multilaterales sudamericanos y conden\u00f3 el agravio sufrido en Europa por el mandatario boliviano, Evo Morales. Un d\u00eda antes de presidir un debate en el Consejo de Seguridad sobre la cooperaci\u00f3n entre Naciones Unidas y otros\u2026","rel":"","context":"En \u00abPol\u00edtica\u00bb","block_context":{"text":"Pol\u00edtica","link":"http:\/\/www.24baires.com\/?cat=51"},"img":{"alt_text":"","src":"https:\/\/i0.wp.com\/www.24baires.com\/wp-content\/uploads\/2013\/08\/cristina-onu.jpg?resize=350%2C200","width":350,"height":200,"srcset":"https:\/\/i0.wp.com\/www.24baires.com\/wp-content\/uploads\/2013\/08\/cristina-onu.jpg?resize=350%2C200 1x, https:\/\/i0.wp.com\/www.24baires.com\/wp-content\/uploads\/2013\/08\/cristina-onu.jpg?resize=525%2C300 1.5x"},"classes":[]},{"id":54044,"url":"http:\/\/www.24baires.com\/?p=54044","url_meta":{"origin":72724,"position":5},"title":"Cristina comienza su gira en Nueva York con Ban Ki-moon y George Soros","author":"AF","date":"22\/09\/2014","format":false,"excerpt":"La Presidenta iniciar\u00e1 hoy la actividad oficial con una serie de reuniones que incluyen al secretario general de la ONU, el empresario estadounidense y representantes del sindicalismo internacional. El mi\u00e9rcoles hablar\u00e1 ante la Asamblea de Naciones Unidas. La audiencia entre la jefa de Estado y el diplom\u00e1tico surcoreano ser\u00e1 este\u2026","rel":"","context":"En \u00abPol\u00edtica\u00bb","block_context":{"text":"Pol\u00edtica","link":"http:\/\/www.24baires.com\/?cat=51"},"img":{"alt_text":"cristina","src":"https:\/\/i0.wp.com\/www.24baires.com\/wp-content\/uploads\/2014\/08\/cristina4.jpg?resize=350%2C200","width":350,"height":200,"srcset":"https:\/\/i0.wp.com\/www.24baires.com\/wp-content\/uploads\/2014\/08\/cristina4.jpg?resize=350%2C200 1x, https:\/\/i0.wp.com\/www.24baires.com\/wp-content\/uploads\/2014\/08\/cristina4.jpg?resize=525%2C300 1.5x"},"classes":[]}],"jetpack_sharing_enabled":true,"jetpack_likes_enabled":true,"jetpack_featured_media_url":"","_links":{"self":[{"href":"http:\/\/www.24baires.com\/index.php?rest_route=\/wp\/v2\/posts\/72724","targetHints":{"allow":["GET"]}}],"collection":[{"href":"http:\/\/www.24baires.com\/index.php?rest_route=\/wp\/v2\/posts"}],"about":[{"href":"http:\/\/www.24baires.com\/index.php?rest_route=\/wp\/v2\/types\/post"}],"author":[{"embeddable":true,"href":"http:\/\/www.24baires.com\/index.php?rest_route=\/wp\/v2\/users\/8"}],"replies":[{"embeddable":true,"href":"http:\/\/www.24baires.com\/index.php?rest_route=%2Fwp%2Fv2%2Fcomments&post=72724"}],"version-history":[{"count":1,"href":"http:\/\/www.24baires.com\/index.php?rest_route=\/wp\/v2\/posts\/72724\/revisions"}],"predecessor-version":[{"id":72725,"href":"http:\/\/www.24baires.com\/index.php?rest_route=\/wp\/v2\/posts\/72724\/revisions\/72725"}],"wp:attachment":[{"href":"http:\/\/www.24baires.com\/index.php?rest_route=%2Fwp%2Fv2%2Fmedia&parent=72724"}],"wp:term":[{"taxonomy":"category","embeddable":true,"href":"http:\/\/www.24baires.com\/index.php?rest_route=%2Fwp%2Fv2%2Fcategories&post=72724"},{"taxonomy":"post_tag","embeddable":true,"href":"http:\/\/www.24baires.com\/index.php?rest_route=%2Fwp%2Fv2%2Ftags&post=72724"}],"curies":[{"name":"wp","href":"https:\/\/api.w.org\/{rel}","templated":true}]}}