{"id":72692,"date":"2015-09-25T19:21:14","date_gmt":"2015-09-25T22:21:14","guid":{"rendered":"http:\/\/www.24baires.com\/?p=72692"},"modified":"2015-09-26T11:36:58","modified_gmt":"2015-09-26T14:36:58","slug":"cristina-inaugura-obras-de-remodelacion-en-la-facultad-de-odontologia-de-la-uba","status":"publish","type":"post","link":"http:\/\/www.24baires.com\/?p=72692","title":{"rendered":"Cristina: \u00abEsto no fue magia, fue m\u00e1gico\u00bb"},"content":{"rendered":"<p><img data-recalc-dims=\"1\" loading=\"lazy\" decoding=\"async\" class=\"aligncenter size-full wp-image-72707\" src=\"https:\/\/i0.wp.com\/www.24baires.com\/wp-content\/uploads\/2015\/09\/cristina-uba.jpg?resize=560%2C313\" alt=\"cristina uba\" width=\"560\" height=\"313\" srcset=\"https:\/\/i0.wp.com\/www.24baires.com\/wp-content\/uploads\/2015\/09\/cristina-uba.jpg?w=560 560w, https:\/\/i0.wp.com\/www.24baires.com\/wp-content\/uploads\/2015\/09\/cristina-uba.jpg?resize=300%2C168 300w\" sizes=\"auto, (max-width: 560px) 100vw, 560px\" \/>La Presidenta inaugur\u00f3 obras de remodelaci\u00f3n en la Facultad de Odontolog\u00eda junto al candidato a vicepresidente por el FpV, Carlos Zannini, el ministro de Educaci\u00f3n, Alberto Sileoni y el de Econom\u00eda, Axel Kicillof. \u00abLos que egresamos de la universidad p\u00fablica tenemos una deuda con el pueblo\u00bb, asegur\u00f3.<!--more--><\/p>\n<p>La presidenta Cristina Kirchner asegur\u00f3 este viernes que durante sus mandatos y el de N\u00e9stor Kirchner la educaci\u00f3n argentina fue puesta en \u00abun lugar central\u00bb, y en tal sentido remarc\u00f3 que todo lo realizado en la Argentina desde 2003 \u00abno fue magia, pero fue m\u00e1gico\u00bb.<\/p>\n<p>Al encabezar la inauguraci\u00f3n de las obras de remodelaci\u00f3n en la sede de la facultad de Odontolog\u00eda de la Universidad de Buenos Aires (UBA), la mandataria afirm\u00f3: \u00abHemos puesto la educaci\u00f3n de la Argentina en un punto central\u00bb. Al tiempo que destac\u00f3 \u00abla misi\u00f3n que tiene la educaci\u00f3n, de abrir cabezas, descolonizar, permitir soberan\u00eda intelectual de un pa\u00eds\u00bb.<\/p>\n<p>\u00abSi yo no hubiese podido estudiar tal vez no hubiese sido abogada ni tampoco despu\u00e9s Presidenta. La igualdad no es que todos seamos iguales, sino darles igualdad de oportunidades a todos para que puedan desarrollarse\u00bb, enfatiz\u00f3 la mandataria.<\/p>\n<p>Luego explic\u00f3 que la discusi\u00f3n que hay que dar \u00abno es una cuesti\u00f3n ideol\u00f3gica, es una cuesti\u00f3n de valores, de en qu\u00e9 sociedad y qu\u00e9 pa\u00eds queremos vivir\u00bb, y aclar\u00f3: \u00abDecidir si queremos vivir en una sociedad que les de oportunidad a todos los j\u00f3venes, esto es la posibilidad de elegir, y todav\u00eda hay mucha gente que no puede elegir la vida que quiere tener\u00bb.<\/p>\n<p>En otro orden, la jefa de Estado pronostic\u00f3 que la econom\u00eda crecer\u00e1 \u00aba partir de la ciencia y la tecnolog\u00eda\u00bb porque eso le dar\u00e1 \u00abcompetitividad\u00bb al pa\u00eds y \u00abcrecimiento\u00bb a la econom\u00eda.<\/p>\n<p>\u00abLa econom\u00eda va a crecer a partir de la ciencia y la tecnolog\u00eda, que es lo que nos va a dar la competitividad\u00bb, reflexion\u00f3 Cristina, y resalt\u00f3 que actualmente se destinan 42.000 millones de pesos del presupuesto a las universidades, a diferencia de los 1.900 millones que recib\u00edan esas casas de estudio en el 2003.<\/p>\n<p>Mencion\u00f3 tambi\u00e9n los 4.000 millones de pesos en infraestructura \u00abpor afuera de los recursos presupuestarios\u00bb que tambi\u00e9n reciben las universidades y los mil millones de pesos contemplados para el sistema de becas educativas.<\/p>\n<p>Apunt\u00f3 que existen 67.000 argentinos becados en universidades, en contraste con 2.766 becas que se hab\u00edan entregado 12 a\u00f1os atr\u00e1s.<\/p>\n<p>Cristina resalt\u00f3 adem\u00e1s el valor del Plan Progresar, que permite que \u00ab900.000 chicos estudien\u00bb y detall\u00f3 que esos estudiantes -entre 18 y 24 a\u00f1os- reciben 900 pesos por mes para \u00abcompletar estudios primarios, secundarios o universitarios\u00bb.<\/p>\n<p>La Presidenta llam\u00f3 a \u00abempoderar a la sociedad con educaci\u00f3n\u00bb y subray\u00f3 la importancia de \u00ababrir al pueblo\u00bb a la universidad para que el conocimiento no sea \u00abs\u00f3lo para una elite\u00bb, algo que -record\u00f3- era postulado por algunos universitarios durante la d\u00e9cada del &#8217;70, enfrentados a la dictadura militar.<\/p>\n<p>&nbsp;<\/p>\n<p>&nbsp;<\/p>\n<p>&nbsp;<\/p>\n<p>&nbsp;<\/p>\n<p>&nbsp;<\/p>\n<p>&nbsp;<\/p>\n<p>&nbsp;<\/p>\n<p>&nbsp;<\/p>\n<p>&nbsp;<\/p>\n<p>&nbsp;<\/p>\n<p>&nbsp;<\/p>\n<p>&nbsp;<\/p>\n","protected":false},"excerpt":{"rendered":"<p>La Presidenta inaugur\u00f3 obras de remodelaci\u00f3n en la Facultad de Odontolog\u00eda junto al candidato a vicepresidente por el FpV, Carlos Zannini, el ministro de Educaci\u00f3n, Alberto Sileoni y el de Econom\u00eda, Axel Kicillof. \u00abLos que egresamos de la universidad p\u00fablica tenemos una deuda con el pueblo\u00bb, asegur\u00f3.<\/p>\n","protected":false},"author":8,"featured_media":0,"comment_status":"open","ping_status":"open","sticky":false,"template":"","format":"standard","meta":{"_jetpack_newsletter_access":"","_jetpack_dont_email_post_to_subs":false,"_jetpack_newsletter_tier_id":0,"_jetpack_memberships_contains_paywalled_content":false,"_jetpack_memberships_contains_paid_content":false,"footnotes":""},"categories":[51],"tags":[],"class_list":["post-72692","post","type-post","status-publish","format-standard","hentry","category-politica"],"jetpack_shortlink":"https:\/\/wp.me\/p2JWE0-iUs","jetpack-related-posts":[{"id":32181,"url":"http:\/\/www.24baires.com\/?p=32181","url_meta":{"origin":72692,"position":0},"title":"\u00abNosotros ponemos los recursos y otros que pongan la voluntad para construir juntos una Argentina mejor\u00bb","author":"GB","date":"20\/09\/2013","format":false,"excerpt":"Lo dijo Cristina Fern\u00e1ndez de Kirchner al inaugurar obras realizadas por la Confederaci\u00f3n Nacional de Cooperativas de Trabajo en los Bosques de Ezeiza. La acompa\u00f1aron Scioli, Alicia Kirchner, Granados e Insaurralde. La Jefa de Estado pidi\u00f3 a los representantes de otros partidos pol\u00edticos \"que apoyen en el Congreso\" cuando se\u2026","rel":"","context":"En \u00abPol\u00edtica\u00bb","block_context":{"text":"Pol\u00edtica","link":"http:\/\/www.24baires.com\/?cat=51"},"img":{"alt_text":"","src":"https:\/\/i0.wp.com\/www.24baires.com\/wp-content\/uploads\/2013\/09\/cristina-en-ezeiza.jpg?resize=350%2C200","width":350,"height":200},"classes":[]},{"id":28335,"url":"http:\/\/www.24baires.com\/?p=28335","url_meta":{"origin":72692,"position":1},"title":"Cristina record\u00f3 que el gobierno \u00abno aument\u00f3 ni gener\u00f3 nuevos impuestos\u00bb en 10 a\u00f1os","author":"Grupo Sierra","date":"15\/07\/2013","format":false,"excerpt":"RAMALLO.- La presidenta Cristina Fern\u00e1ndez de Kirchner destac\u00f3 que el Gobierno siempre \"hizo eje en la reindustrializaci\u00f3n\", y subray\u00f3 que a partir de la gesti\u00f3n de N\u00e9stor Kirchner \"se dio una vuelta de campana a una Argentina, cuya industria supo ser l\u00edder en los '50 y luego fue devastada\". Fue\u2026","rel":"","context":"En \u00abPol\u00edtica\u00bb","block_context":{"text":"Pol\u00edtica","link":"http:\/\/www.24baires.com\/?cat=51"},"img":{"alt_text":"","src":"https:\/\/i0.wp.com\/www.24baires.com\/wp-content\/uploads\/2013\/07\/cristina-techint.jpg?resize=350%2C200","width":350,"height":200,"srcset":"https:\/\/i0.wp.com\/www.24baires.com\/wp-content\/uploads\/2013\/07\/cristina-techint.jpg?resize=350%2C200 1x, https:\/\/i0.wp.com\/www.24baires.com\/wp-content\/uploads\/2013\/07\/cristina-techint.jpg?resize=525%2C300 1.5x"},"classes":[]},{"id":23700,"url":"http:\/\/www.24baires.com\/?p=23700","url_meta":{"origin":72692,"position":2},"title":"Cristina: \u00abPodr\u00e1n editar 25.000 frases, pero nunca borrar las vivencias de la d\u00e9cada\u00bb","author":"AF","date":"16\/05\/2013","format":false,"excerpt":"En ese sentido, la presidenta Cristina Fern\u00e1ndez de Kirchner se pregunt\u00f3 \"c\u00f3mo se borran esos colegios inaugurados, esos j\u00f3venes que han ido a las universidades, esas netbooks, y el empleo\u201d. Cristina se\u00f1al\u00f3 en ese sentido que no se pueden olvidar \"los derechos, las obras, las escuelas, los millones de trabajadores\u2026","rel":"","context":"En \u00abSociedad\u00bb","block_context":{"text":"Sociedad","link":"http:\/\/www.24baires.com\/?cat=1"},"img":{"alt_text":"cristina aumento ganancias","src":"https:\/\/i0.wp.com\/www.24baires.com\/wp-content\/uploads\/2013\/01\/cristina-aumento-ganancias.jpg?resize=350%2C200","width":350,"height":200,"srcset":"https:\/\/i0.wp.com\/www.24baires.com\/wp-content\/uploads\/2013\/01\/cristina-aumento-ganancias.jpg?resize=350%2C200 1x, https:\/\/i0.wp.com\/www.24baires.com\/wp-content\/uploads\/2013\/01\/cristina-aumento-ganancias.jpg?resize=525%2C300 1.5x"},"classes":[]},{"id":4886,"url":"http:\/\/www.24baires.com\/?p=4886","url_meta":{"origin":72692,"position":3},"title":"Elecciones en la UNLP: en Periodismo triunf\u00f3 \u00abla Walsh\u201d y Franja Morada en Derecho","author":"Grupo Sierra","date":"10\/11\/2012","format":false,"excerpt":"La agrupaci\u00f3n retuvo el Centro de Estudiantes y la mayor\u00eda en Claustro. A lo largo de tres jornadas, sufragaron 3.673 estudiantes de la Facultad de Periodismo y Comunicaci\u00f3n Social. El acto electoral se desarroll\u00f3 con normalidad y en un clima democr\u00e1tico. Los resultados en otras unidades acad\u00e9micas. La Agrupaci\u00f3n Rodolfo\u2026","rel":"","context":"En \u00abPol\u00edtica\u00bb","block_context":{"text":"Pol\u00edtica","link":"http:\/\/www.24baires.com\/?cat=51"},"img":{"alt_text":"","src":"","width":0,"height":0},"classes":[]},{"id":61798,"url":"http:\/\/www.24baires.com\/?p=61798","url_meta":{"origin":72692,"position":4},"title":"\u00abSomos m\u00e1s importantes que los reflectores, las c\u00e1maras y lo que pueda decir un diario\u00bb","author":"Grupo Sierra","date":"15\/02\/2015","format":false,"excerpt":"Lo asegur\u00f3 la Presidenta al encabezar la ceremonia central del 138 aniversario del Lago Argentino en El Calafate, donde inaugur\u00f3 un hospital y entreg\u00f3 viviendas. Cristina formul\u00f3 estas declaraciones por cadena nacional en el marco del acto central por el 138 aniversario del Lago Argentino, en un discurso en el\u2026","rel":"","context":"En \u00abPol\u00edtica\u00bb","block_context":{"text":"Pol\u00edtica","link":"http:\/\/www.24baires.com\/?cat=51"},"img":{"alt_text":"","src":"https:\/\/i0.wp.com\/www.24baires.com\/wp-content\/uploads\/2015\/02\/cristina1.jpg?resize=350%2C200","width":350,"height":200,"srcset":"https:\/\/i0.wp.com\/www.24baires.com\/wp-content\/uploads\/2015\/02\/cristina1.jpg?resize=350%2C200 1x, https:\/\/i0.wp.com\/www.24baires.com\/wp-content\/uploads\/2015\/02\/cristina1.jpg?resize=525%2C300 1.5x"},"classes":[]},{"id":70992,"url":"http:\/\/www.24baires.com\/?p=70992","url_meta":{"origin":72692,"position":5},"title":"Para Cristina la inauguraci\u00f3n de obras en el Museo Nacional: \u00abpermitir\u00e1 el acceso de todos\u00bb","author":"GB","date":"22\/08\/2015","format":false,"excerpt":"La presidenta Cristina Fern\u00e1ndez de Kirchner encabez\u00f3 el acto de inauguraci\u00f3n de obras de remodelaci\u00f3n del edificio del Museo nacional de Bellas Artes, ubicado en el barrio de Recoleta, en Buenos Aires. La presidenta Cristina Fern\u00e1ndez de Kirchner destac\u00f3 hoy que la inauguraci\u00f3n de 18 nuevas salas del Museo Nacional\u2026","rel":"","context":"En \u00abPol\u00edtica\u00bb","block_context":{"text":"Pol\u00edtica","link":"http:\/\/www.24baires.com\/?cat=51"},"img":{"alt_text":"","src":"https:\/\/i0.wp.com\/www.24baires.com\/wp-content\/uploads\/2015\/08\/cristina-museo.jpg?resize=350%2C200","width":350,"height":200,"srcset":"https:\/\/i0.wp.com\/www.24baires.com\/wp-content\/uploads\/2015\/08\/cristina-museo.jpg?resize=350%2C200 1x, https:\/\/i0.wp.com\/www.24baires.com\/wp-content\/uploads\/2015\/08\/cristina-museo.jpg?resize=525%2C300 1.5x"},"classes":[]}],"jetpack_sharing_enabled":true,"jetpack_likes_enabled":true,"jetpack_featured_media_url":"","_links":{"self":[{"href":"http:\/\/www.24baires.com\/index.php?rest_route=\/wp\/v2\/posts\/72692","targetHints":{"allow":["GET"]}}],"collection":[{"href":"http:\/\/www.24baires.com\/index.php?rest_route=\/wp\/v2\/posts"}],"about":[{"href":"http:\/\/www.24baires.com\/index.php?rest_route=\/wp\/v2\/types\/post"}],"author":[{"embeddable":true,"href":"http:\/\/www.24baires.com\/index.php?rest_route=\/wp\/v2\/users\/8"}],"replies":[{"embeddable":true,"href":"http:\/\/www.24baires.com\/index.php?rest_route=%2Fwp%2Fv2%2Fcomments&post=72692"}],"version-history":[{"count":3,"href":"http:\/\/www.24baires.com\/index.php?rest_route=\/wp\/v2\/posts\/72692\/revisions"}],"predecessor-version":[{"id":72714,"href":"http:\/\/www.24baires.com\/index.php?rest_route=\/wp\/v2\/posts\/72692\/revisions\/72714"}],"wp:attachment":[{"href":"http:\/\/www.24baires.com\/index.php?rest_route=%2Fwp%2Fv2%2Fmedia&parent=72692"}],"wp:term":[{"taxonomy":"category","embeddable":true,"href":"http:\/\/www.24baires.com\/index.php?rest_route=%2Fwp%2Fv2%2Fcategories&post=72692"},{"taxonomy":"post_tag","embeddable":true,"href":"http:\/\/www.24baires.com\/index.php?rest_route=%2Fwp%2Fv2%2Ftags&post=72692"}],"curies":[{"name":"wp","href":"https:\/\/api.w.org\/{rel}","templated":true}]}}