{"id":72656,"date":"2015-09-25T10:30:33","date_gmt":"2015-09-25T13:30:33","guid":{"rendered":"http:\/\/www.24baires.com\/?p=72656"},"modified":"2015-09-26T11:36:50","modified_gmt":"2015-09-26T14:36:50","slug":"el-gobierno-nacional-ira-a-la-justicia-por-el-desfinanciamiento-del-garrahan","status":"publish","type":"post","link":"http:\/\/www.24baires.com\/?p=72656","title":{"rendered":"\u00abEl Gobierno nacional ir\u00e1 a la Justicia por el desfinanciamiento del Garrahan\u00bb"},"content":{"rendered":"<p><img data-recalc-dims=\"1\" loading=\"lazy\" decoding=\"async\" class=\"aligncenter size-full wp-image-60580\" src=\"https:\/\/i0.wp.com\/www.24baires.com\/wp-content\/uploads\/2015\/01\/anibal.jpg?resize=560%2C373\" alt=\"anibal\" width=\"560\" height=\"373\" srcset=\"https:\/\/i0.wp.com\/www.24baires.com\/wp-content\/uploads\/2015\/01\/anibal.jpg?w=560 560w, https:\/\/i0.wp.com\/www.24baires.com\/wp-content\/uploads\/2015\/01\/anibal.jpg?resize=300%2C200 300w\" sizes=\"auto, (max-width: 560px) 100vw, 560px\" \/>El jefe de Gabinete y candidato a gobernador bonaerense, An\u00edbal Fern\u00e1ndez, asegur\u00f3 hoy que el Gobierno nacional \u201cno se va quedar quieto\u201d, y anticip\u00f3 que \u201cse va a zanjar en la Justicia\u201d el conflicto respecto del hospital Garrahan, para que se cumpla la legislaci\u00f3n que indica que \u00abes 50 por ciento para la Ciudad y el otro cincuenta para el Estado Nacional\u00bb la responsabilidad de solventar dicho centro de salud.<!--more--><\/p>\n<p>Lo expres\u00f3 al ser consultado por el recorte presupuestario del gobierno porte\u00f1o al centro de atenci\u00f3n pedi\u00e1trica.<\/p>\n<p>Se\u00f1al\u00f3 que la situaci\u00f3n del establecimiento asistencial \u201csigue siendo oprobiosa\u201d y coment\u00f3 que el jefe de Gabinete porte\u00f1o, Horacio Rodr\u00edguez Larreta, dijo que \u201cnunca han dejado de pagar lo que dijo la Legislatura\u201d, declaraci\u00f3n a la que calific\u00f3 como un \u201csofisma\u201d, \u201cuna suerte de perro que se muerde de la cola\u201d.<\/p>\n<p>Revel\u00f3 que el presupuesto para el corriente a\u00f1o \u201cfueron 2.300 millones y lo que hay que poner son 1.150 millones y pusieron 900 y faltan 250 millones y esta discusi\u00f3n se va a zanjar en la Justicia\u201d y a\u00f1adi\u00f3 que \u201ctodo lo que tenga que ver con lo social siempre lo judicializaron\u201d.<\/p>\n<p>Confi\u00f3 que el tr\u00e1mite judicial \u201cser\u00e1 simple\u201d por lo que se expresa en el texto de la legislaci\u00f3n vigente y acot\u00f3 que \u201cnunca fue denunciado ese convenio y la discusi\u00f3n tendr\u00e1 que estar planteada como es y tendr\u00e1n que pagar lo que tengan que pagar\u201d.<\/p>\n<p>Consultado por la expresi\u00f3n de Rodr\u00edguez Larreta, que neg\u00f3 incumplimientos y recortes presupuestarios al establecimiento asistencial por parte de las autoridades porte\u00f1as y asegur\u00f3 que los trabajadores \u00absab\u00edan de antemano el presupuesto y son ellos los que deben ajustarse\u00bb, Fern\u00e1ndez respondi\u00f3 que \u201cno puede decir semejante locura\u201d.<\/p>\n<p>Explic\u00f3 que el hospital \u201ctiene un presupuesto determinado en funci\u00f3n de las actividades que desarrolla y ellos, en todo caso, pagaron de menos porque la actividad para salvar la vida de los pibes tiene que estar desarrollada por los m\u00e9dicos y por la actividad que se supone que va a tener en el a\u00f1o\u201d.<\/p>\n<p>El funcionario nacional se pregunt\u00f3 \u201c\u00bfqui\u00e9n es Rodr\u00edguez Larreta para suponer o definir lo que tiene que gastar el Garrahan para cumplir con su cometido? Es un desprop\u00f3sito\u201d y, sobre el pedido que formul\u00f3 el funcionario porte\u00f1o a los m\u00e9dicos para que se ajusten, ironiz\u00f3 que \u201ctambi\u00e9n le pida a los pibes que no vengan enfermos\u201d.<\/p>\n","protected":false},"excerpt":{"rendered":"<p>El jefe de Gabinete y candidato a gobernador bonaerense, An\u00edbal Fern\u00e1ndez, asegur\u00f3 hoy que el Gobierno nacional \u201cno se va quedar quieto\u201d, y anticip\u00f3 que \u201cse va a zanjar en la Justicia\u201d el conflicto respecto del hospital Garrahan, para que se cumpla la legislaci\u00f3n que indica que \u00abes 50 por ciento para la Ciudad y el otro cincuenta para el [&#8230;]<\/p>\n","protected":false},"author":4,"featured_media":0,"comment_status":"open","ping_status":"open","sticky":false,"template":"","format":"standard","meta":{"_jetpack_newsletter_access":"","_jetpack_dont_email_post_to_subs":false,"_jetpack_newsletter_tier_id":0,"_jetpack_memberships_contains_paywalled_content":false,"_jetpack_memberships_contains_paid_content":false,"footnotes":""},"categories":[51],"tags":[],"class_list":["post-72656","post","type-post","status-publish","format-standard","hentry","category-politica"],"jetpack_shortlink":"https:\/\/wp.me\/p2JWE0-iTS","jetpack-related-posts":[{"id":72534,"url":"http:\/\/www.24baires.com\/?p=72534","url_meta":{"origin":72656,"position":0},"title":"\u00abA Macri no le importa si el Garrahan se desfinancia\u00bb","author":"AF","date":"23\/09\/2015","format":false,"excerpt":"El Jefe de Gabinete y candidato a gobernador bonaerense, An\u00edbal Fern\u00e1ndez dijo adem\u00e1s que el hospital \"funciona porque el Estado nacional sigue poniendo dinero y tapa los agujeros que genera el gobierno de la Ciudad\". El Jefe de Gabinete y candidato a gobernador bonaerense, An\u00edbal Fern\u00e1ndez, sostuvo hoy que el\u2026","rel":"","context":"En \u00abPol\u00edtica\u00bb","block_context":{"text":"Pol\u00edtica","link":"http:\/\/www.24baires.com\/?cat=51"},"img":{"alt_text":"anibal","src":"https:\/\/i0.wp.com\/www.24baires.com\/wp-content\/uploads\/2015\/01\/anibal.jpg?resize=350%2C200","width":350,"height":200,"srcset":"https:\/\/i0.wp.com\/www.24baires.com\/wp-content\/uploads\/2015\/01\/anibal.jpg?resize=350%2C200 1x, https:\/\/i0.wp.com\/www.24baires.com\/wp-content\/uploads\/2015\/01\/anibal.jpg?resize=525%2C300 1.5x"},"classes":[]},{"id":72600,"url":"http:\/\/www.24baires.com\/?p=72600","url_meta":{"origin":72656,"position":1},"title":"An\u00edbal Fern\u00e1ndez rechaz\u00f3 la postura de Macri frente al conflicto del Garrahan","author":"AF","date":"24\/09\/2015","format":false,"excerpt":"El jefe de Gabinete y candidato a gobernador bonaerense por el Frente para la Victoria (FPV), An\u00edbal Fern\u00e1ndez, sostuvo que \"no puede ser\" que el Gobierno sea la \"rueda de auxilio de personajes que no quieren resolver temas de gesti\u00f3n\" en alusi\u00f3n a Mauricio Macri, al ser consultado sobre el\u2026","rel":"","context":"En \u00abPol\u00edtica\u00bb","block_context":{"text":"Pol\u00edtica","link":"http:\/\/www.24baires.com\/?cat=51"},"img":{"alt_text":"anibal conferencia","src":"https:\/\/i0.wp.com\/www.24baires.com\/wp-content\/uploads\/2015\/04\/anibal-conferencia.jpg?resize=350%2C200","width":350,"height":200,"srcset":"https:\/\/i0.wp.com\/www.24baires.com\/wp-content\/uploads\/2015\/04\/anibal-conferencia.jpg?resize=350%2C200 1x, https:\/\/i0.wp.com\/www.24baires.com\/wp-content\/uploads\/2015\/04\/anibal-conferencia.jpg?resize=525%2C300 1.5x"},"classes":[]},{"id":75900,"url":"http:\/\/www.24baires.com\/?p=75900","url_meta":{"origin":72656,"position":2},"title":"Trabajadores del Garrahan pidieron que se terminen los recortes presupuestarios","author":"GB","date":"02\/12\/2015","format":false,"excerpt":"Cerca de 200 trabajadores del hospital se manifestaron bajo la consigna \"Ni un peso menos\" contra el recorte de 348 millones de pesos que el gobierno de la Ciudad planea formalizar con la aprobaci\u00f3n del Presupuesto 2016. Este recorte implica una reducci\u00f3n del 20 por ciento respecto del presupuesto elevado\u2026","rel":"","context":"En \u00abSociedad\u00bb","block_context":{"text":"Sociedad","link":"http:\/\/www.24baires.com\/?cat=1"},"img":{"alt_text":"","src":"https:\/\/i0.wp.com\/www.24baires.com\/wp-content\/uploads\/2015\/12\/protesta-garraham.jpg?resize=350%2C200","width":350,"height":200},"classes":[]},{"id":108498,"url":"http:\/\/www.24baires.com\/?p=108498","url_meta":{"origin":72656,"position":3},"title":"Bullrich volvi\u00f3 a hablar sobre un caso judicial sin tener pruebas","author":"AF","date":"30\/05\/2019","format":false,"excerpt":"Una fiscal\u00eda de R\u00edo Tercero que investiga a un hombre detenido por pornograf\u00eda infantil desminti\u00f3 a la ministra de Seguridad. Desde el Ministerio P\u00fablico Fiscal (MPF) de C\u00f3rdoba desmintieron a la ministra de Seguridad, Patricia Bullrich, quien sostuvo que la detenci\u00f3n en R\u00edo Tercero de un hombre de 22 a\u00f1os\u2026","rel":"","context":"En \u00abSociedad\u00bb","block_context":{"text":"Sociedad","link":"http:\/\/www.24baires.com\/?cat=1"},"img":{"alt_text":"","src":"https:\/\/i0.wp.com\/www.24baires.com\/wp-content\/uploads\/2017\/11\/bullrich-garavagno.jpg?resize=350%2C200","width":350,"height":200,"srcset":"https:\/\/i0.wp.com\/www.24baires.com\/wp-content\/uploads\/2017\/11\/bullrich-garavagno.jpg?resize=350%2C200 1x, https:\/\/i0.wp.com\/www.24baires.com\/wp-content\/uploads\/2017\/11\/bullrich-garavagno.jpg?resize=525%2C300 1.5x"},"classes":[]},{"id":116191,"url":"http:\/\/www.24baires.com\/?p=116191","url_meta":{"origin":72656,"position":4},"title":"Larreta llevar\u00e1 a la Justicia el reclamo por la quita de la coparticipaci\u00f3n","author":"AF","date":"10\/09\/2020","format":false,"excerpt":"\"Vamos a avanzar por los caminos institucionales que corresponden\", sostuvo el jefe de Gobierno de la Ciudad, Horacio Rodr\u00edguez Larreta. La decisi\u00f3n del Gobierno de quitarle un punto porcentual en el reparto de la coparticipaci\u00f3n de impuestos a la Ciudad de Buenos Aires para otorg\u00e1rselo a la Provincia volvi\u00f3 a\u2026","rel":"","context":"En \u00abPol\u00edtica\u00bb","block_context":{"text":"Pol\u00edtica","link":"http:\/\/www.24baires.com\/?cat=51"},"img":{"alt_text":"","src":"https:\/\/i0.wp.com\/www.24baires.com\/wp-content\/uploads\/2020\/09\/Larreta.jpg?resize=350%2C200","width":350,"height":200,"srcset":"https:\/\/i0.wp.com\/www.24baires.com\/wp-content\/uploads\/2020\/09\/Larreta.jpg?resize=350%2C200 1x, https:\/\/i0.wp.com\/www.24baires.com\/wp-content\/uploads\/2020\/09\/Larreta.jpg?resize=525%2C300 1.5x"},"classes":[]},{"id":116206,"url":"http:\/\/www.24baires.com\/?p=116206","url_meta":{"origin":72656,"position":5},"title":"El Gobierno defendi\u00f3 el traspaso de fondos y la Ciudad ratific\u00f3 que recurrir\u00e1 a la Justicia","author":"AF","date":"12\/09\/2020","format":false,"excerpt":"La secretaria de Relaciones Provinciales, Silvina Batakis, afirm\u00f3 que \"la decisi\u00f3n del Presidente viene a poner equilibrio\". La administraci\u00f3n que encabeza Horacio Rodr\u00edguez Larreta confirm\u00f3 que la semana pr\u00f3xima presentar\u00e1 un amparo para evitar la medida. El gobierno nacional volvi\u00f3 a defender la decisi\u00f3n de traspasar a la provincia de\u2026","rel":"","context":"En \u00abPol\u00edtica\u00bb","block_context":{"text":"Pol\u00edtica","link":"http:\/\/www.24baires.com\/?cat=51"},"img":{"alt_text":"","src":"https:\/\/i0.wp.com\/www.24baires.com\/wp-content\/uploads\/2020\/09\/kicillof-fern%C3%A1ndez-magario.jpg?resize=350%2C200","width":350,"height":200,"srcset":"https:\/\/i0.wp.com\/www.24baires.com\/wp-content\/uploads\/2020\/09\/kicillof-fern%C3%A1ndez-magario.jpg?resize=350%2C200 1x, https:\/\/i0.wp.com\/www.24baires.com\/wp-content\/uploads\/2020\/09\/kicillof-fern%C3%A1ndez-magario.jpg?resize=525%2C300 1.5x"},"classes":[]}],"jetpack_sharing_enabled":true,"jetpack_likes_enabled":true,"jetpack_featured_media_url":"","_links":{"self":[{"href":"http:\/\/www.24baires.com\/index.php?rest_route=\/wp\/v2\/posts\/72656","targetHints":{"allow":["GET"]}}],"collection":[{"href":"http:\/\/www.24baires.com\/index.php?rest_route=\/wp\/v2\/posts"}],"about":[{"href":"http:\/\/www.24baires.com\/index.php?rest_route=\/wp\/v2\/types\/post"}],"author":[{"embeddable":true,"href":"http:\/\/www.24baires.com\/index.php?rest_route=\/wp\/v2\/users\/4"}],"replies":[{"embeddable":true,"href":"http:\/\/www.24baires.com\/index.php?rest_route=%2Fwp%2Fv2%2Fcomments&post=72656"}],"version-history":[{"count":1,"href":"http:\/\/www.24baires.com\/index.php?rest_route=\/wp\/v2\/posts\/72656\/revisions"}],"predecessor-version":[{"id":72657,"href":"http:\/\/www.24baires.com\/index.php?rest_route=\/wp\/v2\/posts\/72656\/revisions\/72657"}],"wp:attachment":[{"href":"http:\/\/www.24baires.com\/index.php?rest_route=%2Fwp%2Fv2%2Fmedia&parent=72656"}],"wp:term":[{"taxonomy":"category","embeddable":true,"href":"http:\/\/www.24baires.com\/index.php?rest_route=%2Fwp%2Fv2%2Fcategories&post=72656"},{"taxonomy":"post_tag","embeddable":true,"href":"http:\/\/www.24baires.com\/index.php?rest_route=%2Fwp%2Fv2%2Ftags&post=72656"}],"curies":[{"name":"wp","href":"https:\/\/api.w.org\/{rel}","templated":true}]}}