{"id":72648,"date":"2015-09-24T20:50:17","date_gmt":"2015-09-24T23:50:17","guid":{"rendered":"http:\/\/www.24baires.com\/?p=72648"},"modified":"2015-09-24T20:50:17","modified_gmt":"2015-09-24T23:50:17","slug":"cristina-viajara-el-viernes-a-nueva-york-para-participar-de-asamblea-de-la-onu","status":"publish","type":"post","link":"http:\/\/www.24baires.com\/?p=72648","title":{"rendered":"Cristina viajar\u00e1 el viernes a Nueva York para participar de Asamblea de la ONU"},"content":{"rendered":"<p><img data-recalc-dims=\"1\" loading=\"lazy\" decoding=\"async\" class=\"aligncenter size-full wp-image-54208\" src=\"https:\/\/i0.wp.com\/www.24baires.com\/wp-content\/uploads\/2014\/09\/Cristina-ONU-2.jpg?resize=560%2C373\" alt=\"Cristina ONU 2\" width=\"560\" height=\"373\" srcset=\"https:\/\/i0.wp.com\/www.24baires.com\/wp-content\/uploads\/2014\/09\/Cristina-ONU-2.jpg?w=560 560w, https:\/\/i0.wp.com\/www.24baires.com\/wp-content\/uploads\/2014\/09\/Cristina-ONU-2.jpg?resize=300%2C199 300w\" sizes=\"auto, (max-width: 560px) 100vw, 560px\" \/>La mandataria se dirigir\u00e1 el pr\u00f3ximo lunes por octava y \u00faltima vez a la Asamblea General de las Naciones Unidas donde se prev\u00e9 haga especial hincapi\u00e9 en la lucha contra los fondos buitre luego de la aprobaci\u00f3n por ese cuerpo de una resoluci\u00f3n para blindar las reestructuraciones de deudas soberanas.<!--more--><\/p>\n<p>La presidenta Cristina Kirchner viajar\u00e1 este viernes hacia la ciudad de Nueva York, donde el lunes brindar\u00e1 su \u00faltimo discurso ante la Asamblea General de las Naciones Unidas, en una exposici\u00f3n que genera expectativas por ser la \u00faltima de su mandato y por su correlato con la reciente resoluci\u00f3n de la ONU en referencia a la relaci\u00f3n entre los pa\u00edses y los fondos buitre.<\/p>\n<p>La titular del Ejecutivo llegar\u00e1 a Nueva York el s\u00e1bado por la ma\u00f1ana, y si bien no trascendieron detalles de su agenda, es muy probable que el domingo participe de la reuni\u00f3n del G-77+China. El discurso ante el plenario de jefes y jefas de Estado en el marco de la 70\u00b0 edici\u00f3n de la Asamblea general de Naciones Unidas, lo brindar\u00e1 a las 16.30 del lunes (17.30 hora argentina).<\/p>\n<p>El contexto de esta edici\u00f3n est\u00e1 signado, adem\u00e1s, por la presencia del papa Francisco en Estados Unidos, y m\u00e1s precisamente en la sede de la ONU, donde ma\u00f1ana asistir\u00e1 a las 8.30 y ser\u00e1 el primer pont\u00edfice en hablar en la Asamblea de dicho organismo multilateral.<\/p>\n<p>En su \u00faltimo y octavo discurso, se espera que Cristina realice un balance de lo que fue uno de los temas insignia en sus anteriores presentaciones, basadas en la negociaci\u00f3n argentina para el pago de la deuda ante el embate de los fondos buitre. El 9 de septiembre \u00faltimo, la ONU aprob\u00f3 la iniciativa impulsada por Argentina para frenar el accionar de los fondos buitre, que incluye una serie de nueve principios que tienen por objetivo dar viabilidad a los procesos de reestructuraci\u00f3n de deuda soberana encarados por pa\u00edses en crisis.<\/p>\n<p>Aquella votaci\u00f3n super\u00f3 de manera amplia la cantidad de votos necesarios para alcanzar la mayor\u00eda simple que requer\u00eda el proceso, y cont\u00f3 con el apoyo de 136 pa\u00edses, 41 abstenciones, mientras que Alemania, Canad\u00e1, Estados Unidos, Israel, Jap\u00f3n y Reino Unido votaron en contra.<br \/>\nEn 2014 la Presidenta hab\u00eda asegurado ante sus pares que \u00abno s\u00f3lo son terroristas los que ponen bombas, sino tambi\u00e9n son terroristas econ\u00f3micos los que desestabilizan la econom\u00eda de los pa\u00edses y provocan hambre, miseria y pobreza\u00bb, al tiempo que afirm\u00f3 que \u00aben \u00e9pocas de buitres econ\u00f3micos y halcones de guerra necesitamos m\u00e1s palomas de la paz y respeto al derecho\u00bb.<\/p>\n<p>En 2013, tras poner de manifiesto la necesidad de realizar cambios en la regulaci\u00f3n del sistema financiero internacional, expres\u00f3: \u00ab\u00a1Qu\u00e9 cosa, no! De haber defaulteado la deuda, hoy no nos quieren dejar pagar la deuda\u00bb. \u00abResulta casi absurdo en un mundo que se debate en reestructuraciones de deudas, en millones de hombres y mujeres, inclusive aqu\u00ed en Estados Unidos, uno puede ver hombres y mujeres sin trabajo, que han perdido su casa, que han visto disminuido su empleo, ni qu\u00e9 hablar en una Europa devastada\u00bb, sostuvo la jefa de Estado.<\/p>\n<p>En la sesi\u00f3n de 2012, la mandataria resalt\u00f3 una vez m\u00e1s que cuando la Argentina aborda el tema de la deudas soberanas lo hace desde la propia experiencia: \u00abQuiero decirles que cuando hablamos de esto hablamos desde lo emp\u00edrico, cuando hablamos de esto en la Rep\u00fablica Argentina lo hacemos desde el conocimiento profundo por haber sido una suerte de conejillo de indias de las pol\u00edticas neoliberales\u00bb. Esto como \u00abproducto de haber sido alcanzados por las pol\u00edticos del Consenso de Washington, que traspusieron las fronteras de toda la d\u00e9cada de los &#8217;90 y finalmente implosionaron en el pa\u00eds en 2001 cuando se produjo el default de deuda soberana m\u00e1s importante que se tenga memoria\u00bb, recalc\u00f3.<\/p>\n<p>En 2011, criticando al FMI, record\u00f3 que el ex presidente N\u00e9stor Kirchner, \u00abapenas a cuatro meses de asumir como presidente de la Rep\u00fablica Argentina con apenas el 22 por ciento de los votos, manifestaba ante esta Asamblea la necesidad de la reforma de los organismos multilaterales de cr\u00e9dito, especialmente el Fondo Monetario Internacional, y tambi\u00e9n de los organismos pol\u00edticos de esta honorable organizaci\u00f3n\u00bb. \u00abLo hac\u00eda dada la situaci\u00f3n de nuestro pa\u00eds, la Rep\u00fablica Argentina, que hab\u00eda ca\u00eddo en default en el a\u00f1o 2001\u00bb, agreg\u00f3.<\/p>\n<p>Adem\u00e1s del tema de las deudas soberanas, la Presidenta en sus discursos ante la Asamblea General de la ONU se refiri\u00f3 a los conflictos b\u00e9licos en el mundo, y en especial a las v\u00edctimas de los atentados terroristas sufridos por la Argentina, tanto como a la Cuesti\u00f3n Malvinas.<\/p>\n<p>&nbsp;<\/p>\n<p>&nbsp;<\/p>\n<p>&nbsp;<\/p>\n<p>&nbsp;<\/p>\n<p>&nbsp;<\/p>\n<p>&nbsp;<\/p>\n<p>&nbsp;<\/p>\n<p>&nbsp;<\/p>\n<p>&nbsp;<\/p>\n<p>&nbsp;<\/p>\n<p>&nbsp;<\/p>\n<p>&nbsp;<\/p>\n<p>&nbsp;<\/p>\n","protected":false},"excerpt":{"rendered":"<p>La mandataria se dirigir\u00e1 el pr\u00f3ximo lunes por octava y \u00faltima vez a la Asamblea General de las Naciones Unidas donde se prev\u00e9 haga especial hincapi\u00e9 en la lucha contra los fondos buitre luego de la aprobaci\u00f3n por ese cuerpo de una resoluci\u00f3n para blindar las reestructuraciones de deudas soberanas.<\/p>\n","protected":false},"author":8,"featured_media":0,"comment_status":"open","ping_status":"open","sticky":false,"template":"","format":"standard","meta":{"_jetpack_newsletter_access":"","_jetpack_dont_email_post_to_subs":false,"_jetpack_newsletter_tier_id":0,"_jetpack_memberships_contains_paywalled_content":false,"_jetpack_memberships_contains_paid_content":false,"footnotes":""},"categories":[51],"tags":[],"class_list":["post-72648","post","type-post","status-publish","format-standard","hentry","category-politica"],"jetpack_shortlink":"https:\/\/wp.me\/p2JWE0-iTK","jetpack-related-posts":[{"id":72829,"url":"http:\/\/www.24baires.com\/?p=72829","url_meta":{"origin":72648,"position":0},"title":"Cristina regres\u00f3 de exponer ante la Asamblea General de la ONU en EEUU","author":"AF","date":"29\/09\/2015","format":false,"excerpt":"La presidenta Cristina Fern\u00e1ndez de Kirchner regres\u00f3 a la Argentina luego de participar y exponer anoche ante la Asamblea General de las Naciones Unidas, en Nueva York, seg\u00fan se inform\u00f3. La jefa de Estado arrib\u00f3 a las 11.25 al sector militar del aeroparque metropolitano, a bordo del avi\u00f3n presidencial Tango\u2026","rel":"","context":"En \u00abSociedad\u00bb","block_context":{"text":"Sociedad","link":"http:\/\/www.24baires.com\/?cat=1"},"img":{"alt_text":"cristina avion","src":"https:\/\/i0.wp.com\/www.24baires.com\/wp-content\/uploads\/2013\/03\/cristina-avion.jpg?resize=350%2C200","width":350,"height":200,"srcset":"https:\/\/i0.wp.com\/www.24baires.com\/wp-content\/uploads\/2013\/03\/cristina-avion.jpg?resize=350%2C200 1x, https:\/\/i0.wp.com\/www.24baires.com\/wp-content\/uploads\/2013\/03\/cristina-avion.jpg?resize=525%2C300 1.5x"},"classes":[]},{"id":54313,"url":"http:\/\/www.24baires.com\/?p=54313","url_meta":{"origin":72648,"position":1},"title":"Condena a los fondos buitre desde la ONU","author":"Grupo Sierra","date":"25\/09\/2014","format":false,"excerpt":"El Consejo de Derechos Humanos de las Naciones Unidas, con sede en Ginebra, debatir\u00e1 ma\u00f1ana y someter\u00e1 a votaci\u00f3n un proyecto de resoluci\u00f3n de condena al accionar de los \"holdouts\" presentado por la Argentina, anunci\u00f3 hoy en Nueva York el canciller H\u00e9ctor Timerman. De ser avalado el texto, como conf\u00eda\u2026","rel":"","context":"En \u00abEconom\u00eda\u00bb","block_context":{"text":"Econom\u00eda","link":"http:\/\/www.24baires.com\/?cat=45"},"img":{"alt_text":"timerman","src":"https:\/\/i0.wp.com\/www.24baires.com\/wp-content\/uploads\/2013\/03\/timerman.jpg?resize=350%2C200","width":350,"height":200,"srcset":"https:\/\/i0.wp.com\/www.24baires.com\/wp-content\/uploads\/2013\/03\/timerman.jpg?resize=350%2C200 1x, https:\/\/i0.wp.com\/www.24baires.com\/wp-content\/uploads\/2013\/03\/timerman.jpg?resize=525%2C300 1.5x"},"classes":[]},{"id":104612,"url":"http:\/\/www.24baires.com\/?p=104612","url_meta":{"origin":72648,"position":2},"title":"Macri ya est\u00e1 en Nueva York","author":"AF","date":"23\/09\/2018","format":false,"excerpt":"El presidente Mauricio Macri lleg\u00f3 esta ma\u00f1ana a Nueva York, adonde viaj\u00f3 para hablar ante la Asamblea de las Naciones Unidas (ONU) y con la expectativa de reunirse de modo informal con el mandatario local, Donald Trump. Macri, quien parti\u00f3 anoche en un vuelo privado hacia la ciudad de Nueva\u2026","rel":"","context":"En \u00abPol\u00edtica\u00bb","block_context":{"text":"Pol\u00edtica","link":"http:\/\/www.24baires.com\/?cat=51"},"img":{"alt_text":"","src":"https:\/\/i0.wp.com\/www.24baires.com\/wp-content\/uploads\/2018\/01\/macri.jpg?resize=350%2C200","width":350,"height":200,"srcset":"https:\/\/i0.wp.com\/www.24baires.com\/wp-content\/uploads\/2018\/01\/macri.jpg?resize=350%2C200 1x, https:\/\/i0.wp.com\/www.24baires.com\/wp-content\/uploads\/2018\/01\/macri.jpg?resize=525%2C300 1.5x"},"classes":[]},{"id":32288,"url":"http:\/\/www.24baires.com\/?p=32288","url_meta":{"origin":72648,"position":3},"title":"Cristina viaja a Nueva York para participar de la Asamblea de la ONU","author":"GB","date":"22\/09\/2013","format":false,"excerpt":"La Presidenta parti\u00f3 a las 19 del sector militar del aeroparque rumbo a Nueva York para participar de la 68va Asamblea General de las Naciones Unidas, en una una visita de dos d\u00edas a Estados Unidos. La jefa de Estado tiene previsto su arribo al aeropuerto internacional John F. Kennedy\u2026","rel":"","context":"En \u00abPol\u00edtica\u00bb","block_context":{"text":"Pol\u00edtica","link":"http:\/\/www.24baires.com\/?cat=51"},"img":{"alt_text":"cristina avion","src":"https:\/\/i0.wp.com\/www.24baires.com\/wp-content\/uploads\/2013\/09\/cristina-avion.jpg?resize=350%2C200","width":350,"height":200},"classes":[]},{"id":53547,"url":"http:\/\/www.24baires.com\/?p=53547","url_meta":{"origin":72648,"position":4},"title":"Cristina y Soros, en reuni\u00f3n contra los fondos buitre","author":"Grupo Sierra","date":"12\/09\/2014","format":false,"excerpt":"La Presidenta tendr\u00e1 un encuentro con el multimillonario h\u00fangaro, due\u00f1o del 3,5 por ciento de las acciones de YPF, que enfrent\u00f3 a los buitres. Previa a su participaci\u00f3n en la Asamblea Anual de las Naciones Unidas, la presidenta Cristina Fern\u00e1ndez se reunir\u00e1 con el magnate y financista estadounidense de origen\u2026","rel":"","context":"En \u00abEconom\u00eda\u00bb","block_context":{"text":"Econom\u00eda","link":"http:\/\/www.24baires.com\/?cat=45"},"img":{"alt_text":"cristina kicillof","src":"https:\/\/i0.wp.com\/www.24baires.com\/wp-content\/uploads\/2014\/08\/cristina-kicillof.jpg?resize=350%2C200","width":350,"height":200,"srcset":"https:\/\/i0.wp.com\/www.24baires.com\/wp-content\/uploads\/2014\/08\/cristina-kicillof.jpg?resize=350%2C200 1x, https:\/\/i0.wp.com\/www.24baires.com\/wp-content\/uploads\/2014\/08\/cristina-kicillof.jpg?resize=525%2C300 1.5x"},"classes":[]},{"id":71879,"url":"http:\/\/www.24baires.com\/?p=71879","url_meta":{"origin":72648,"position":5},"title":"Kicillof ir\u00e1 a la ONU para impulsar la resoluci\u00f3n contra los fondos buitre","author":"GB","date":"09\/09\/2015","format":false,"excerpt":"El ministro de Econom\u00eda viajar\u00e1 esta noche a Nueva York para asistir en las Naciones Unidas a la votaci\u00f3n de la resoluci\u00f3n que condena el accionar de los fondos buitre y busca crear un marco legal para la reestructuraci\u00f3n de las deudas soberanas. Fuentes del Palacio de Hacienda confirmaron el\u2026","rel":"","context":"En \u00abEconom\u00eda\u00bb","block_context":{"text":"Econom\u00eda","link":"http:\/\/www.24baires.com\/?cat=45"},"img":{"alt_text":"kicillof onu","src":"https:\/\/i0.wp.com\/www.24baires.com\/wp-content\/uploads\/2015\/04\/kicillof-onu.jpg?resize=350%2C200","width":350,"height":200,"srcset":"https:\/\/i0.wp.com\/www.24baires.com\/wp-content\/uploads\/2015\/04\/kicillof-onu.jpg?resize=350%2C200 1x, https:\/\/i0.wp.com\/www.24baires.com\/wp-content\/uploads\/2015\/04\/kicillof-onu.jpg?resize=525%2C300 1.5x"},"classes":[]}],"jetpack_sharing_enabled":true,"jetpack_likes_enabled":true,"jetpack_featured_media_url":"","_links":{"self":[{"href":"http:\/\/www.24baires.com\/index.php?rest_route=\/wp\/v2\/posts\/72648","targetHints":{"allow":["GET"]}}],"collection":[{"href":"http:\/\/www.24baires.com\/index.php?rest_route=\/wp\/v2\/posts"}],"about":[{"href":"http:\/\/www.24baires.com\/index.php?rest_route=\/wp\/v2\/types\/post"}],"author":[{"embeddable":true,"href":"http:\/\/www.24baires.com\/index.php?rest_route=\/wp\/v2\/users\/8"}],"replies":[{"embeddable":true,"href":"http:\/\/www.24baires.com\/index.php?rest_route=%2Fwp%2Fv2%2Fcomments&post=72648"}],"version-history":[{"count":1,"href":"http:\/\/www.24baires.com\/index.php?rest_route=\/wp\/v2\/posts\/72648\/revisions"}],"predecessor-version":[{"id":72649,"href":"http:\/\/www.24baires.com\/index.php?rest_route=\/wp\/v2\/posts\/72648\/revisions\/72649"}],"wp:attachment":[{"href":"http:\/\/www.24baires.com\/index.php?rest_route=%2Fwp%2Fv2%2Fmedia&parent=72648"}],"wp:term":[{"taxonomy":"category","embeddable":true,"href":"http:\/\/www.24baires.com\/index.php?rest_route=%2Fwp%2Fv2%2Fcategories&post=72648"},{"taxonomy":"post_tag","embeddable":true,"href":"http:\/\/www.24baires.com\/index.php?rest_route=%2Fwp%2Fv2%2Ftags&post=72648"}],"curies":[{"name":"wp","href":"https:\/\/api.w.org\/{rel}","templated":true}]}}