{"id":72638,"date":"2015-09-24T19:08:21","date_gmt":"2015-09-24T22:08:21","guid":{"rendered":"http:\/\/www.24baires.com\/?p=72638"},"modified":"2015-09-24T19:08:21","modified_gmt":"2015-09-24T22:08:21","slug":"ya-son-mas-de-552-mil-jubilados-con-la-segunda-moratoria-previsional","status":"publish","type":"post","link":"http:\/\/www.24baires.com\/?p=72638","title":{"rendered":"\u00abYa son m\u00e1s de 552 mil jubilados con la segunda moratoria previsional\u00bb"},"content":{"rendered":"<p><img data-recalc-dims=\"1\" loading=\"lazy\" decoding=\"async\" class=\"aligncenter size-full wp-image-63381\" src=\"https:\/\/i0.wp.com\/www.24baires.com\/wp-content\/uploads\/2015\/03\/bossio3.jpg?resize=560%2C306\" alt=\"bossio3\" width=\"560\" height=\"306\" srcset=\"https:\/\/i0.wp.com\/www.24baires.com\/wp-content\/uploads\/2015\/03\/bossio3.jpg?w=560 560w, https:\/\/i0.wp.com\/www.24baires.com\/wp-content\/uploads\/2015\/03\/bossio3.jpg?resize=300%2C164 300w\" sizes=\"auto, (max-width: 560px) 100vw, 560px\" \/>El Director Ejecutivo de la Anses anunci\u00f3 hoy que \u201cgracias a la nueva moratoria, anunciada el 10 de septiembre del a\u00f1o pasado por la presidenta de la Naci\u00f3n, Cristina Fern\u00e1ndez, hay 552.061 nuevos jubilados en la Argentina que ya est\u00e1n cobrando su primer haber\u201d.<!--more--><\/p>\n<p>Seg\u00fan se inform\u00f3 desde el organismo de seguridad social, el sistema previsional en la actualidad contempla un total de 8.031.294 prestaciones, lo que implica una cobertura r\u00e9cord en la historia del pa\u00eds.<\/p>\n<p>De ese total, 6.531.283 son jubilaciones y pensiones y 1.500.011 Pensiones No Contributivas.<\/p>\n<p>En este sentido, Diego Bossio agreg\u00f3 que \u201chablar de inclusi\u00f3n significa que los argentinos que trabajaron toda su vida, a\u00fan no cuando no les hayan realizado los aportes, tienen derecho a cobrar su jubilaci\u00f3n. Con los m\u00e1s de 552 mil argentinos jubilados gracias a la moratoria, seguimos por la senda de la inclusi\u00f3n de nuestros adultos mayores. Esto demuestra que el Estado argentino tiene muy en claro el sentido de las pol\u00edticas p\u00fablicas que implementa cotidianamente: que nadie quede afuera, que todos los argentinos est\u00e9n incluidos\u201d.<\/p>\n<p>Con la segunda etapa de la moratoria, se estima que 2015 terminar\u00e1 con una cobertura previsional del 97%, mientras que una d\u00e9cada atr\u00e1s se ubicaba en el 65%. Esto genera un gran dinamismo al consumo, adem\u00e1s de mayor equidad y justicia distributiva.<\/p>\n<p>\u201cLa Argentina tiene la cobertura previsional m\u00e1s alta de la regi\u00f3n. Esto fue gracias a la recuperaci\u00f3n de los fondos previsionales de los trabajadores, a la administraci\u00f3n responsable del Fondo de Garant\u00eda de Sustentabilidad y a la moratoria previsional\u201d, remarc\u00f3 Diego Bossio.<\/p>\n","protected":false},"excerpt":{"rendered":"<p>El Director Ejecutivo de la Anses anunci\u00f3 hoy que \u201cgracias a la nueva moratoria, anunciada el 10 de septiembre del a\u00f1o pasado por la presidenta de la Naci\u00f3n, Cristina Fern\u00e1ndez, hay 552.061 nuevos jubilados en la Argentina que ya est\u00e1n cobrando su primer haber\u201d.<\/p>\n","protected":false},"author":8,"featured_media":0,"comment_status":"open","ping_status":"open","sticky":false,"template":"","format":"standard","meta":{"_jetpack_newsletter_access":"","_jetpack_dont_email_post_to_subs":false,"_jetpack_newsletter_tier_id":0,"_jetpack_memberships_contains_paywalled_content":false,"_jetpack_memberships_contains_paid_content":false,"footnotes":""},"categories":[51],"tags":[],"class_list":["post-72638","post","type-post","status-publish","format-standard","hentry","category-politica"],"jetpack_shortlink":"https:\/\/wp.me\/p2JWE0-iTA","jetpack-related-posts":[{"id":80113,"url":"http:\/\/www.24baires.com\/?p=80113","url_meta":{"origin":72638,"position":0},"title":"El Gobierno cancel\u00f3 las moratorias para jubilarse sin la totalidad de aportes","author":"AF","date":"14\/03\/2016","format":false,"excerpt":"El titular de la Anses, Emilio Basavilbaso, anticip\u00f3 que habr\u00e1 una reforma previsional y que los trabajadores ya no podr\u00e1n acceder a las moratorias para jubilarse. El titular de la Anses, Emilio Basavilbaso, habl\u00f3 sobre la necesidad de \"pensar\" una nueva ley jubilatoria que \"contemple un haber m\u00ednimo lo m\u00e1s\u2026","rel":"","context":"En \u00abSociedad\u00bb","block_context":{"text":"Sociedad","link":"http:\/\/www.24baires.com\/?cat=1"},"img":{"alt_text":"","src":"https:\/\/i0.wp.com\/www.24baires.com\/wp-content\/uploads\/2016\/03\/Emilio-Basavilbaso-ANSES.jpg?resize=350%2C200","width":350,"height":200,"srcset":"https:\/\/i0.wp.com\/www.24baires.com\/wp-content\/uploads\/2016\/03\/Emilio-Basavilbaso-ANSES.jpg?resize=350%2C200 1x, https:\/\/i0.wp.com\/www.24baires.com\/wp-content\/uploads\/2016\/03\/Emilio-Basavilbaso-ANSES.jpg?resize=525%2C300 1.5x"},"classes":[]},{"id":47439,"url":"http:\/\/www.24baires.com\/?p=47439","url_meta":{"origin":72638,"position":1},"title":"Kicillof: \u00abLa moratoria incluye a 500.000 argentinos que no pudieron jubilarse\u00bb","author":"AF","date":"05\/06\/2014","format":false,"excerpt":"El ministro de Econom\u00eda, Axel Kicillof, se refiri\u00f3 a la nueva moratoria previsional anunciada ayer por la Presidenta. \"Hay diarios que no dan esta informaci\u00f3n, y privan a muchos argentinos de informarse de este beneficio\", agreg\u00f3. El ministro de Econom\u00eda, Axel Kicillof, afirm\u00f3 hoy que la nueva moratoria previsional anunciada\u2026","rel":"","context":"En \u00abEconom\u00eda\u00bb","block_context":{"text":"Econom\u00eda","link":"http:\/\/www.24baires.com\/?cat=45"},"img":{"alt_text":"kicillof2","src":"https:\/\/i0.wp.com\/www.24baires.com\/wp-content\/uploads\/2014\/01\/kicillof2.jpg?resize=350%2C200","width":350,"height":200,"srcset":"https:\/\/i0.wp.com\/www.24baires.com\/wp-content\/uploads\/2014\/01\/kicillof2.jpg?resize=350%2C200 1x, https:\/\/i0.wp.com\/www.24baires.com\/wp-content\/uploads\/2014\/01\/kicillof2.jpg?resize=525%2C300 1.5x"},"classes":[]},{"id":75507,"url":"http:\/\/www.24baires.com\/?p=75507","url_meta":{"origin":72638,"position":2},"title":"Anses pagar\u00e1 el medio aguinaldo junto con el haber antes de las fiestas","author":"GB","date":"23\/11\/2015","format":false,"excerpt":"La Anses inform\u00f3 hoy que destinar\u00e1 m\u00e1s de 67,8 mil millones de pesos al pago del medio aguinaldo, junto con el haber, antes de las fiestas de fin de a\u00f1o. De esta forma, el calendario de pago para las m\u00e1s de ocho millones de jubilaciones y pensiones iniciar\u00e1 el primero\u2026","rel":"","context":"En \u00abSociedad\u00bb","block_context":{"text":"Sociedad","link":"http:\/\/www.24baires.com\/?cat=1"},"img":{"alt_text":"anses","src":"https:\/\/i0.wp.com\/www.24baires.com\/wp-content\/uploads\/2014\/05\/anses-300x199.jpg?resize=350%2C200","width":350,"height":200},"classes":[]},{"id":121171,"url":"http:\/\/www.24baires.com\/?p=121171","url_meta":{"origin":72638,"position":3},"title":"El Gobierno anunci\u00f3 que las jubilaciones y pensiones de abril se pagar\u00e1n en cuotas","author":"GB","date":"28\/03\/2024","format":false,"excerpt":"El Gobierno nacional anunci\u00f3 este mi\u00e9rcoles que las jubilaciones y pensiones de abril se pagar\u00e1n en dos cuotas. Una pol\u00e9mica decisi\u00f3n del Gobierno gener\u00f3 revuelo en la sociedad, principalmente en los jubilados. Es que, tras confirmarse una nueva movilidad para las jubilaciones impulsada por decreto, ahora anunciaron que en el\u2026","rel":"","context":"En \u00abPol\u00edtica\u00bb","block_context":{"text":"Pol\u00edtica","link":"http:\/\/www.24baires.com\/?cat=51"},"img":{"alt_text":"","src":"https:\/\/i0.wp.com\/www.24baires.com\/wp-content\/uploads\/2017\/12\/jubilados.jpg?resize=350%2C200","width":350,"height":200,"srcset":"https:\/\/i0.wp.com\/www.24baires.com\/wp-content\/uploads\/2017\/12\/jubilados.jpg?resize=350%2C200 1x, https:\/\/i0.wp.com\/www.24baires.com\/wp-content\/uploads\/2017\/12\/jubilados.jpg?resize=525%2C300 1.5x, https:\/\/i0.wp.com\/www.24baires.com\/wp-content\/uploads\/2017\/12\/jubilados.jpg?resize=700%2C400 2x"},"classes":[]},{"id":80086,"url":"http:\/\/www.24baires.com\/?p=80086","url_meta":{"origin":72638,"position":4},"title":"El Gobierno confirm\u00f3 que no renovar\u00e1 la moratoria previsional","author":"GB","date":"13\/03\/2016","format":false,"excerpt":"Desde ANSES aseguraron que no extender\u00e1n la medida, por lo que los trabajadores que cumplan edad para jubilarse y no cuenten con los aportes necesarios no podr\u00e1n hacerlo. El Gobierno de Mauricio Macri confirm\u00f3 que la moratoria previsional que vence en septiembre pr\u00f3ximo no ser\u00e1 renovada, lo que implica que\u2026","rel":"","context":"En \u00abPol\u00edtica\u00bb","block_context":{"text":"Pol\u00edtica","link":"http:\/\/www.24baires.com\/?cat=51"},"img":{"alt_text":"jubilados2","src":"https:\/\/i0.wp.com\/www.24baires.com\/wp-content\/uploads\/2014\/05\/jubilados2.jpg?resize=350%2C200","width":350,"height":200,"srcset":"https:\/\/i0.wp.com\/www.24baires.com\/wp-content\/uploads\/2014\/05\/jubilados2.jpg?resize=350%2C200 1x, https:\/\/i0.wp.com\/www.24baires.com\/wp-content\/uploads\/2014\/05\/jubilados2.jpg?resize=525%2C300 1.5x"},"classes":[]},{"id":118713,"url":"http:\/\/www.24baires.com\/?p=118713","url_meta":{"origin":72638,"position":5},"title":"Jubilados y pensionados cobrar\u00e1n un bono de 6 mil pesos","author":"AF","date":"04\/04\/2022","format":false,"excerpt":"As\u00ed lo difundi\u00f3 Alberto Fern\u00e1ndez mediante un video publicado en su perfil de la red social Twitter, en el que se lo ve junto a la titular de la Anses, Fernanda Raverta, quien detalla que el pago se har\u00e1 a partir del 18 de abril. El Gobierno nacional pagar\u00e1 un\u2026","rel":"","context":"En \u00abSociedad\u00bb","block_context":{"text":"Sociedad","link":"http:\/\/www.24baires.com\/?cat=1"},"img":{"alt_text":"","src":"https:\/\/i0.wp.com\/www.24baires.com\/wp-content\/uploads\/2020\/04\/jubilados.jpg?resize=350%2C200","width":350,"height":200,"srcset":"https:\/\/i0.wp.com\/www.24baires.com\/wp-content\/uploads\/2020\/04\/jubilados.jpg?resize=350%2C200 1x, https:\/\/i0.wp.com\/www.24baires.com\/wp-content\/uploads\/2020\/04\/jubilados.jpg?resize=525%2C300 1.5x"},"classes":[]}],"jetpack_sharing_enabled":true,"jetpack_likes_enabled":true,"jetpack_featured_media_url":"","_links":{"self":[{"href":"http:\/\/www.24baires.com\/index.php?rest_route=\/wp\/v2\/posts\/72638","targetHints":{"allow":["GET"]}}],"collection":[{"href":"http:\/\/www.24baires.com\/index.php?rest_route=\/wp\/v2\/posts"}],"about":[{"href":"http:\/\/www.24baires.com\/index.php?rest_route=\/wp\/v2\/types\/post"}],"author":[{"embeddable":true,"href":"http:\/\/www.24baires.com\/index.php?rest_route=\/wp\/v2\/users\/8"}],"replies":[{"embeddable":true,"href":"http:\/\/www.24baires.com\/index.php?rest_route=%2Fwp%2Fv2%2Fcomments&post=72638"}],"version-history":[{"count":1,"href":"http:\/\/www.24baires.com\/index.php?rest_route=\/wp\/v2\/posts\/72638\/revisions"}],"predecessor-version":[{"id":72639,"href":"http:\/\/www.24baires.com\/index.php?rest_route=\/wp\/v2\/posts\/72638\/revisions\/72639"}],"wp:attachment":[{"href":"http:\/\/www.24baires.com\/index.php?rest_route=%2Fwp%2Fv2%2Fmedia&parent=72638"}],"wp:term":[{"taxonomy":"category","embeddable":true,"href":"http:\/\/www.24baires.com\/index.php?rest_route=%2Fwp%2Fv2%2Fcategories&post=72638"},{"taxonomy":"post_tag","embeddable":true,"href":"http:\/\/www.24baires.com\/index.php?rest_route=%2Fwp%2Fv2%2Ftags&post=72638"}],"curies":[{"name":"wp","href":"https:\/\/api.w.org\/{rel}","templated":true}]}}