{"id":72626,"date":"2015-09-24T16:41:33","date_gmt":"2015-09-24T19:41:33","guid":{"rendered":"http:\/\/www.24baires.com\/?p=72626"},"modified":"2015-09-25T10:59:46","modified_gmt":"2015-09-25T13:59:46","slug":"todas-las-provincias-son-grandes-protagonistas-no-existen-provincias-chicas","status":"publish","type":"post","link":"http:\/\/www.24baires.com\/?p=72626","title":{"rendered":"\u00abTodas las provincias son grandes protagonistas, no existen provincias chicas\u00bb"},"content":{"rendered":"<p><img data-recalc-dims=\"1\" loading=\"lazy\" decoding=\"async\" src=\"https:\/\/i0.wp.com\/www.24baires.com\/wp-content\/uploads\/2015\/08\/scioli-cierre-campa%C3%B1a.jpg?resize=560%2C307\" alt=\"scioli cierre campa\u00f1a\" width=\"560\" height=\"307\" class=\"aligncenter size-full wp-image-70134\" srcset=\"https:\/\/i0.wp.com\/www.24baires.com\/wp-content\/uploads\/2015\/08\/scioli-cierre-campa%C3%B1a.jpg?w=560 560w, https:\/\/i0.wp.com\/www.24baires.com\/wp-content\/uploads\/2015\/08\/scioli-cierre-campa%C3%B1a.jpg?resize=300%2C164 300w\" sizes=\"auto, (max-width: 560px) 100vw, 560px\" \/>El candidato a presidente del FpV, Daniel Scioli, subray\u00f3 que \u00abel pa\u00eds tiene que seguir sacando lo mejor de su interior\u00bb, al hablar en el cierre del \u00abEncuentro para el desarrollo de las econom\u00edas regionales\u00bb, en San Juan.<!--more--><\/p>\n<p>Al hablar en el cierre del \u00abEncuentro para el desarrollo de las econom\u00edas regionales\u00bb organizado por Gestar Y DAR en la provincia de San Juan, Scioli defini\u00f3 que quiere ser el Presidente que impulse \u00abla integraci\u00f3n entre el campo, la industria y el comercio\u00bb.<\/p>\n<p>Aclar\u00f3 que si \u00abhoy se puede hablar de desarrollo\u00bb es porque \u00abhemos tenido un Estado que ha recuperado la industria, la educaci\u00f3n de las escuelas t\u00e9cnicas y agrarias, la inversi\u00f3n p\u00fablica en infraestructura dejando s\u00f3lidos cimientos\u00bb para eso.<\/p>\n<p>Por otro lado, el candidato a presidente del oficialismo destac\u00f3 la capacidad del director General del Gestar y titular de la Anses, Diego Bossio, del gobernador de San Juan y presidente del Partido Justicialista, Jos\u00e9 Luis Gioja, del economista Miguel Peirano y del presidente de la C\u00e1mara de Diputados, Juli\u00e1n Dom\u00ednguez, demostrada en cada una de sus labores y \u00abresponsabilidades asumidas\u00bb.<\/p>\n<p>Scioli dijo que en el espacio pol\u00edtico que representa \u201cno hay h\u00e9roes solitarios, no hay individualismo, sino que hay un proyecto colectivo con pol\u00edticas que empezaron hace 12 a\u00f1os y un pa\u00eds desendeudado e industrializado que nos deja Cristina (Fern\u00e1ndez de Kirchner)\u201d.<\/p>\n<p>Agreg\u00f3 que si le toca gobernar el pa\u00eds \u201cel Estado va a seguir actuando como promotor de la inversi\u00f3n p\u00fablica y generando inserci\u00f3n con una profundizaci\u00f3n de la pol\u00edtica social\u201d.<\/p>\n<p>Durante el acto realizado en el Auditorio Juan Victoria de San Juan, Scioli estuvo acompa\u00f1ado por el gobernador de San Juan, Jos\u00e9 Luis Gioja; el secretario Legal y T\u00e9cnica y compa\u00f1ero de f\u00f3rmula, Carlos Zanini; el gobernador electo de La Rioja, Sergio Casas; el titular de la Fundaci\u00f3n Dar, Pepe Scioli; el ejecutivo de Gestar, Mauricio Maz\u00f3n; y el vicegobernador de San Juan, Sergio U\u00f1ac.<\/p>\n<p>De la regi\u00f3n Cuyo se sumaron el vicegobernador de Mendoza, Carlos Ciurca, el intendente de San Luis Enrique Ponce y el intendente de San Juan Marcelo Lima.<\/p>\n<p>El mandatario bonaerense dijo que sent\u00eda \u201cla responsabilidad de transmitir con claridad, objetividad y responsabilidad los motivos por los que estamos convencidos de que el camino al mejor futuro de la Argentina est\u00e1 dentro del FPV\u201d y defendi\u00f3 la idea de \u201cun Estado activo, extendiendo beneficios sociales como el agua, las cloacas, las luminarias, el pavimento, escuelas y hospitales a todas las ciudades y los pueblos del pa\u00eds\u201d.<\/p>\n<p>Indic\u00f3 que su proyecto \u201cse basa en la producci\u00f3n y en una industria a pleno para garantizar el empleo, sustituyendo importaciones con una gran actividad de las Pymes facilit\u00e1ndoles el acceso a microcr\u00e9ditos que les permita crecer y desarrollarse\u201d.<\/p>\n<p>Insisti\u00f3 que \u201cno necesitamos m\u00e1s ajustes y devaluaciones que han generado devastaci\u00f3n en la Argentina y en todo el mundo, sino que necesitamos mejorar la calidad y cantidad de empleo, para producir una movilidad social ascendente, tener un programa de primer empleo para j\u00f3venes y poner al estado como promotor de oportunidades\u201d.<\/p>\n<p>Por \u00faltimo, sostuvo que \u201cla Argentina no necesita un cambio para atr\u00e1s, sino que lo que necesita, es avanzar hacia un gran futuro todos juntos, con el estado en todos los niveles, los empresarios, los trabajadores, mujeres y hombres, ciencia y tecnolog\u00eda, para tener una Argentina m\u00e1s competitiva\u201d.<\/p>\n","protected":false},"excerpt":{"rendered":"<p>El candidato a presidente del FpV, Daniel Scioli, subray\u00f3 que \u00abel pa\u00eds tiene que seguir sacando lo mejor de su interior\u00bb, al hablar en el cierre del \u00abEncuentro para el desarrollo de las econom\u00edas regionales\u00bb, en San Juan.<\/p>\n","protected":false},"author":8,"featured_media":0,"comment_status":"open","ping_status":"open","sticky":false,"template":"","format":"standard","meta":{"_jetpack_newsletter_access":"","_jetpack_dont_email_post_to_subs":false,"_jetpack_newsletter_tier_id":0,"_jetpack_memberships_contains_paywalled_content":false,"_jetpack_memberships_contains_paid_content":false,"footnotes":""},"categories":[51],"tags":[],"class_list":["post-72626","post","type-post","status-publish","format-standard","hentry","category-politica"],"jetpack_shortlink":"https:\/\/wp.me\/p2JWE0-iTo","jetpack-related-posts":[{"id":112328,"url":"http:\/\/www.24baires.com\/?p=112328","url_meta":{"origin":72626,"position":0},"title":"Alberto Fern\u00e1ndez se reuni\u00f3 con la UIA","author":"AF","date":"02\/10\/2019","format":false,"excerpt":"Tras el encuentro, el ex jefe de Gabinete y candidato presidencial del Frente de Todos asegur\u00f3 que comparte con los empresarios la nececidad de dejar de \"maltratar\" a la industria. Alberto Fern\u00e1ndez advirti\u00f3, sin embargo, que Cambiemos dejar\u00e1 un d\u00e9ficit fiscal superior al 7 por ciento del PBI. El candidato\u2026","rel":"","context":"En \u00abPol\u00edtica\u00bb","block_context":{"text":"Pol\u00edtica","link":"http:\/\/www.24baires.com\/?cat=51"},"img":{"alt_text":"","src":"https:\/\/i0.wp.com\/www.24baires.com\/wp-content\/uploads\/2019\/06\/fern%C3%A1ndezz.jpg?resize=350%2C200","width":350,"height":200,"srcset":"https:\/\/i0.wp.com\/www.24baires.com\/wp-content\/uploads\/2019\/06\/fern%C3%A1ndezz.jpg?resize=350%2C200 1x, https:\/\/i0.wp.com\/www.24baires.com\/wp-content\/uploads\/2019\/06\/fern%C3%A1ndezz.jpg?resize=525%2C300 1.5x"},"classes":[]},{"id":120181,"url":"http:\/\/www.24baires.com\/?p=120181","url_meta":{"origin":72626,"position":1},"title":"El Frente de Todos pasa a llamarse \u00abUni\u00f3n por la Patria\u00bb","author":"AF","date":"14\/06\/2023","format":false,"excerpt":"Los distintos sectores que componen el frente oficialista mantienen reuniones para definir, entre otras cosas, la constituci\u00f3n de su junta partidaria y el reglamento electoral que fijar\u00e1 pisos y porcentajes para la integraci\u00f3n de listas. El Frente de Todos (FdT) se llamar\u00e1 Uni\u00f3n por la Patria (UxP) en las pr\u00f3ximas\u2026","rel":"","context":"En \u00abPol\u00edtica\u00bb","block_context":{"text":"Pol\u00edtica","link":"http:\/\/www.24baires.com\/?cat=51"},"img":{"alt_text":"","src":"https:\/\/i0.wp.com\/www.24baires.com\/wp-content\/uploads\/2023\/06\/cfk-25-5.png?resize=350%2C200","width":350,"height":200,"srcset":"https:\/\/i0.wp.com\/www.24baires.com\/wp-content\/uploads\/2023\/06\/cfk-25-5.png?resize=350%2C200 1x, https:\/\/i0.wp.com\/www.24baires.com\/wp-content\/uploads\/2023\/06\/cfk-25-5.png?resize=525%2C300 1.5x, https:\/\/i0.wp.com\/www.24baires.com\/wp-content\/uploads\/2023\/06\/cfk-25-5.png?resize=700%2C400 2x, https:\/\/i0.wp.com\/www.24baires.com\/wp-content\/uploads\/2023\/06\/cfk-25-5.png?resize=1050%2C600 3x"},"classes":[]},{"id":120034,"url":"http:\/\/www.24baires.com\/?p=120034","url_meta":{"origin":72626,"position":2},"title":"Con una agenda industrial, Axel Kicillof llega a Brasil","author":"GB","date":"24\/04\/2023","format":false,"excerpt":"El gobernador de la provincia de Buenos Aires, Axel Kicillof, estar\u00e1 hoy y ma\u00f1ana en la ciudad de S\u00e3o Paulo. Como hab\u00eda anticipado INFOCIELO, el gobernador de la provincia de Buenos Aires, Axel Kicillof, comienza su semana en Brasil. El mandatario estar\u00e1 en S\u00e3o Paulo, la ciudad m\u00e1s poblada del\u2026","rel":"","context":"En \u00abEconom\u00eda\u00bb","block_context":{"text":"Econom\u00eda","link":"http:\/\/www.24baires.com\/?cat=45"},"img":{"alt_text":"","src":"https:\/\/i0.wp.com\/www.24baires.com\/wp-content\/uploads\/2023\/04\/kicillof-brasil.webp?resize=350%2C200","width":350,"height":200,"srcset":"https:\/\/i0.wp.com\/www.24baires.com\/wp-content\/uploads\/2023\/04\/kicillof-brasil.webp?resize=350%2C200 1x, https:\/\/i0.wp.com\/www.24baires.com\/wp-content\/uploads\/2023\/04\/kicillof-brasil.webp?resize=525%2C300 1.5x, https:\/\/i0.wp.com\/www.24baires.com\/wp-content\/uploads\/2023\/04\/kicillof-brasil.webp?resize=700%2C400 2x"},"classes":[]},{"id":71467,"url":"http:\/\/www.24baires.com\/?p=71467","url_meta":{"origin":72626,"position":3},"title":"Scioli asegur\u00f3 que, si llega a Presidente, las pymes \u00abtendr\u00e1n un rol central\u00bb","author":"AF","date":"01\/09\/2015","format":false,"excerpt":"El candidato presidencial del Frente para la Victoria y gobernador bonaerense, Daniel Scioli, asegur\u00f3 que dar\u00e1 a las peque\u00f1as y medianas empresas \"todas las herramientas financieras\" necesarias. \"La pr\u00f3xima etapa es la de la gran agenda del desarrollo argentino y ustedes -las pymes- van a tener un rol central. Les\u2026","rel":"","context":"En \u00abPol\u00edtica\u00bb","block_context":{"text":"Pol\u00edtica","link":"http:\/\/www.24baires.com\/?cat=51"},"img":{"alt_text":"scioli cierre campa\u00f1a","src":"https:\/\/i0.wp.com\/www.24baires.com\/wp-content\/uploads\/2015\/08\/scioli-cierre-campa%C3%B1a.jpg?resize=350%2C200","width":350,"height":200,"srcset":"https:\/\/i0.wp.com\/www.24baires.com\/wp-content\/uploads\/2015\/08\/scioli-cierre-campa%C3%B1a.jpg?resize=350%2C200 1x, https:\/\/i0.wp.com\/www.24baires.com\/wp-content\/uploads\/2015\/08\/scioli-cierre-campa%C3%B1a.jpg?resize=525%2C300 1.5x"},"classes":[]},{"id":93424,"url":"http:\/\/www.24baires.com\/?p=93424","url_meta":{"origin":72626,"position":4},"title":"Scioli recorri\u00f3 municipios y se reuni\u00f3 con intendentes","author":"GB","date":"29\/03\/2017","format":false,"excerpt":"El ex gobernador contin\u00faa con su desembarco en territorio bonaerense: este mediod\u00eda visit\u00f3 Ituzaing\u00f3 y se reuni\u00f3 con el hist\u00f3rico dirigente Alberto Descalzo. M\u00e1s tarde recorri\u00f3 Malvinas Argentinas junto al intendente del Grupo F\u00e9nix, Leo Nardini. El desembarco de Scioli en los municipios bonaerenses de Ituzaing\u00f3 y Malvinas Argentinas forma\u2026","rel":"","context":"En \u00abProvincia\u00bb","block_context":{"text":"Provincia","link":"http:\/\/www.24baires.com\/?cat=40"},"img":{"alt_text":"","src":"https:\/\/i0.wp.com\/www.24baires.com\/wp-content\/uploads\/2015\/11\/scioli-abrazo.jpg?resize=350%2C200","width":350,"height":200},"classes":[]},{"id":111092,"url":"http:\/\/www.24baires.com\/?p=111092","url_meta":{"origin":72626,"position":5},"title":"Alberto Fern\u00e1ndez: \u00abA diferencia del Presidente, tuve la suerte de caer en la educaci\u00f3n p\u00fablica\u00bb","author":"AF","date":"05\/07\/2019","format":false,"excerpt":"En su visita a Mendoza, el precandidato presidente por el Frente de Todos critic\u00f3 el estado actual de la educaci\u00f3n p\u00fablica. \"Las sociedades ricas son las sociedades que han desarrollado la educaci\u00f3n, la ciencia y la tecnolog\u00eda\", expres\u00f3. El pre candidato presidencial en el Frente de Todos, Alberto Fern\u00e1ndez, visit\u00f3\u2026","rel":"","context":"En \u00abPol\u00edtica\u00bb","block_context":{"text":"Pol\u00edtica","link":"http:\/\/www.24baires.com\/?cat=51"},"img":{"alt_text":"","src":"https:\/\/i0.wp.com\/www.24baires.com\/wp-content\/uploads\/2019\/06\/alberto-fernandez.jpg?resize=350%2C200","width":350,"height":200,"srcset":"https:\/\/i0.wp.com\/www.24baires.com\/wp-content\/uploads\/2019\/06\/alberto-fernandez.jpg?resize=350%2C200 1x, https:\/\/i0.wp.com\/www.24baires.com\/wp-content\/uploads\/2019\/06\/alberto-fernandez.jpg?resize=525%2C300 1.5x"},"classes":[]}],"jetpack_sharing_enabled":true,"jetpack_likes_enabled":true,"jetpack_featured_media_url":"","_links":{"self":[{"href":"http:\/\/www.24baires.com\/index.php?rest_route=\/wp\/v2\/posts\/72626","targetHints":{"allow":["GET"]}}],"collection":[{"href":"http:\/\/www.24baires.com\/index.php?rest_route=\/wp\/v2\/posts"}],"about":[{"href":"http:\/\/www.24baires.com\/index.php?rest_route=\/wp\/v2\/types\/post"}],"author":[{"embeddable":true,"href":"http:\/\/www.24baires.com\/index.php?rest_route=\/wp\/v2\/users\/8"}],"replies":[{"embeddable":true,"href":"http:\/\/www.24baires.com\/index.php?rest_route=%2Fwp%2Fv2%2Fcomments&post=72626"}],"version-history":[{"count":1,"href":"http:\/\/www.24baires.com\/index.php?rest_route=\/wp\/v2\/posts\/72626\/revisions"}],"predecessor-version":[{"id":72627,"href":"http:\/\/www.24baires.com\/index.php?rest_route=\/wp\/v2\/posts\/72626\/revisions\/72627"}],"wp:attachment":[{"href":"http:\/\/www.24baires.com\/index.php?rest_route=%2Fwp%2Fv2%2Fmedia&parent=72626"}],"wp:term":[{"taxonomy":"category","embeddable":true,"href":"http:\/\/www.24baires.com\/index.php?rest_route=%2Fwp%2Fv2%2Fcategories&post=72626"},{"taxonomy":"post_tag","embeddable":true,"href":"http:\/\/www.24baires.com\/index.php?rest_route=%2Fwp%2Fv2%2Ftags&post=72626"}],"curies":[{"name":"wp","href":"https:\/\/api.w.org\/{rel}","templated":true}]}}