{"id":72600,"date":"2015-09-24T10:30:25","date_gmt":"2015-09-24T13:30:25","guid":{"rendered":"http:\/\/www.24baires.com\/?p=72600"},"modified":"2015-09-25T10:59:44","modified_gmt":"2015-09-25T13:59:44","slug":"anibal-fernandez-rechazo-la-postura-de-macri-frente-al-conflicto-del-garrahan","status":"publish","type":"post","link":"http:\/\/www.24baires.com\/?p=72600","title":{"rendered":"An\u00edbal Fern\u00e1ndez rechaz\u00f3 la postura de Macri frente al conflicto del Garrahan"},"content":{"rendered":"<p><img data-recalc-dims=\"1\" loading=\"lazy\" decoding=\"async\" class=\"aligncenter size-full wp-image-63981\" src=\"https:\/\/i0.wp.com\/www.24baires.com\/wp-content\/uploads\/2015\/04\/anibal-conferencia.jpg?resize=560%2C379\" alt=\"anibal conferencia\" width=\"560\" height=\"379\" srcset=\"https:\/\/i0.wp.com\/www.24baires.com\/wp-content\/uploads\/2015\/04\/anibal-conferencia.jpg?w=560 560w, https:\/\/i0.wp.com\/www.24baires.com\/wp-content\/uploads\/2015\/04\/anibal-conferencia.jpg?resize=300%2C203 300w\" sizes=\"auto, (max-width: 560px) 100vw, 560px\" \/>El jefe de Gabinete y candidato a gobernador bonaerense por el Frente para la Victoria (FPV), An\u00edbal Fern\u00e1ndez, sostuvo que \u00abno puede ser\u00bb que el Gobierno sea la \u00abrueda de auxilio de personajes que no quieren resolver temas de gesti\u00f3n\u00bb en alusi\u00f3n a Mauricio Macri, al ser consultado sobre el recorte presupuestario del gobierno porte\u00f1o al Hospital Garrahan.<!--more--><\/p>\n<p>\u00abNo puede ser que seamos la rueda de auxilio de personajes que no quieren resolver el tema y que dicen que pagan lo que dice el presupuesto cuando en realidad el presupuesto dice lo que ellos mandan a decir\u00bb, explic\u00f3 Fern\u00e1ndez, y los compar\u00f3 con el tero que \u00abgrita en un lado y pone los huevos en otro\u201d.<\/p>\n<p>Lo expres\u00f3 en su habitual encuentro con periodistas al ingresar a la Casa de Gobierno, tras ser consultado por el desfinanciamiento que sufre del Hospital Garrahan, situaci\u00f3n a la que calific\u00f3 como \u201cmuy seria\u201d.<\/p>\n<p>\u201cEl Estado nacional intervino toda la vida, por eso funciona el Garrahan y no vive de los papeles que juntan, ni de las tapitas de Coca-Cola ni de las donaciones de chatarras de los barcos que estaban hundidos en el Riachuelo, que fueron muchos\u201d, explic\u00f3 el jefe de ministros.<\/p>\n<p>\u201cNo tiene que pagar lo que dice la legislatura porte\u00f1a, tiene que pagar lo que expresa la ley que cre\u00f3 ese centro asistencial y que es el 50 por ciento y el otro cincuenta por el Estado nacional\u00bb, dijo el ministro, y subray\u00f3 que \u201ctodo es mercantilismo puro, el pibe no sufre ni llora y no les importa un comino y dice que el 13 por ciento son chicos de la ciudad y el 37 restante son de otros lugares. Y para ser atendido un ni\u00f1o tiene que venir con el documento que vive en la ciudad de Buenos Aires\u201d, denunci\u00f3 el jefe de Gabinete.<\/p>\n<p>Reiter\u00f3 que \u201ces muy seria (la situaci\u00f3n financiera del hospital) y mucho m\u00e1s por los gestos del jefe de Gabinete de la ciudad, Horacio Rodr\u00edguez Larreta, que sostuvo que el gobierno porte\u00f1o hace ocho a\u00f1os que viene pagando lo que dice la Legislatura de la ciudad en el presupuesto\u201d.<\/p>\n<p>Para el funcionario, la explicaci\u00f3n que ofrece Rodr\u00edguez Larreta \u201ces un sofisma, son los campeones mundiales en no cumplir los contratos, salvo los de (Fernando) Niembro, (Eduardo) Amadeo y (Avelino) Tamargo\u201d, un ex legislador del PRO, dedicado en los \u00faltimos a\u00f1os a la organizaci\u00f3n de eventos culturales y deportivos con fondos de la Ciudad.<\/p>\n<p>Destac\u00f3, adem\u00e1s, que la pol\u00edtica de derechos humanos para Macri \u201ces un curro\u00bb y sus seguidores \u201cpretenden una amnist\u00eda para los genocidas\u201d y uno de \u201csus economistas estrella, Jos\u00e9 Luis Espert, dijo que tendr\u00eda que haber un nuevo derecho humano que es el derecho a la evasi\u00f3n impositiva\u201d.<\/p>\n<p>\u00ab\u00bfLes parece serio que estos tipos pueden gobernar un pa\u00eds y esconden a los economistas para que no digan m\u00e1s burradas\u201d, se pregunt\u00f3 el funcionario.<\/p>\n<p>Fern\u00e1ndez se\u00f1al\u00f3 que el gobierno porte\u00f1o \u201csiempre \u00e9sta en la b\u00fasqueda\u201d de un recorte al presupuesto al nosocomio pedi\u00e1trico, finalizando que \u201chay demostraciones que se han registrado y adem\u00e1s han dejado de pagar miles de veces y lo van a seguir haciendo\u00bb.<\/p>\n","protected":false},"excerpt":{"rendered":"<p>El jefe de Gabinete y candidato a gobernador bonaerense por el Frente para la Victoria (FPV), An\u00edbal Fern\u00e1ndez, sostuvo que \u00abno puede ser\u00bb que el Gobierno sea la \u00abrueda de auxilio de personajes que no quieren resolver temas de gesti\u00f3n\u00bb en alusi\u00f3n a Mauricio Macri, al ser consultado sobre el recorte presupuestario del gobierno porte\u00f1o al Hospital Garrahan.<\/p>\n","protected":false},"author":4,"featured_media":0,"comment_status":"open","ping_status":"open","sticky":false,"template":"","format":"standard","meta":{"_jetpack_newsletter_access":"","_jetpack_dont_email_post_to_subs":false,"_jetpack_newsletter_tier_id":0,"_jetpack_memberships_contains_paywalled_content":false,"_jetpack_memberships_contains_paid_content":false,"footnotes":""},"categories":[51],"tags":[],"class_list":["post-72600","post","type-post","status-publish","format-standard","hentry","category-politica"],"jetpack_shortlink":"https:\/\/wp.me\/p2JWE0-iSY","jetpack-related-posts":[{"id":72534,"url":"http:\/\/www.24baires.com\/?p=72534","url_meta":{"origin":72600,"position":0},"title":"\u00abA Macri no le importa si el Garrahan se desfinancia\u00bb","author":"AF","date":"23\/09\/2015","format":false,"excerpt":"El Jefe de Gabinete y candidato a gobernador bonaerense, An\u00edbal Fern\u00e1ndez dijo adem\u00e1s que el hospital \"funciona porque el Estado nacional sigue poniendo dinero y tapa los agujeros que genera el gobierno de la Ciudad\". El Jefe de Gabinete y candidato a gobernador bonaerense, An\u00edbal Fern\u00e1ndez, sostuvo hoy que el\u2026","rel":"","context":"En \u00abPol\u00edtica\u00bb","block_context":{"text":"Pol\u00edtica","link":"http:\/\/www.24baires.com\/?cat=51"},"img":{"alt_text":"anibal","src":"https:\/\/i0.wp.com\/www.24baires.com\/wp-content\/uploads\/2015\/01\/anibal.jpg?resize=350%2C200","width":350,"height":200,"srcset":"https:\/\/i0.wp.com\/www.24baires.com\/wp-content\/uploads\/2015\/01\/anibal.jpg?resize=350%2C200 1x, https:\/\/i0.wp.com\/www.24baires.com\/wp-content\/uploads\/2015\/01\/anibal.jpg?resize=525%2C300 1.5x"},"classes":[]},{"id":72656,"url":"http:\/\/www.24baires.com\/?p=72656","url_meta":{"origin":72600,"position":1},"title":"\u00abEl Gobierno nacional ir\u00e1 a la Justicia por el desfinanciamiento del Garrahan\u00bb","author":"AF","date":"25\/09\/2015","format":false,"excerpt":"El jefe de Gabinete y candidato a gobernador bonaerense, An\u00edbal Fern\u00e1ndez, asegur\u00f3 hoy que el Gobierno nacional \u201cno se va quedar quieto\u201d, y anticip\u00f3 que \u201cse va a zanjar en la Justicia\u201d el conflicto respecto del hospital Garrahan, para que se cumpla la legislaci\u00f3n que indica que \"es 50 por\u2026","rel":"","context":"En \u00abPol\u00edtica\u00bb","block_context":{"text":"Pol\u00edtica","link":"http:\/\/www.24baires.com\/?cat=51"},"img":{"alt_text":"anibal","src":"https:\/\/i0.wp.com\/www.24baires.com\/wp-content\/uploads\/2015\/01\/anibal.jpg?resize=350%2C200","width":350,"height":200,"srcset":"https:\/\/i0.wp.com\/www.24baires.com\/wp-content\/uploads\/2015\/01\/anibal.jpg?resize=350%2C200 1x, https:\/\/i0.wp.com\/www.24baires.com\/wp-content\/uploads\/2015\/01\/anibal.jpg?resize=525%2C300 1.5x"},"classes":[]},{"id":122311,"url":"http:\/\/www.24baires.com\/?p=122311","url_meta":{"origin":72600,"position":2},"title":"Fracas\u00f3 la reuni\u00f3n entre el Gobierno y residentes del Hospital Garrahan: contin\u00faa el paro","author":"GB","date":"30\/05\/2025","format":false,"excerpt":"Los profesionales de la salud se reunieron con el Ministerio a cargo de esta \u00e1rea, pero no prosper\u00f3 ninguna soluci\u00f3n: recrudecen la medida de fuerza. En medio del paro y movilizaci\u00f3n por la precaria situaci\u00f3n laboral de los m\u00e9dicos residentes, autoridades del Hospital Garrahan se reunieron con representantes del Ministerio\u2026","rel":"","context":"En \u00abPol\u00edtica\u00bb","block_context":{"text":"Pol\u00edtica","link":"http:\/\/www.24baires.com\/?cat=51"},"img":{"alt_text":"","src":"https:\/\/i0.wp.com\/www.24baires.com\/wp-content\/uploads\/2025\/05\/crisis-hospital-garrahan.webp?resize=350%2C200","width":350,"height":200,"srcset":"https:\/\/i0.wp.com\/www.24baires.com\/wp-content\/uploads\/2025\/05\/crisis-hospital-garrahan.webp?resize=350%2C200 1x, https:\/\/i0.wp.com\/www.24baires.com\/wp-content\/uploads\/2025\/05\/crisis-hospital-garrahan.webp?resize=525%2C300 1.5x"},"classes":[]},{"id":69634,"url":"http:\/\/www.24baires.com\/?p=69634","url_meta":{"origin":72600,"position":3},"title":"An\u00edbal: \u00abLos economistas del PRO le han hecho mucho da\u00f1o a la gente\u00bb","author":"AF","date":"28\/07\/2015","format":false,"excerpt":"El jefe de Gabinete, An\u00edbal Fern\u00e1ndez, volvi\u00f3 hoy a fustigar a Miguel Broda, Carlos Melconian y Jos\u00e9 Luis Espert, dijo que son \"personajes nefastos, neoliberales y conservadores que le han hecho mucho da\u00f1o a la Argentina\" y agreg\u00f3 que \"les importa un carajo la gente que sufre en el pa\u00eds\".\u2026","rel":"","context":"En \u00abPol\u00edtica\u00bb","block_context":{"text":"Pol\u00edtica","link":"http:\/\/www.24baires.com\/?cat=51"},"img":{"alt_text":"anibal conferencia","src":"https:\/\/i0.wp.com\/www.24baires.com\/wp-content\/uploads\/2015\/04\/anibal-conferencia.jpg?resize=350%2C200","width":350,"height":200,"srcset":"https:\/\/i0.wp.com\/www.24baires.com\/wp-content\/uploads\/2015\/04\/anibal-conferencia.jpg?resize=350%2C200 1x, https:\/\/i0.wp.com\/www.24baires.com\/wp-content\/uploads\/2015\/04\/anibal-conferencia.jpg?resize=525%2C300 1.5x"},"classes":[]},{"id":103789,"url":"http:\/\/www.24baires.com\/?p=103789","url_meta":{"origin":72600,"position":4},"title":"\u00abEl blindaje al gobierno se termina cuando quer\u00e9s darle de comer a los pibes y no te alcanza\u00bb","author":"AF","date":"09\/08\/2018","format":false,"excerpt":"A contramano del remanido \"lo peor ya pas\u00f3\" del presidente Mauricio Macri, An\u00edbal Fern\u00e1ndez advirti\u00f3 que el estancamiento econ\u00f3mico y la crisis va camino a profundizarse a\u00fan m\u00e1s. El ex jefe de Gabinete de la Naci\u00f3n, An\u00edbal Fern\u00e1ndez carg\u00f3 este jueves con dureza contra el gobierno de Mauricio Macri, al\u2026","rel":"","context":"En \u00abPol\u00edtica\u00bb","block_context":{"text":"Pol\u00edtica","link":"http:\/\/www.24baires.com\/?cat=51"},"img":{"alt_text":"","src":"https:\/\/i0.wp.com\/www.24baires.com\/wp-content\/uploads\/2015\/08\/an%C3%ADbal-cierre.jpg?resize=350%2C200","width":350,"height":200,"srcset":"https:\/\/i0.wp.com\/www.24baires.com\/wp-content\/uploads\/2015\/08\/an%C3%ADbal-cierre.jpg?resize=350%2C200 1x, https:\/\/i0.wp.com\/www.24baires.com\/wp-content\/uploads\/2015\/08\/an%C3%ADbal-cierre.jpg?resize=525%2C300 1.5x"},"classes":[]},{"id":61120,"url":"http:\/\/www.24baires.com\/?p=61120","url_meta":{"origin":72600,"position":5},"title":"\u201cStiusso es un personaje siniestro que intent\u00f3 perjudicar al Gobierno\u201d","author":"GB","date":"02\/02\/2015","format":false,"excerpt":"El secretario General de la Presidencia, An\u00edbal Fern\u00e1ndez, asegur\u00f3 hoy que el ex Jefe de Operaciones de la SIDE, Antonio Stiusso, \"es un personaje siniestro, que lo que ha intentado por todos los medios fue poner palos en la rueda al Gobierno\" A su vez que consider\u00f3 como una \"mentira\u2026","rel":"","context":"En \u00abPol\u00edtica\u00bb","block_context":{"text":"Pol\u00edtica","link":"http:\/\/www.24baires.com\/?cat=51"},"img":{"alt_text":"an\u00edbal fern\u00e1ndez","src":"https:\/\/i0.wp.com\/www.24baires.com\/wp-content\/uploads\/2013\/01\/an%C3%ADbal-fern%C3%A1ndez.jpg?resize=350%2C200","width":350,"height":200},"classes":[]}],"jetpack_sharing_enabled":true,"jetpack_likes_enabled":true,"jetpack_featured_media_url":"","_links":{"self":[{"href":"http:\/\/www.24baires.com\/index.php?rest_route=\/wp\/v2\/posts\/72600","targetHints":{"allow":["GET"]}}],"collection":[{"href":"http:\/\/www.24baires.com\/index.php?rest_route=\/wp\/v2\/posts"}],"about":[{"href":"http:\/\/www.24baires.com\/index.php?rest_route=\/wp\/v2\/types\/post"}],"author":[{"embeddable":true,"href":"http:\/\/www.24baires.com\/index.php?rest_route=\/wp\/v2\/users\/4"}],"replies":[{"embeddable":true,"href":"http:\/\/www.24baires.com\/index.php?rest_route=%2Fwp%2Fv2%2Fcomments&post=72600"}],"version-history":[{"count":1,"href":"http:\/\/www.24baires.com\/index.php?rest_route=\/wp\/v2\/posts\/72600\/revisions"}],"predecessor-version":[{"id":72601,"href":"http:\/\/www.24baires.com\/index.php?rest_route=\/wp\/v2\/posts\/72600\/revisions\/72601"}],"wp:attachment":[{"href":"http:\/\/www.24baires.com\/index.php?rest_route=%2Fwp%2Fv2%2Fmedia&parent=72600"}],"wp:term":[{"taxonomy":"category","embeddable":true,"href":"http:\/\/www.24baires.com\/index.php?rest_route=%2Fwp%2Fv2%2Fcategories&post=72600"},{"taxonomy":"post_tag","embeddable":true,"href":"http:\/\/www.24baires.com\/index.php?rest_route=%2Fwp%2Fv2%2Ftags&post=72600"}],"curies":[{"name":"wp","href":"https:\/\/api.w.org\/{rel}","templated":true}]}}