{"id":72596,"date":"2015-09-23T21:10:13","date_gmt":"2015-09-24T00:10:13","guid":{"rendered":"http:\/\/www.24baires.com\/?p=72596"},"modified":"2015-09-23T21:10:13","modified_gmt":"2015-09-24T00:10:13","slug":"es-ley-el-proyecto-que-protege-acciones-del-estado","status":"publish","type":"post","link":"http:\/\/www.24baires.com\/?p=72596","title":{"rendered":"Es ley el proyecto que protege acciones del Estado"},"content":{"rendered":"<p><img data-recalc-dims=\"1\" loading=\"lazy\" decoding=\"async\" class=\"alignleft size-full wp-image-30945\" src=\"https:\/\/i0.wp.com\/www.24baires.com\/wp-content\/uploads\/2013\/08\/Senado.jpg?resize=320%2C213\" alt=\"Senado\" width=\"320\" height=\"213\" srcset=\"https:\/\/i0.wp.com\/www.24baires.com\/wp-content\/uploads\/2013\/08\/Senado.jpg?w=320 320w, https:\/\/i0.wp.com\/www.24baires.com\/wp-content\/uploads\/2013\/08\/Senado.jpg?resize=300%2C199 300w\" sizes=\"auto, (max-width: 320px) 100vw, 320px\" \/>Tras un debate que hab\u00eda comenzado al mediod\u00eda, la C\u00e1mara de Diputados convirti\u00f3 en ley el proyecto con 127 votos a favor y 84 en contra.<!--more--><\/p>\n<p>La ley impide vender las acciones que posee el Estado en empresas privadas sin el respaldo de los dos tercios de los votos de ambos cuerpos del Parlamento.<\/p>\n<p>Con el apoyo de los aliados del Frente C\u00edvico de Santiago del Estero, Partido Solidario Si y el Movimiento Popular Neuquino, el Frente para la Victoria (FpV) logr\u00f3 la sanci\u00f3n de la ley que garantiza que las acciones de empresas privadas que forman parte del Fondo de Garant\u00eda de Sustentabilidad s\u00f3lo puedan venderse luego de recibir el voto favorable de los dos tercios de los diputados y senadores.<\/p>\n","protected":false},"excerpt":{"rendered":"<p>Tras un debate que hab\u00eda comenzado al mediod\u00eda, la C\u00e1mara de Diputados convirti\u00f3 en ley el proyecto con 127 votos a favor y 84 en contra.<\/p>\n","protected":false},"author":8,"featured_media":0,"comment_status":"open","ping_status":"open","sticky":false,"template":"","format":"standard","meta":{"_jetpack_newsletter_access":"","_jetpack_dont_email_post_to_subs":false,"_jetpack_newsletter_tier_id":0,"_jetpack_memberships_contains_paywalled_content":false,"_jetpack_memberships_contains_paid_content":false,"footnotes":""},"categories":[51],"tags":[],"class_list":["post-72596","post","type-post","status-publish","format-standard","hentry","category-politica"],"jetpack_shortlink":"https:\/\/wp.me\/p2JWE0-iSU","jetpack-related-posts":[{"id":113519,"url":"http:\/\/www.24baires.com\/?p=113519","url_meta":{"origin":72596,"position":0},"title":"Tras la media sanci\u00f3n, el senado debate este viernes la Ley de Solidaridad Social","author":"GB","date":"20\/12\/2019","format":false,"excerpt":"Tras la media sanci\u00f3n de Diputados y con Cristina al frente del cuerpo, la C\u00e1mara alta trata hoy la emergencia econ\u00f3mica impulsada por el Gobierno. El Senado, en su primera sesi\u00f3n con Cristina Kirchner al frente del cuerpo, debatir\u00e1 a partir de las 14 el proyecto de Ley de Solidaridad\u2026","rel":"","context":"En \u00abPol\u00edtica\u00bb","block_context":{"text":"Pol\u00edtica","link":"http:\/\/www.24baires.com\/?cat=51"},"img":{"alt_text":"","src":"https:\/\/i0.wp.com\/www.24baires.com\/wp-content\/uploads\/2018\/08\/senado.jpg?resize=350%2C200","width":350,"height":200,"srcset":"https:\/\/i0.wp.com\/www.24baires.com\/wp-content\/uploads\/2018\/08\/senado.jpg?resize=350%2C200 1x, https:\/\/i0.wp.com\/www.24baires.com\/wp-content\/uploads\/2018\/08\/senado.jpg?resize=525%2C300 1.5x"},"classes":[]},{"id":122707,"url":"http:\/\/www.24baires.com\/?p=122707","url_meta":{"origin":72596,"position":1},"title":"Kicillof logr\u00f3 convertir en Ley el Presupuesto y la Impositiva, pero no junt\u00f3 los votos para el endeudamiento","author":"GB","date":"27\/11\/2025","format":false,"excerpt":"Luego de una marat\u00f3nica jornada de negociaciones, tanto Diputados como Senadores aprobaron el Presupuesto 2026 y la Ley Impositiva. El endeudamiento se tratar\u00e1 el viernes si el oficialismo consigue los dos tercios necesarios para aprobarlo. Finalmente, y con 9 horas de atraso, sesion\u00f3 Diputados, pero solo aprob\u00f3 el Presupuesto 2026\u2026","rel":"","context":"En \u00abProvincia\u00bb","block_context":{"text":"Provincia","link":"http:\/\/www.24baires.com\/?cat=40"},"img":{"alt_text":"","src":"https:\/\/i0.wp.com\/www.24baires.com\/wp-content\/uploads\/2019\/12\/diputados-bonaerenses.jpg?resize=350%2C200","width":350,"height":200,"srcset":"https:\/\/i0.wp.com\/www.24baires.com\/wp-content\/uploads\/2019\/12\/diputados-bonaerenses.jpg?resize=350%2C200 1x, https:\/\/i0.wp.com\/www.24baires.com\/wp-content\/uploads\/2019\/12\/diputados-bonaerenses.jpg?resize=525%2C300 1.5x, https:\/\/i0.wp.com\/www.24baires.com\/wp-content\/uploads\/2019\/12\/diputados-bonaerenses.jpg?resize=700%2C400 2x"},"classes":[]},{"id":72234,"url":"http:\/\/www.24baires.com\/?p=72234","url_meta":{"origin":72596,"position":2},"title":"El Senado aprob\u00f3 el proyecto de ley que protege las acciones del Estado","author":"GB","date":"16\/09\/2015","format":false,"excerpt":"La C\u00e1mara alta aprob\u00f3 y gir\u00f3 a Diputados un proyecto que declara de inter\u00e9s p\u00fablico la protecci\u00f3n de las participaciones sociales del Estado que integran su cartera de inversiones del Fondo de Garant\u00edas Solidario (FGS). El Senado nacional aprob\u00f3 y gir\u00f3 a Diputados un proyecto de Ley que declara de\u2026","rel":"","context":"En \u00abPol\u00edtica\u00bb","block_context":{"text":"Pol\u00edtica","link":"http:\/\/www.24baires.com\/?cat=51"},"img":{"alt_text":"Senado","src":"https:\/\/i0.wp.com\/www.24baires.com\/wp-content\/uploads\/2013\/08\/Senado.jpg?resize=350%2C200","width":350,"height":200},"classes":[]},{"id":116717,"url":"http:\/\/www.24baires.com\/?p=116717","url_meta":{"origin":72596,"position":3},"title":"Diputados aprob\u00f3 el Presupuesto 2021 y lo convirti\u00f3 en ley","author":"AF","date":"17\/11\/2020","format":false,"excerpt":"El plan de gastos y recursos del Estado para el pr\u00f3ximo a\u00f1o fue sancionado por 139 votos, pero hubo 83 abstenciones. La C\u00e1mara de Diputados convirti\u00f3 en ley el proyecto de Presupuesto 2021 durante la sesi\u00f3n de este martes con 139 votos a favor, 20 en contra y 83 abstenciones.\u2026","rel":"","context":"En \u00abSociedad\u00bb","block_context":{"text":"Sociedad","link":"http:\/\/www.24baires.com\/?cat=1"},"img":{"alt_text":"","src":"https:\/\/i0.wp.com\/www.24baires.com\/wp-content\/uploads\/2020\/08\/congreso.jpg?resize=350%2C200","width":350,"height":200,"srcset":"https:\/\/i0.wp.com\/www.24baires.com\/wp-content\/uploads\/2020\/08\/congreso.jpg?resize=350%2C200 1x, https:\/\/i0.wp.com\/www.24baires.com\/wp-content\/uploads\/2020\/08\/congreso.jpg?resize=525%2C300 1.5x"},"classes":[]},{"id":100708,"url":"http:\/\/www.24baires.com\/?p=100708","url_meta":{"origin":72596,"position":4},"title":"Cambiemos pone trabas al debate sobre el aborto","author":"AF","date":"23\/02\/2018","format":false,"excerpt":"Desde el oficialismo aclararon que no hay que apurar la discusi\u00f3n y no dar\u00edan qu\u00f3rum para tratar la iniciativa en una sesi\u00f3n especial el 8 de marzo. Algunos oficialistas adelantaron que no aceptaran el tratamiento sin poner en debate otros temas, como el alquiler de vientres, agilizar las adopciones o\u2026","rel":"","context":"En \u00abSociedad\u00bb","block_context":{"text":"Sociedad","link":"http:\/\/www.24baires.com\/?cat=1"},"img":{"alt_text":"","src":"https:\/\/i0.wp.com\/www.24baires.com\/wp-content\/uploads\/2018\/02\/aborto-congreso.jpg?resize=350%2C200","width":350,"height":200,"srcset":"https:\/\/i0.wp.com\/www.24baires.com\/wp-content\/uploads\/2018\/02\/aborto-congreso.jpg?resize=350%2C200 1x, https:\/\/i0.wp.com\/www.24baires.com\/wp-content\/uploads\/2018\/02\/aborto-congreso.jpg?resize=525%2C300 1.5x"},"classes":[]},{"id":102560,"url":"http:\/\/www.24baires.com\/?p=102560","url_meta":{"origin":72596,"position":5},"title":"Sol\u00e1 adelant\u00f3 que votar\u00e1 a favor del aborto legal porque es una \u201ccuesti\u00f3n de salud p\u00fablica\u201d","author":"GB","date":"06\/06\/2018","format":false,"excerpt":"El diputado nacional que hasta ayer no hab\u00eda tomado una postura p\u00fablica sobre la interrupci\u00f3n voluntaria del embarazo, finalmente dio a conocer que acompa\u00f1ar\u00e1 el proyecto que se debatir\u00e1 el 13 de junio en el Congreso. El diputado del Frente Renovador, Felipe Sol\u00e1, finalmente dio a conocer que votar\u00e1 a\u2026","rel":"","context":"En \u00abPol\u00edtica\u00bb","block_context":{"text":"Pol\u00edtica","link":"http:\/\/www.24baires.com\/?cat=51"},"img":{"alt_text":"","src":"https:\/\/i0.wp.com\/www.24baires.com\/wp-content\/uploads\/2014\/07\/felipe-sol%C3%A1.jpg?resize=350%2C200","width":350,"height":200,"srcset":"https:\/\/i0.wp.com\/www.24baires.com\/wp-content\/uploads\/2014\/07\/felipe-sol%C3%A1.jpg?resize=350%2C200 1x, https:\/\/i0.wp.com\/www.24baires.com\/wp-content\/uploads\/2014\/07\/felipe-sol%C3%A1.jpg?resize=525%2C300 1.5x"},"classes":[]}],"jetpack_sharing_enabled":true,"jetpack_likes_enabled":true,"jetpack_featured_media_url":"","_links":{"self":[{"href":"http:\/\/www.24baires.com\/index.php?rest_route=\/wp\/v2\/posts\/72596","targetHints":{"allow":["GET"]}}],"collection":[{"href":"http:\/\/www.24baires.com\/index.php?rest_route=\/wp\/v2\/posts"}],"about":[{"href":"http:\/\/www.24baires.com\/index.php?rest_route=\/wp\/v2\/types\/post"}],"author":[{"embeddable":true,"href":"http:\/\/www.24baires.com\/index.php?rest_route=\/wp\/v2\/users\/8"}],"replies":[{"embeddable":true,"href":"http:\/\/www.24baires.com\/index.php?rest_route=%2Fwp%2Fv2%2Fcomments&post=72596"}],"version-history":[{"count":1,"href":"http:\/\/www.24baires.com\/index.php?rest_route=\/wp\/v2\/posts\/72596\/revisions"}],"predecessor-version":[{"id":72597,"href":"http:\/\/www.24baires.com\/index.php?rest_route=\/wp\/v2\/posts\/72596\/revisions\/72597"}],"wp:attachment":[{"href":"http:\/\/www.24baires.com\/index.php?rest_route=%2Fwp%2Fv2%2Fmedia&parent=72596"}],"wp:term":[{"taxonomy":"category","embeddable":true,"href":"http:\/\/www.24baires.com\/index.php?rest_route=%2Fwp%2Fv2%2Fcategories&post=72596"},{"taxonomy":"post_tag","embeddable":true,"href":"http:\/\/www.24baires.com\/index.php?rest_route=%2Fwp%2Fv2%2Ftags&post=72596"}],"curies":[{"name":"wp","href":"https:\/\/api.w.org\/{rel}","templated":true}]}}