{"id":72574,"date":"2015-09-23T18:00:08","date_gmt":"2015-09-23T21:00:08","guid":{"rendered":"http:\/\/www.24baires.com\/?p=72574"},"modified":"2015-09-23T17:58:31","modified_gmt":"2015-09-23T20:58:31","slug":"presentaron-una-nueva-denuncia-penal-contra-macri","status":"publish","type":"post","link":"http:\/\/www.24baires.com\/?p=72574","title":{"rendered":"Presentaron una nueva denuncia penal contra Macri"},"content":{"rendered":"<p><img data-recalc-dims=\"1\" loading=\"lazy\" decoding=\"async\" class=\"aligncenter size-full wp-image-53417\" src=\"https:\/\/i0.wp.com\/www.24baires.com\/wp-content\/uploads\/2014\/09\/macri.jpg?resize=560%2C314\" alt=\"macri\" width=\"560\" height=\"314\" srcset=\"https:\/\/i0.wp.com\/www.24baires.com\/wp-content\/uploads\/2014\/09\/macri.jpg?w=560 560w, https:\/\/i0.wp.com\/www.24baires.com\/wp-content\/uploads\/2014\/09\/macri.jpg?resize=300%2C168 300w\" sizes=\"auto, (max-width: 560px) 100vw, 560px\" \/>Una denuncia para que se investigue al jefe del Gobierno de la Ciudad de Buenos Aires, Mauricio Macri, como presunto jefe de una asociaci\u00f3n il\u00edcita, fue presentada ante la justicia penal de esta capital.<!--more--><\/p>\n<p>La denuncia, que involucra a otros funcionarios de la administraci\u00f3n porte\u00f1a la realiz\u00f3 el abogado Antonio Liurgo, el mismo que promovi\u00f3 la acci\u00f3n penal contra el periodista deportivo y ex candidato a diputado nacional por Cambiemos, Fernando Niembro, por supuestos il\u00edcitos en contrataciones con el gobierno local.<\/p>\n<p>El letrado pidi\u00f3 que su reciente denuncia se acumule con la que el juez de instrucci\u00f3n Roberto Ponce y el fiscal Carlos Velarde tramitan contra Niembro y requiri\u00f3 la \u00abintervenci\u00f3n judicial\u00bb del Ministerio de Econom\u00eda local y del Banco de la Ciudad de Buenos Aires, entre otros organismos porte\u00f1os.<\/p>\n<p>En su \u00faltima presentaci\u00f3n el abogado formul\u00f3 cargos contra la vicejefa del gobierno porte\u00f1o, Mar\u00eda Eugenia Vidal, y los ministros de Hacienda, N\u00e9stor Grindetti; de Educaci\u00f3n, Esteban Bullrich; y de Cultura, Hern\u00e1n Lombardi; \u00abpor posible infracci\u00f3n al art\u00edculo 210 del C\u00f3digo Penal\u00bb que tipifica la asociaci\u00f3n il\u00edcita.<\/p>\n<p>El letrado expuso que los denunciados llevaron a cabo \u00abuna serie de hechos que en conjunto develan una matriz delictiva\u00bb, para \u00absaquear las arcas del erario p\u00fablico capitalino\u00bb.<\/p>\n<p>Para Liurgo la asociaci\u00f3n il\u00edcita podr\u00eda ser demostrada \u00absi se investiga el manejo de los dineros p\u00fablicos dirigidos en forma personal por el se\u00f1or Jefe de Gobierno y su hombre de confianza, el ex SOCMA H\u00e9ctor Grindetti\u00bb.<\/p>\n<p>En la presentaci\u00f3n judicial, detall\u00f3, entre otros supuestos il\u00edcitos, una denuncia en Posadas realizada por el directivo de un canal local \u00abpor haberse imputado un pago de pauta publicitaria surgido de la Contabilidad del Gobierno de la Ciudad a favor del medio televisivo citado por una suma que ascender\u00eda a los 700 millones de pesos\u00bb que nunca recibi\u00f3.<\/p>\n<p>Como medida para avanzar en la causa, Liurgo pidi\u00f3 que \u00abse ordene la intervenci\u00f3n Judicial, con la participaci\u00f3n de Contadores P\u00fablicos de la Universidad de Buenos Aires, del Banco de la Ciudad de Buenos Aires, el Ministerio de Hacienda, la Secretar\u00eda de Comunicaciones y Publicidad y la Direcci\u00f3n de Compras\u00bb.<\/p>\n","protected":false},"excerpt":{"rendered":"<p>Una denuncia para que se investigue al jefe del Gobierno de la Ciudad de Buenos Aires, Mauricio Macri, como presunto jefe de una asociaci\u00f3n il\u00edcita, fue presentada ante la justicia penal de esta capital.<\/p>\n","protected":false},"author":8,"featured_media":0,"comment_status":"open","ping_status":"open","sticky":false,"template":"","format":"standard","meta":{"_jetpack_newsletter_access":"","_jetpack_dont_email_post_to_subs":false,"_jetpack_newsletter_tier_id":0,"_jetpack_memberships_contains_paywalled_content":false,"_jetpack_memberships_contains_paid_content":false,"footnotes":""},"categories":[51],"tags":[],"class_list":["post-72574","post","type-post","status-publish","format-standard","hentry","category-politica"],"jetpack_shortlink":"https:\/\/wp.me\/p2JWE0-iSy","jetpack-related-posts":[{"id":95304,"url":"http:\/\/www.24baires.com\/?p=95304","url_meta":{"origin":72574,"position":0},"title":"Apelaron el sobreseimiento de Niembro","author":"GB","date":"19\/06\/2017","format":false,"excerpt":"A una semana de la coincidencia entre su retorno a la radio y la decisi\u00f3n judicial de dejarlo libre de culpa y cargo por las irregularidades en los millonarios contratos entre su productora y el gobierno porte\u00f1o, el fiscal de instrucci\u00f3n recurri\u00f3 la absoluci\u00f3n al considerarla \"prematura\" y basada s\u00f3lo\u2026","rel":"","context":"En \u00abPol\u00edtica\u00bb","block_context":{"text":"Pol\u00edtica","link":"http:\/\/www.24baires.com\/?cat=51"},"img":{"alt_text":"","src":"https:\/\/i0.wp.com\/www.24baires.com\/wp-content\/uploads\/2015\/09\/macri-niembro.jpg?resize=350%2C200","width":350,"height":200,"srcset":"https:\/\/i0.wp.com\/www.24baires.com\/wp-content\/uploads\/2015\/09\/macri-niembro.jpg?resize=350%2C200 1x, https:\/\/i0.wp.com\/www.24baires.com\/wp-content\/uploads\/2015\/09\/macri-niembro.jpg?resize=525%2C300 1.5x"},"classes":[]},{"id":71748,"url":"http:\/\/www.24baires.com\/?p=71748","url_meta":{"origin":72574,"position":1},"title":"Allanaron dependencias del gobierno porte\u00f1o y de la empresa vinculada a Niembro","author":"GB","date":"07\/09\/2015","format":false,"excerpt":"Los allanamientos, llevados a cabo por la fiscal\u00eda de instrucci\u00f3n n\u00famero 43, a cargo del fiscal Carlos Velarde, fueron realizados en las \u00faltimas horas en oficinas del Ejecutivo porte\u00f1o y de La Usina Producciones, firma del periodista y candidato por Cambiemos El fiscal a cargo de la causa que investiga\u2026","rel":"","context":"En \u00abJUDICIALES\u00bb","block_context":{"text":"JUDICIALES","link":"http:\/\/www.24baires.com\/?cat=68"},"img":{"alt_text":"macri niembro","src":"https:\/\/i0.wp.com\/www.24baires.com\/wp-content\/uploads\/2015\/09\/macri-niembro.jpg?resize=350%2C200","width":350,"height":200,"srcset":"https:\/\/i0.wp.com\/www.24baires.com\/wp-content\/uploads\/2015\/09\/macri-niembro.jpg?resize=350%2C200 1x, https:\/\/i0.wp.com\/www.24baires.com\/wp-content\/uploads\/2015\/09\/macri-niembro.jpg?resize=525%2C300 1.5x"},"classes":[]},{"id":71842,"url":"http:\/\/www.24baires.com\/?p=71842","url_meta":{"origin":72574,"position":2},"title":"Niembro decidi\u00f3 no renunciar a su candidatura","author":"GB","date":"08\/09\/2015","format":false,"excerpt":"El periodista deportivo y candidato a diputado del PRO en Provincia, Fernando Niembro, consider\u00f3 a Radio 10 que la denuncia por supuestas contrataciones irregulares forma parte de una \"campa\u00f1a sucia\" que se hace contra \u00e9l y recalc\u00f3 que no va a renunciar a su candidatura. \"No tengo nada que ocultar\",\u2026","rel":"","context":"En \u00abElecciones 2015\u00bb","block_context":{"text":"Elecciones 2015","link":"http:\/\/www.24baires.com\/?cat=74"},"img":{"alt_text":"niembro","src":"https:\/\/i0.wp.com\/www.24baires.com\/wp-content\/uploads\/2015\/09\/niembro.jpg?resize=350%2C200","width":350,"height":200,"srcset":"https:\/\/i0.wp.com\/www.24baires.com\/wp-content\/uploads\/2015\/09\/niembro.jpg?resize=350%2C200 1x, https:\/\/i0.wp.com\/www.24baires.com\/wp-content\/uploads\/2015\/09\/niembro.jpg?resize=525%2C300 1.5x"},"classes":[]},{"id":97760,"url":"http:\/\/www.24baires.com\/?p=97760","url_meta":{"origin":72574,"position":3},"title":"Revocaron el sobreseimiento dictado en favor de Fernando Niembro","author":"AF","date":"28\/09\/2017","format":false,"excerpt":"Lo hizo la C\u00e1mara Nacional en lo Criminal que consider\u00f3 que se pudo haber cometido un \"fraude\" millonario en la causa penal por supuestos il\u00edcitos con millonarios contratos de publicidad con el Gobierno de la Ciudad de Buenos Aires. La C\u00e1mara Nacional en lo Criminal consider\u00f3 que se pudo haber\u2026","rel":"","context":"En \u00abJUDICIALES\u00bb","block_context":{"text":"JUDICIALES","link":"http:\/\/www.24baires.com\/?cat=68"},"img":{"alt_text":"","src":"https:\/\/i0.wp.com\/www.24baires.com\/wp-content\/uploads\/2015\/09\/niembro.jpg?resize=350%2C200","width":350,"height":200,"srcset":"https:\/\/i0.wp.com\/www.24baires.com\/wp-content\/uploads\/2015\/09\/niembro.jpg?resize=350%2C200 1x, https:\/\/i0.wp.com\/www.24baires.com\/wp-content\/uploads\/2015\/09\/niembro.jpg?resize=525%2C300 1.5x"},"classes":[]},{"id":71566,"url":"http:\/\/www.24baires.com\/?p=71566","url_meta":{"origin":72574,"position":4},"title":"\u00abNo satisfacen las explicaciones del gobierno porte\u00f1o sobre los contratos a Niembro\u00bb","author":"AF","date":"03\/09\/2015","format":false,"excerpt":"El jefe de Gabinete y candidato a gobernador bonaerense, An\u00edbal Fern\u00e1ndez, sostuvo que las autoridades del gobierno porte\u00f1o le recuerdan a Atahualpa Yupanqui, cuando dijo que \"'no aclaren que oscurece', y en \u00e9ste caso tratan de aclarar\", al referirse a la denuncia presentada contra el candidato a diputado de Cambiemos,\u2026","rel":"","context":"En \u00abPol\u00edtica\u00bb","block_context":{"text":"Pol\u00edtica","link":"http:\/\/www.24baires.com\/?cat=51"},"img":{"alt_text":"anibal","src":"https:\/\/i0.wp.com\/www.24baires.com\/wp-content\/uploads\/2015\/01\/anibal.jpg?resize=350%2C200","width":350,"height":200,"srcset":"https:\/\/i0.wp.com\/www.24baires.com\/wp-content\/uploads\/2015\/01\/anibal.jpg?resize=350%2C200 1x, https:\/\/i0.wp.com\/www.24baires.com\/wp-content\/uploads\/2015\/01\/anibal.jpg?resize=525%2C300 1.5x"},"classes":[]},{"id":71682,"url":"http:\/\/www.24baires.com\/?p=71682","url_meta":{"origin":72574,"position":5},"title":"\u00abLa defensa de Niembro destapa una olla que genera m\u00e1s sospechas\u00bb","author":"AF","date":"05\/09\/2015","format":false,"excerpt":"La legisladora del Frente para la Victoria (FpV), Gabriela Alegre, evalu\u00f3 hoy que la \"defensa\" del comentarista deportivo, referida a sus contratos con la Ciudad de Buenos Aires, \"no alcanza\" y que lo conocido hasta el momento \"est\u00e1 destapando una olla que genera m\u00e1s sospechas\". Alegre se refiri\u00f3, as\u00ed, a\u2026","rel":"","context":"En \u00abPol\u00edtica\u00bb","block_context":{"text":"Pol\u00edtica","link":"http:\/\/www.24baires.com\/?cat=51"},"img":{"alt_text":"macri niembro","src":"https:\/\/i0.wp.com\/www.24baires.com\/wp-content\/uploads\/2015\/09\/macri-niembro.jpg?resize=350%2C200","width":350,"height":200,"srcset":"https:\/\/i0.wp.com\/www.24baires.com\/wp-content\/uploads\/2015\/09\/macri-niembro.jpg?resize=350%2C200 1x, https:\/\/i0.wp.com\/www.24baires.com\/wp-content\/uploads\/2015\/09\/macri-niembro.jpg?resize=525%2C300 1.5x"},"classes":[]}],"jetpack_sharing_enabled":true,"jetpack_likes_enabled":true,"jetpack_featured_media_url":"","_links":{"self":[{"href":"http:\/\/www.24baires.com\/index.php?rest_route=\/wp\/v2\/posts\/72574","targetHints":{"allow":["GET"]}}],"collection":[{"href":"http:\/\/www.24baires.com\/index.php?rest_route=\/wp\/v2\/posts"}],"about":[{"href":"http:\/\/www.24baires.com\/index.php?rest_route=\/wp\/v2\/types\/post"}],"author":[{"embeddable":true,"href":"http:\/\/www.24baires.com\/index.php?rest_route=\/wp\/v2\/users\/8"}],"replies":[{"embeddable":true,"href":"http:\/\/www.24baires.com\/index.php?rest_route=%2Fwp%2Fv2%2Fcomments&post=72574"}],"version-history":[{"count":1,"href":"http:\/\/www.24baires.com\/index.php?rest_route=\/wp\/v2\/posts\/72574\/revisions"}],"predecessor-version":[{"id":72575,"href":"http:\/\/www.24baires.com\/index.php?rest_route=\/wp\/v2\/posts\/72574\/revisions\/72575"}],"wp:attachment":[{"href":"http:\/\/www.24baires.com\/index.php?rest_route=%2Fwp%2Fv2%2Fmedia&parent=72574"}],"wp:term":[{"taxonomy":"category","embeddable":true,"href":"http:\/\/www.24baires.com\/index.php?rest_route=%2Fwp%2Fv2%2Fcategories&post=72574"},{"taxonomy":"post_tag","embeddable":true,"href":"http:\/\/www.24baires.com\/index.php?rest_route=%2Fwp%2Fv2%2Ftags&post=72574"}],"curies":[{"name":"wp","href":"https:\/\/api.w.org\/{rel}","templated":true}]}}