{"id":72555,"date":"2015-09-23T19:30:19","date_gmt":"2015-09-23T22:30:19","guid":{"rendered":"http:\/\/www.24baires.com\/?p=72555"},"modified":"2015-09-24T10:55:44","modified_gmt":"2015-09-24T13:55:44","slug":"cristina-inaugurara-un-hospital-en-misiones","status":"publish","type":"post","link":"http:\/\/www.24baires.com\/?p=72555","title":{"rendered":"\u00abLos que quieren ajustar son los que nunca pasaron hambre, los que nunca tuvieron necesidades\u00bb"},"content":{"rendered":"<p><img data-recalc-dims=\"1\" loading=\"lazy\" decoding=\"async\" class=\"aligncenter size-full wp-image-71658\" src=\"https:\/\/i0.wp.com\/www.24baires.com\/wp-content\/uploads\/2015\/09\/cristina-energia.jpg?resize=560%2C373\" alt=\"cristina energia\" width=\"560\" height=\"373\" srcset=\"https:\/\/i0.wp.com\/www.24baires.com\/wp-content\/uploads\/2015\/09\/cristina-energia.jpg?w=560 560w, https:\/\/i0.wp.com\/www.24baires.com\/wp-content\/uploads\/2015\/09\/cristina-energia.jpg?resize=300%2C200 300w\" sizes=\"auto, (max-width: 560px) 100vw, 560px\" \/>Cristina encabeza, junto al gobernador Closs, la inauguraci\u00f3n y participa de tres actos por videoconferencia. Es transmitido por cadena nacional.<!--more--><\/p>\n<p>La presidenta Cristina Fern\u00e1ndez de Kirchner encabez\u00f3  en Misiones el acto de inauguraci\u00f3n del nuevo edificio del hospital pedi\u00e1trico \u201cFernando Barreyro\u201d de la ciudad de Posadas.<\/p>\n<p>La Jefa de Estado anunci\u00f3 el env\u00edo al Congreso de la nueva Ley de H\u00e1bitat para que \u00abm\u00e1s de dos millones de personas puedan acceder a la titularidad de su vivienda\u00bb.<\/p>\n<p>Confirm\u00f3 as\u00ed el env\u00edo al parlamento nacional del Proyecto de ley Federal de Regularizaci\u00f3n Dominial de la Vivienda Familiar.<\/p>\n<p>La mandataria arrib\u00f3 al Parque Provincial de la Salud, en la capital misionera, desde donde tambi\u00e9n inaugurar\u00e1 por videoconferencia, un tramo de 43 kil\u00f3metros de la ruta provincial 27, que une el departamento San Pedro con el Estado brasile\u00f1o de Santa Catarina.<\/p>\n<p>En su mensaje, que fue transmitido por cadena nacional, Cristina se pregunt\u00f3 \u00ab\u00bfqu\u00e9 pasar\u00eda hoy con Argentina si estuviera en manos de peleles de las corporaciones?\u00bb, y contrapuso esto con la situaci\u00f3n del pa\u00eds en el que desde 2003 \u201clos dirigentes que fueron electos por la voluntad popular se hicieron cargo del manejo de la econom\u00eda\u201d.<\/p>\n<p>\u201cEn los \u00faltimos a\u00f1os, quienes fuimos elegidos por el voto popular tomamos el control de la econom\u00eda. A ver qu\u00e9 pasar\u00eda hoy con Argentina si estuviera en manos de peleles de las corporaciones\u201d, se\u00f1al\u00f3 la mandataria, al hablar en cadena nacional desde Misiones.<\/p>\n<p>Y en ese sentido, agreg\u00f3: \u201cNo entiendo c\u00f3mo puede haber dirigentes que hablan contra el rol del Estado. \u00bfC\u00f3mo van a a hacer entonces para generar salud, educaci\u00f3n y trabajo\u201d.<\/p>\n","protected":false},"excerpt":{"rendered":"<p>Cristina encabeza, junto al gobernador Closs, la inauguraci\u00f3n y participa de tres actos por videoconferencia. Es transmitido por cadena nacional.<\/p>\n","protected":false},"author":8,"featured_media":0,"comment_status":"open","ping_status":"open","sticky":false,"template":"","format":"standard","meta":{"_jetpack_newsletter_access":"","_jetpack_dont_email_post_to_subs":false,"_jetpack_newsletter_tier_id":0,"_jetpack_memberships_contains_paywalled_content":false,"_jetpack_memberships_contains_paid_content":false,"footnotes":""},"categories":[51],"tags":[],"class_list":["post-72555","post","type-post","status-publish","format-standard","hentry","category-politica"],"jetpack_shortlink":"https:\/\/wp.me\/p2JWE0-iSf","jetpack-related-posts":[{"id":4646,"url":"http:\/\/www.24baires.com\/?p=4646","url_meta":{"origin":72555,"position":0},"title":"\u00abMi Gobierno \u0093sufri\u00f3 seis corridas del d\u00f3lar, y no devalu\u00f3 ni se endeud\u00f3\u0094\u00bb, dijo Cristina","author":"AF","date":"06\/11\/2012","format":false,"excerpt":"\"Mientras yo sea Presidenta podr\u00e1n decir lo que quieran, pero podemos demostrar c\u00f3mo el pa\u00eds ha avanzado estos nueve a\u00f1os\u0094\", agreg\u00f3 Cristina al encabezar un acto en Casa de Gobierno. La presidenta encabez\u00f3, a trav\u00e9s de una videoconferencia, el acto de inauguraci\u00f3n de la sede del Instituto de Matem\u00e1tica Aplicada\u2026","rel":"","context":"En \u00abPol\u00edtica\u00bb","block_context":{"text":"Pol\u00edtica","link":"http:\/\/www.24baires.com\/?cat=51"},"img":{"alt_text":"","src":"","width":0,"height":0},"classes":[]},{"id":32011,"url":"http:\/\/www.24baires.com\/?p=32011","url_meta":{"origin":72555,"position":1},"title":"Cristina inaugur\u00f3 las obras de ampliaci\u00f3n de SanCor en Chivilcoy","author":"AF","date":"17\/09\/2013","format":false,"excerpt":"Cristina encabez\u00f3 la inauguraci\u00f3n de las obras de ampliaci\u00f3n en la planta de la empresa l\u00e1ctea en esa localidad bonaerense. La acompa\u00f1aron el gobernador Scioli y el candidato a diputado Mart\u00edn Insaurralde. Del acto participaron el gobernador Daniel Scioli, el primer candidato a diputado nacional por el Frente para la\u2026","rel":"","context":"En \u00abPol\u00edtica\u00bb","block_context":{"text":"Pol\u00edtica","link":"http:\/\/www.24baires.com\/?cat=51"},"img":{"alt_text":"","src":"","width":0,"height":0},"classes":[]},{"id":11819,"url":"http:\/\/www.24baires.com\/?p=11819","url_meta":{"origin":72555,"position":2},"title":"Giorgi reinaugur\u00f3 una f\u00e1brica en Olavarr\u00eda y la acompa\u00f1\u00f3 Cristina por videoconferencia","author":"AF","date":"11\/01\/2013","format":false,"excerpt":"La ministra de Producci\u00f3n de la Naci\u00f3n recorri\u00f3 el truck center acompa\u00f1ada por el propietario de la empresa y el diputado provincial C\u00e9sar Valicenti. Posteriormente, present\u00f3 la planta mediante una videoconferencia con la presidente Cristina Fern\u00e1ndez de Kirchner. Con motivo de una nueva \u201cinauguraci\u00f3n oficial\u201d del truck center de la\u2026","rel":"","context":"En \u00abLocales\u00bb","block_context":{"text":"Locales","link":"http:\/\/www.24baires.com\/?cat=38"},"img":{"alt_text":"","src":"https:\/\/i0.wp.com\/www.24baires.com\/wp-content\/uploads\/2013\/01\/giorgi-en-olavarr%C3%ADa.jpg?resize=350%2C200","width":350,"height":200,"srcset":"https:\/\/i0.wp.com\/www.24baires.com\/wp-content\/uploads\/2013\/01\/giorgi-en-olavarr%C3%ADa.jpg?resize=350%2C200 1x, https:\/\/i0.wp.com\/www.24baires.com\/wp-content\/uploads\/2013\/01\/giorgi-en-olavarr%C3%ADa.jpg?resize=525%2C300 1.5x"},"classes":[]},{"id":62168,"url":"http:\/\/www.24baires.com\/?p=62168","url_meta":{"origin":72555,"position":3},"title":"Cristina: \u00abLes vamos a dejar un pa\u00eds mejor que el que recibimos\u00bb","author":"Grupo Sierra","date":"23\/02\/2015","format":false,"excerpt":"Lo dijo la Presidenta al hablar en la inauguraci\u00f3n de la nueva intendencia de Berazategui: En el acto, del que participaron el gobernador Scioli y el intendente Mussi, entre otras autoridades, la jefa de Estado, realiz\u00f3 videoconferencias con Formosa, La Matanza y Luj\u00e1n. Cristina Fern\u00e1ndez de Kirchner afirm\u00f3 que \u201chay\u2026","rel":"","context":"En \u00abGeneral\u00bb","block_context":{"text":"General","link":"http:\/\/www.24baires.com\/?cat=67"},"img":{"alt_text":"","src":"https:\/\/i0.wp.com\/www.24baires.com\/wp-content\/uploads\/2015\/02\/cristina-berazategui.jpg?resize=350%2C200","width":350,"height":200,"srcset":"https:\/\/i0.wp.com\/www.24baires.com\/wp-content\/uploads\/2015\/02\/cristina-berazategui.jpg?resize=350%2C200 1x, https:\/\/i0.wp.com\/www.24baires.com\/wp-content\/uploads\/2015\/02\/cristina-berazategui.jpg?resize=525%2C300 1.5x"},"classes":[]},{"id":58808,"url":"http:\/\/www.24baires.com\/?p=58808","url_meta":{"origin":72555,"position":4},"title":"Cristina le tomar\u00e1 juramento a An\u00edbal Fern\u00e1ndez y encabezar\u00e1 dos actos","author":"AF","date":"18\/12\/2014","format":false,"excerpt":"La presidenta Cristina Fern\u00e1ndez de Kirchner le tomar\u00e1 juramento al senador nacional An\u00edbal Fern\u00e1ndez como secretario General de la Presidencia, encabezar\u00e1 el acto de ascenso de las fuerzas de seguridad nacionales y mantendr\u00e1 una videoconferencia desde la Casa de Gobierno. Cristina regres\u00f3 desde Paran\u00e1, Entre R\u00edos, donde particip\u00f3 de la\u2026","rel":"","context":"En \u00abPol\u00edtica\u00bb","block_context":{"text":"Pol\u00edtica","link":"http:\/\/www.24baires.com\/?cat=51"},"img":{"alt_text":"cristina ONU","src":"https:\/\/i0.wp.com\/www.24baires.com\/wp-content\/uploads\/2014\/09\/cristina-ONU.jpg?resize=350%2C200","width":350,"height":200,"srcset":"https:\/\/i0.wp.com\/www.24baires.com\/wp-content\/uploads\/2014\/09\/cristina-ONU.jpg?resize=350%2C200 1x, https:\/\/i0.wp.com\/www.24baires.com\/wp-content\/uploads\/2014\/09\/cristina-ONU.jpg?resize=525%2C300 1.5x"},"classes":[]},{"id":58413,"url":"http:\/\/www.24baires.com\/?p=58413","url_meta":{"origin":72555,"position":5},"title":"La Presidenta inaugurar\u00e1 el hospital municipal de Mor\u00f3n","author":"GB","date":"10\/12\/2014","format":false,"excerpt":"La Presidenta encabezar\u00e1 a las 18 el acto de inauguraci\u00f3n del hospital, que le demand\u00f3 al Estado Nacional una inversi\u00f3n de 310 millones de pesos, y luego se trasladar\u00e1 al Centro Recreativo y Deportivo Municipal \u201cGorki Grana\u201d para recorrer sus instalaciones. Adem\u00e1s Cristina mantendr\u00e1 tres videoconferencias, todas con la Ciudad\u2026","rel":"","context":"En \u00abPol\u00edtica\u00bb","block_context":{"text":"Pol\u00edtica","link":"http:\/\/www.24baires.com\/?cat=51"},"img":{"alt_text":"cristina","src":"https:\/\/i0.wp.com\/www.24baires.com\/wp-content\/uploads\/2014\/09\/cristina3.jpg?resize=350%2C200","width":350,"height":200,"srcset":"https:\/\/i0.wp.com\/www.24baires.com\/wp-content\/uploads\/2014\/09\/cristina3.jpg?resize=350%2C200 1x, https:\/\/i0.wp.com\/www.24baires.com\/wp-content\/uploads\/2014\/09\/cristina3.jpg?resize=525%2C300 1.5x"},"classes":[]}],"jetpack_sharing_enabled":true,"jetpack_likes_enabled":true,"jetpack_featured_media_url":"","_links":{"self":[{"href":"http:\/\/www.24baires.com\/index.php?rest_route=\/wp\/v2\/posts\/72555","targetHints":{"allow":["GET"]}}],"collection":[{"href":"http:\/\/www.24baires.com\/index.php?rest_route=\/wp\/v2\/posts"}],"about":[{"href":"http:\/\/www.24baires.com\/index.php?rest_route=\/wp\/v2\/types\/post"}],"author":[{"embeddable":true,"href":"http:\/\/www.24baires.com\/index.php?rest_route=\/wp\/v2\/users\/8"}],"replies":[{"embeddable":true,"href":"http:\/\/www.24baires.com\/index.php?rest_route=%2Fwp%2Fv2%2Fcomments&post=72555"}],"version-history":[{"count":3,"href":"http:\/\/www.24baires.com\/index.php?rest_route=\/wp\/v2\/posts\/72555\/revisions"}],"predecessor-version":[{"id":72592,"href":"http:\/\/www.24baires.com\/index.php?rest_route=\/wp\/v2\/posts\/72555\/revisions\/72592"}],"wp:attachment":[{"href":"http:\/\/www.24baires.com\/index.php?rest_route=%2Fwp%2Fv2%2Fmedia&parent=72555"}],"wp:term":[{"taxonomy":"category","embeddable":true,"href":"http:\/\/www.24baires.com\/index.php?rest_route=%2Fwp%2Fv2%2Fcategories&post=72555"},{"taxonomy":"post_tag","embeddable":true,"href":"http:\/\/www.24baires.com\/index.php?rest_route=%2Fwp%2Fv2%2Ftags&post=72555"}],"curies":[{"name":"wp","href":"https:\/\/api.w.org\/{rel}","templated":true}]}}