{"id":72547,"date":"2015-09-23T12:30:27","date_gmt":"2015-09-23T15:30:27","guid":{"rendered":"http:\/\/www.24baires.com\/?p=72547"},"modified":"2015-09-23T11:43:09","modified_gmt":"2015-09-23T14:43:09","slug":"massa-el-acuerdo-entre-el-fr-y-la-ucr-fracaso-porque-no-hubo-vision-estrategica","status":"publish","type":"post","link":"http:\/\/www.24baires.com\/?p=72547","title":{"rendered":"Massa: el acuerdo entre el FR y la UCR fracas\u00f3 porque \u00abno hubo visi\u00f3n estrat\u00e9gica\u00bb"},"content":{"rendered":"<p><img data-recalc-dims=\"1\" loading=\"lazy\" decoding=\"async\" class=\"aligncenter size-full wp-image-67454\" src=\"https:\/\/i0.wp.com\/www.24baires.com\/wp-content\/uploads\/2015\/06\/sergio-massa.jpg?resize=560%2C199\" alt=\"sergio massa\" width=\"560\" height=\"199\" srcset=\"https:\/\/i0.wp.com\/www.24baires.com\/wp-content\/uploads\/2015\/06\/sergio-massa.jpg?w=560 560w, https:\/\/i0.wp.com\/www.24baires.com\/wp-content\/uploads\/2015\/06\/sergio-massa.jpg?resize=300%2C107 300w\" sizes=\"auto, (max-width: 560px) 100vw, 560px\" \/>El candidato presidencial del Frente Renovador a\u00fan as\u00ed se mostr\u00f3 \u00abconvencido\u00bb de su triunfo si llegara a competir en un eventual balotaje frente al candidato del FpV, Daniel Scioli.<!--more--><\/p>\n<p>\u00abNo hubo visi\u00f3n estrat\u00e9gica para construir la gran primaria, pero no vale la pena llorar sobre lo que no pas\u00f3\u00bb, afirm\u00f3 Massa sobre el rechazo de un sector de la UCR de construir un gran frente opositor que incluyera a Massa, adem\u00e1s del Pro.<\/p>\n<p>En declaraciones a radio La Red, el diputado y ex intendente de Tigre dijo estar \u00abconvencido\u00bb de llegar al balotaje, donde deber\u00e1 triunfar sobre Mauricio Macri (Cambiemos) en primera vuelta e incluso ganarle a Scioli el 22 de noviembre.<\/p>\n<p>Consultado sobre el encuentro de su aliado, el gobernador de C\u00f3rdoba, Jos\u00e9 Manuel de la Sota, con el lider del PRO, Massa neg\u00f3 un acuerdo entre ambos y explic\u00f3 que \u00abes importante convocar a todos y escuchar a todos, porque para poder ganar tenemos que tener los brazos abiertos y una mirada integral del pa\u00eds\u00bb.<\/p>\n<p>Sobre su plan econ\u00f3mico, el l\u00edder renovador remarc\u00f3 que su fuerza tiene \u00abun programa de desarrollo de pa\u00eds distinto al de Macri y al de Scioli\u00bb, y consider\u00f3 que la Argentina \u00abtiene que tener un nuevo sistema tributario y mejorar el acceso al trabajo de los j\u00f3venes\u00bb.<\/p>\n","protected":false},"excerpt":{"rendered":"<p>El candidato presidencial del Frente Renovador a\u00fan as\u00ed se mostr\u00f3 \u00abconvencido\u00bb de su triunfo si llegara a competir en un eventual balotaje frente al candidato del FpV, Daniel Scioli.<\/p>\n","protected":false},"author":4,"featured_media":0,"comment_status":"open","ping_status":"open","sticky":false,"template":"","format":"standard","meta":{"_jetpack_newsletter_access":"","_jetpack_dont_email_post_to_subs":false,"_jetpack_newsletter_tier_id":0,"_jetpack_memberships_contains_paywalled_content":false,"_jetpack_memberships_contains_paid_content":false,"footnotes":""},"categories":[51],"tags":[],"class_list":["post-72547","post","type-post","status-publish","format-standard","hentry","category-politica"],"jetpack_shortlink":"https:\/\/wp.me\/p2JWE0-iS7","jetpack-related-posts":[{"id":120588,"url":"http:\/\/www.24baires.com\/?p=120588","url_meta":{"origin":72547,"position":0},"title":"Desde el radicalismo advirtieron que Juntos podr\u00eda romperse","author":"GB","date":"25\/10\/2023","format":false,"excerpt":"Dirigentes del radicalismo advirtieron que Juntos por el Cambio podr\u00e1 romperse si el PRO decide apoyar a Javier Milei. Ernesto Sanz, exsenador, expresidente de la Uni\u00f3n C\u00edvica Radical (UCR) y uno de los fundadores de Cambiemos, advirti\u00f3 sobre la posibilidad de una ruptura de la coalici\u00f3n opositora Juntos por el\u2026","rel":"","context":"En \u00abPol\u00edtica\u00bb","block_context":{"text":"Pol\u00edtica","link":"http:\/\/www.24baires.com\/?cat=51"},"img":{"alt_text":"","src":"https:\/\/i0.wp.com\/www.24baires.com\/wp-content\/uploads\/2023\/10\/jxc.jpg?resize=350%2C200","width":350,"height":200,"srcset":"https:\/\/i0.wp.com\/www.24baires.com\/wp-content\/uploads\/2023\/10\/jxc.jpg?resize=350%2C200 1x, https:\/\/i0.wp.com\/www.24baires.com\/wp-content\/uploads\/2023\/10\/jxc.jpg?resize=525%2C300 1.5x, https:\/\/i0.wp.com\/www.24baires.com\/wp-content\/uploads\/2023\/10\/jxc.jpg?resize=700%2C400 2x"},"classes":[]},{"id":120608,"url":"http:\/\/www.24baires.com\/?p=120608","url_meta":{"origin":72547,"position":1},"title":"El Partido Socialista explicit\u00f3 su apoyo a Massa","author":"AF","date":"01\/11\/2023","format":false,"excerpt":"Espantado por Milei, el espacio que hasta hace unos d\u00edas segu\u00eda siendo parte integrante de Juntos por el Cambio, se pronunci\u00f3 por el candidato de Uni\u00f3n por la Patria. En contraste con la neutralidad expl\u00edcita manifestada por el Frente de Izquierda y parte de la UCR, el Partido Socialista anunci\u00f3\u2026","rel":"","context":"En \u00abPol\u00edtica\u00bb","block_context":{"text":"Pol\u00edtica","link":"http:\/\/www.24baires.com\/?cat=51"},"img":{"alt_text":"","src":"https:\/\/i0.wp.com\/www.24baires.com\/wp-content\/uploads\/2023\/11\/WhatsApp-Image-2023-11-01-at-20.46.14.jpeg?resize=350%2C200","width":350,"height":200,"srcset":"https:\/\/i0.wp.com\/www.24baires.com\/wp-content\/uploads\/2023\/11\/WhatsApp-Image-2023-11-01-at-20.46.14.jpeg?resize=350%2C200 1x, https:\/\/i0.wp.com\/www.24baires.com\/wp-content\/uploads\/2023\/11\/WhatsApp-Image-2023-11-01-at-20.46.14.jpeg?resize=525%2C300 1.5x, https:\/\/i0.wp.com\/www.24baires.com\/wp-content\/uploads\/2023\/11\/WhatsApp-Image-2023-11-01-at-20.46.14.jpeg?resize=700%2C400 2x, https:\/\/i0.wp.com\/www.24baires.com\/wp-content\/uploads\/2023\/11\/WhatsApp-Image-2023-11-01-at-20.46.14.jpeg?resize=1050%2C600 3x"},"classes":[]},{"id":120603,"url":"http:\/\/www.24baires.com\/?p=120603","url_meta":{"origin":72547,"position":2},"title":"Cristina, de cara al balotaje: \u00abDe ac\u00e1 al 19 pongamos todo el esfuerzo\u00bb","author":"GB","date":"30\/10\/2023","format":false,"excerpt":"Ante el cruce que tendr\u00e1 como protagonistas a Sergio Massa y Javier Milei, la referente del kirchnerismo inst\u00f3 a la militancia a luchar por \"el triunfo de Uni\u00f3n por la Patria\". De cara al balotaje del pr\u00f3ximo 19 de noviembre, la vicepresidenta Cristina Kirchner pidi\u00f3 a la militancia que haga\u2026","rel":"","context":"En \u00abElecciones\u00bb","block_context":{"text":"Elecciones","link":"http:\/\/www.24baires.com\/?cat=316"},"img":{"alt_text":"","src":"https:\/\/i0.wp.com\/www.24baires.com\/wp-content\/uploads\/2022\/09\/cristinakirchnerjpg.jpg?resize=350%2C200","width":350,"height":200,"srcset":"https:\/\/i0.wp.com\/www.24baires.com\/wp-content\/uploads\/2022\/09\/cristinakirchnerjpg.jpg?resize=350%2C200 1x, https:\/\/i0.wp.com\/www.24baires.com\/wp-content\/uploads\/2022\/09\/cristinakirchnerjpg.jpg?resize=525%2C300 1.5x, https:\/\/i0.wp.com\/www.24baires.com\/wp-content\/uploads\/2022\/09\/cristinakirchnerjpg.jpg?resize=700%2C400 2x"},"classes":[]},{"id":107751,"url":"http:\/\/www.24baires.com\/?p=107751","url_meta":{"origin":72547,"position":3},"title":"Para Grabois, CFK \u201cno tiene motivos ni derecho a renunciar\u201d a su candidatura","author":"GB","date":"22\/04\/2019","format":false,"excerpt":"El joven dirigente social dej\u00f3 en claro que el silencio de la expresidenta pone impaciente a su militancia. Argumentando sobre la responsabilidad hist\u00f3rica de Cristina, consider\u00f3 que \u201cya no hay tiempo\u201d para construir otros candidatos que puedan ganarle a Macri. A cuatro meses exactos de las PASO, ciertos sectores de\u2026","rel":"","context":"En \u00abPol\u00edtica\u00bb","block_context":{"text":"Pol\u00edtica","link":"http:\/\/www.24baires.com\/?cat=51"},"img":{"alt_text":"","src":"https:\/\/i0.wp.com\/www.24baires.com\/wp-content\/uploads\/2015\/10\/cfk-caleta.jpg?resize=350%2C200","width":350,"height":200,"srcset":"https:\/\/i0.wp.com\/www.24baires.com\/wp-content\/uploads\/2015\/10\/cfk-caleta.jpg?resize=350%2C200 1x, https:\/\/i0.wp.com\/www.24baires.com\/wp-content\/uploads\/2015\/10\/cfk-caleta.jpg?resize=525%2C300 1.5x"},"classes":[]},{"id":120670,"url":"http:\/\/www.24baires.com\/?p=120670","url_meta":{"origin":72547,"position":4},"title":"De \u00faltimo minuto: un intendente del PRO revel\u00f3 que votar\u00e1 a Massa","author":"GB","date":"17\/11\/2023","format":false,"excerpt":"El candidato larretista, reelecto con m\u00e1s del 50%, asegur\u00f3 que este domingo se eligen entre dos \"opciones muy distintas\" y que por eso se inclinar\u00e1 por el candidato que mantiene \"respeto por la democracia\". A pocos d\u00edas del balotaje y horas antes de que inicie la veda, Sebasti\u00e1n Abella, intendente\u2026","rel":"","context":"En \u00abMunicipios\u00bb","block_context":{"text":"Municipios","link":"http:\/\/www.24baires.com\/?cat=44"},"img":{"alt_text":"","src":"https:\/\/i0.wp.com\/www.24baires.com\/wp-content\/uploads\/2023\/11\/intendente.jpeg?resize=350%2C200","width":350,"height":200,"srcset":"https:\/\/i0.wp.com\/www.24baires.com\/wp-content\/uploads\/2023\/11\/intendente.jpeg?resize=350%2C200 1x, https:\/\/i0.wp.com\/www.24baires.com\/wp-content\/uploads\/2023\/11\/intendente.jpeg?resize=525%2C300 1.5x, https:\/\/i0.wp.com\/www.24baires.com\/wp-content\/uploads\/2023\/11\/intendente.jpeg?resize=700%2C400 2x"},"classes":[]},{"id":110766,"url":"http:\/\/www.24baires.com\/?p=110766","url_meta":{"origin":72547,"position":5},"title":"\u00abCambiemos\u00bb pasa a llamarse \u00abJuntos por el cambio\u00bb","author":"AF","date":"12\/06\/2019","format":false,"excerpt":"Tras anunciar el acuerdo con Miguel Pichetto para que acompa\u00f1e a Mauricio Macri en la f\u00f3rmula presidencial, el oficialismo realiz\u00f3 una lavada de cara al m\u00e1rketing electoral. Con la necesidad de reinventarse de cara a las presidenciales de 2019, el Gobierno confirm\u00f3 que \"Juntos por el Cambio\" ser\u00e1 el nombre\u2026","rel":"","context":"En \u00abPol\u00edtica\u00bb","block_context":{"text":"Pol\u00edtica","link":"http:\/\/www.24baires.com\/?cat=51"},"img":{"alt_text":"","src":"https:\/\/i0.wp.com\/www.24baires.com\/wp-content\/uploads\/2019\/03\/MACRI-CONGRESO.png?resize=350%2C200","width":350,"height":200,"srcset":"https:\/\/i0.wp.com\/www.24baires.com\/wp-content\/uploads\/2019\/03\/MACRI-CONGRESO.png?resize=350%2C200 1x, https:\/\/i0.wp.com\/www.24baires.com\/wp-content\/uploads\/2019\/03\/MACRI-CONGRESO.png?resize=525%2C300 1.5x"},"classes":[]}],"jetpack_sharing_enabled":true,"jetpack_likes_enabled":true,"jetpack_featured_media_url":"","_links":{"self":[{"href":"http:\/\/www.24baires.com\/index.php?rest_route=\/wp\/v2\/posts\/72547","targetHints":{"allow":["GET"]}}],"collection":[{"href":"http:\/\/www.24baires.com\/index.php?rest_route=\/wp\/v2\/posts"}],"about":[{"href":"http:\/\/www.24baires.com\/index.php?rest_route=\/wp\/v2\/types\/post"}],"author":[{"embeddable":true,"href":"http:\/\/www.24baires.com\/index.php?rest_route=\/wp\/v2\/users\/4"}],"replies":[{"embeddable":true,"href":"http:\/\/www.24baires.com\/index.php?rest_route=%2Fwp%2Fv2%2Fcomments&post=72547"}],"version-history":[{"count":1,"href":"http:\/\/www.24baires.com\/index.php?rest_route=\/wp\/v2\/posts\/72547\/revisions"}],"predecessor-version":[{"id":72548,"href":"http:\/\/www.24baires.com\/index.php?rest_route=\/wp\/v2\/posts\/72547\/revisions\/72548"}],"wp:attachment":[{"href":"http:\/\/www.24baires.com\/index.php?rest_route=%2Fwp%2Fv2%2Fmedia&parent=72547"}],"wp:term":[{"taxonomy":"category","embeddable":true,"href":"http:\/\/www.24baires.com\/index.php?rest_route=%2Fwp%2Fv2%2Fcategories&post=72547"},{"taxonomy":"post_tag","embeddable":true,"href":"http:\/\/www.24baires.com\/index.php?rest_route=%2Fwp%2Fv2%2Ftags&post=72547"}],"curies":[{"name":"wp","href":"https:\/\/api.w.org\/{rel}","templated":true}]}}