{"id":72534,"date":"2015-09-23T10:30:56","date_gmt":"2015-09-23T13:30:56","guid":{"rendered":"http:\/\/www.24baires.com\/?p=72534"},"modified":"2015-09-24T10:55:30","modified_gmt":"2015-09-24T13:55:30","slug":"a-macri-no-le-importa-si-el-garrahan-se-desfinancia","status":"publish","type":"post","link":"http:\/\/www.24baires.com\/?p=72534","title":{"rendered":"\u00abA Macri no le importa si el Garrahan se desfinancia\u00bb"},"content":{"rendered":"<p><img data-recalc-dims=\"1\" loading=\"lazy\" decoding=\"async\" src=\"https:\/\/i0.wp.com\/www.24baires.com\/wp-content\/uploads\/2015\/01\/anibal.jpg?resize=560%2C373\" alt=\"anibal\" width=\"560\" height=\"373\" class=\"aligncenter size-full wp-image-60580\" srcset=\"https:\/\/i0.wp.com\/www.24baires.com\/wp-content\/uploads\/2015\/01\/anibal.jpg?w=560 560w, https:\/\/i0.wp.com\/www.24baires.com\/wp-content\/uploads\/2015\/01\/anibal.jpg?resize=300%2C200 300w\" sizes=\"auto, (max-width: 560px) 100vw, 560px\" \/>El Jefe de Gabinete y candidato a gobernador bonaerense, An\u00edbal Fern\u00e1ndez dijo adem\u00e1s que el hospital \u00abfunciona porque el Estado nacional sigue poniendo dinero y tapa los agujeros que genera el gobierno de la Ciudad\u00bb. <!--more--><\/p>\n<p>El Jefe de Gabinete y candidato a gobernador bonaerense, An\u00edbal Fern\u00e1ndez, sostuvo hoy que el hospital Garrahan \u00abfunciona porque el Estado nacional sigue poniendo dinero y tapa los agujeros que genera el gobierno de la Ciudad\u00bb, tras lo cual acus\u00f3 a Mauricio Macri de \u00abinmoral\u00bb y de no importarle \u00abnada lo que le pasa a los pibes\u00bb.<\/p>\n<p>Fern\u00e1ndez afirm\u00f3 que el nosocomio pedi\u00e1trico ubicado en la ciudad de Buenos Aires \u201cfunciona porque el Estado nacional sigue poniendo dinero y tapa los agujeros que generan; el nivel de ausencia del Gobierno de la Ciudad y la falta de respeto es superlativa\u201d, porque \u00abson inmorales\u00bb.<\/p>\n<p>En su habitual encuentro con periodistas al ingresar a la Casa de Gobierno, el funcionario se refiri\u00f3 a la falta de respuesta del gobierno porte\u00f1o sobre el recorte presupuestario para finalizar las obras de ampliaci\u00f3n del nuevo Centro de Atenci\u00f3n Integral del Paciente Oncol\u00f3gico, y al incumplimiento de la ley que establece que el centro de salud debe ser sostenido en partes iguales por los gobiernos nacional y municipal.<\/p>\n<p>Fern\u00e1ndez subray\u00f3 que al jefe de Gobierno porte\u00f1o \u201cno le importa nada de lo que le pasa a los pibes\u201d y calific\u00f3 como \u201cpol\u00edtica de represalias\u201d la que lleva adelante con el recorte de fondos.<\/p>\n<p>El funcionario record\u00f3 que el Hospital Garrahan est\u00e1 financiado en partes iguales por la Ciudad y la Naci\u00f3n, critic\u00f3 a las autoridades del Ministerio de Salud del gobierno porte\u00f1o y sostuvo que es \u201cinjusto que el 13 por ciento son pacientes porte\u00f1os y el resto tienen que ver con la provincia de Buenos Aires\u201d.<\/p>\n<p>Adem\u00e1s, remarc\u00f3 que \u201cm\u00e1s de 3,5 millones de bonaerenses llegan todos los d\u00edas a trabajar a la ciudad de Buenos Aires y durante su estad\u00eda generan gastos y pagan muchas cosas, las cuales contribuyen a los ingresos brutos de la ciudad de Buenos Aires\u201d.<\/p>\n<p>Destac\u00f3 tambi\u00e9n que el gobierno porte\u00f1o \u201csiempre \u00e9sta en la b\u00fasqueda\u201d de un recorte al presupuesto del nosocomio pedi\u00e1trico y que \u201chan dejado de pagar miles de veces y lo van a seguir haciendo\u00bb.<\/p>\n","protected":false},"excerpt":{"rendered":"<p>El Jefe de Gabinete y candidato a gobernador bonaerense, An\u00edbal Fern\u00e1ndez dijo adem\u00e1s que el hospital \u00abfunciona porque el Estado nacional sigue poniendo dinero y tapa los agujeros que genera el gobierno de la Ciudad\u00bb.<\/p>\n","protected":false},"author":4,"featured_media":0,"comment_status":"open","ping_status":"open","sticky":false,"template":"","format":"standard","meta":{"_jetpack_newsletter_access":"","_jetpack_dont_email_post_to_subs":false,"_jetpack_newsletter_tier_id":0,"_jetpack_memberships_contains_paywalled_content":false,"_jetpack_memberships_contains_paid_content":false,"footnotes":""},"categories":[51],"tags":[],"class_list":["post-72534","post","type-post","status-publish","format-standard","hentry","category-politica"],"jetpack_shortlink":"https:\/\/wp.me\/p2JWE0-iRU","jetpack-related-posts":[{"id":72600,"url":"http:\/\/www.24baires.com\/?p=72600","url_meta":{"origin":72534,"position":0},"title":"An\u00edbal Fern\u00e1ndez rechaz\u00f3 la postura de Macri frente al conflicto del Garrahan","author":"AF","date":"24\/09\/2015","format":false,"excerpt":"El jefe de Gabinete y candidato a gobernador bonaerense por el Frente para la Victoria (FPV), An\u00edbal Fern\u00e1ndez, sostuvo que \"no puede ser\" que el Gobierno sea la \"rueda de auxilio de personajes que no quieren resolver temas de gesti\u00f3n\" en alusi\u00f3n a Mauricio Macri, al ser consultado sobre el\u2026","rel":"","context":"En \u00abPol\u00edtica\u00bb","block_context":{"text":"Pol\u00edtica","link":"http:\/\/www.24baires.com\/?cat=51"},"img":{"alt_text":"anibal conferencia","src":"https:\/\/i0.wp.com\/www.24baires.com\/wp-content\/uploads\/2015\/04\/anibal-conferencia.jpg?resize=350%2C200","width":350,"height":200,"srcset":"https:\/\/i0.wp.com\/www.24baires.com\/wp-content\/uploads\/2015\/04\/anibal-conferencia.jpg?resize=350%2C200 1x, https:\/\/i0.wp.com\/www.24baires.com\/wp-content\/uploads\/2015\/04\/anibal-conferencia.jpg?resize=525%2C300 1.5x"},"classes":[]},{"id":72656,"url":"http:\/\/www.24baires.com\/?p=72656","url_meta":{"origin":72534,"position":1},"title":"\u00abEl Gobierno nacional ir\u00e1 a la Justicia por el desfinanciamiento del Garrahan\u00bb","author":"AF","date":"25\/09\/2015","format":false,"excerpt":"El jefe de Gabinete y candidato a gobernador bonaerense, An\u00edbal Fern\u00e1ndez, asegur\u00f3 hoy que el Gobierno nacional \u201cno se va quedar quieto\u201d, y anticip\u00f3 que \u201cse va a zanjar en la Justicia\u201d el conflicto respecto del hospital Garrahan, para que se cumpla la legislaci\u00f3n que indica que \"es 50 por\u2026","rel":"","context":"En \u00abPol\u00edtica\u00bb","block_context":{"text":"Pol\u00edtica","link":"http:\/\/www.24baires.com\/?cat=51"},"img":{"alt_text":"anibal","src":"https:\/\/i0.wp.com\/www.24baires.com\/wp-content\/uploads\/2015\/01\/anibal.jpg?resize=350%2C200","width":350,"height":200,"srcset":"https:\/\/i0.wp.com\/www.24baires.com\/wp-content\/uploads\/2015\/01\/anibal.jpg?resize=350%2C200 1x, https:\/\/i0.wp.com\/www.24baires.com\/wp-content\/uploads\/2015\/01\/anibal.jpg?resize=525%2C300 1.5x"},"classes":[]},{"id":103789,"url":"http:\/\/www.24baires.com\/?p=103789","url_meta":{"origin":72534,"position":2},"title":"\u00abEl blindaje al gobierno se termina cuando quer\u00e9s darle de comer a los pibes y no te alcanza\u00bb","author":"AF","date":"09\/08\/2018","format":false,"excerpt":"A contramano del remanido \"lo peor ya pas\u00f3\" del presidente Mauricio Macri, An\u00edbal Fern\u00e1ndez advirti\u00f3 que el estancamiento econ\u00f3mico y la crisis va camino a profundizarse a\u00fan m\u00e1s. El ex jefe de Gabinete de la Naci\u00f3n, An\u00edbal Fern\u00e1ndez carg\u00f3 este jueves con dureza contra el gobierno de Mauricio Macri, al\u2026","rel":"","context":"En \u00abPol\u00edtica\u00bb","block_context":{"text":"Pol\u00edtica","link":"http:\/\/www.24baires.com\/?cat=51"},"img":{"alt_text":"","src":"https:\/\/i0.wp.com\/www.24baires.com\/wp-content\/uploads\/2015\/08\/an%C3%ADbal-cierre.jpg?resize=350%2C200","width":350,"height":200,"srcset":"https:\/\/i0.wp.com\/www.24baires.com\/wp-content\/uploads\/2015\/08\/an%C3%ADbal-cierre.jpg?resize=350%2C200 1x, https:\/\/i0.wp.com\/www.24baires.com\/wp-content\/uploads\/2015\/08\/an%C3%ADbal-cierre.jpg?resize=525%2C300 1.5x"},"classes":[]},{"id":113184,"url":"http:\/\/www.24baires.com\/?p=113184","url_meta":{"origin":72534,"position":3},"title":"Kicillof ya defini\u00f3 parte de su gabinete","author":"AF","date":"28\/11\/2019","format":false,"excerpt":"Mientras define a sus colaboradores, el gobernador electo analiza postergar su asunci\u00f3n para el 11 de diciembre, para que no se superponga con el traspaso del mando presidencial. El gobernador electo de la provincia de Buenos Aires, Axel Kicillof, le da los \u00faltimos toques a su plan de gobierno y\u2026","rel":"","context":"En \u00abPol\u00edtica\u00bb","block_context":{"text":"Pol\u00edtica","link":"http:\/\/www.24baires.com\/?cat=51"},"img":{"alt_text":"","src":"https:\/\/i0.wp.com\/www.24baires.com\/wp-content\/uploads\/2019\/11\/kicillof.jpg?resize=350%2C200","width":350,"height":200,"srcset":"https:\/\/i0.wp.com\/www.24baires.com\/wp-content\/uploads\/2019\/11\/kicillof.jpg?resize=350%2C200 1x, https:\/\/i0.wp.com\/www.24baires.com\/wp-content\/uploads\/2019\/11\/kicillof.jpg?resize=525%2C300 1.5x"},"classes":[]},{"id":111729,"url":"http:\/\/www.24baires.com\/?p=111729","url_meta":{"origin":72534,"position":4},"title":"Gobernadores reclamaron compensaci\u00f3n por el costo de las medidas anunciadas por Macri","author":"AF","date":"21\/08\/2019","format":false,"excerpt":"El paquete de \"medidas de alivio\" lanzado por Macri tiene un costo fiscal de casi $52 mil millones que provendr\u00e1n de los fondos coparticipables que reciben las provincias. Los mandatarios exigen que se los compense. Un total de 19 gobernadores peronistas y de de las distintas fuerzas politicas provinciales criticaron\u2026","rel":"","context":"En \u00abPol\u00edtica\u00bb","block_context":{"text":"Pol\u00edtica","link":"http:\/\/www.24baires.com\/?cat=51"},"img":{"alt_text":"","src":"https:\/\/i0.wp.com\/www.24baires.com\/wp-content\/uploads\/2019\/08\/gobernadores.jpg?resize=350%2C200","width":350,"height":200,"srcset":"https:\/\/i0.wp.com\/www.24baires.com\/wp-content\/uploads\/2019\/08\/gobernadores.jpg?resize=350%2C200 1x, https:\/\/i0.wp.com\/www.24baires.com\/wp-content\/uploads\/2019\/08\/gobernadores.jpg?resize=525%2C300 1.5x"},"classes":[]},{"id":111708,"url":"http:\/\/www.24baires.com\/?p=111708","url_meta":{"origin":72534,"position":5},"title":"\u00abLo \u00fanico que produjo Macri en 4 a\u00f1os fue mayor pobreza\u00bb","author":"AF","date":"20\/08\/2019","format":false,"excerpt":"El candidato a presidente por el Frente de Todos fue entrevistado por Oscar Gonz\u00e1lez Oro en el programa \"Negro y Regreso\". Asegur\u00f3 que Mauricio Macri, para bajar la inflaci\u00f3n, \"us\u00f3 un mecanismo perverso\". El candidato a presidente por el Frente de Todos, Alberto Fern\u00e1ndez, asegur\u00f3 este martes que est\u00e1 dispuesto\u2026","rel":"","context":"En \u00abPol\u00edtica\u00bb","block_context":{"text":"Pol\u00edtica","link":"http:\/\/www.24baires.com\/?cat=51"},"img":{"alt_text":"","src":"https:\/\/i0.wp.com\/www.24baires.com\/wp-content\/uploads\/2019\/08\/oro-alberto.jpg?resize=350%2C200","width":350,"height":200,"srcset":"https:\/\/i0.wp.com\/www.24baires.com\/wp-content\/uploads\/2019\/08\/oro-alberto.jpg?resize=350%2C200 1x, https:\/\/i0.wp.com\/www.24baires.com\/wp-content\/uploads\/2019\/08\/oro-alberto.jpg?resize=525%2C300 1.5x"},"classes":[]}],"jetpack_sharing_enabled":true,"jetpack_likes_enabled":true,"jetpack_featured_media_url":"","_links":{"self":[{"href":"http:\/\/www.24baires.com\/index.php?rest_route=\/wp\/v2\/posts\/72534","targetHints":{"allow":["GET"]}}],"collection":[{"href":"http:\/\/www.24baires.com\/index.php?rest_route=\/wp\/v2\/posts"}],"about":[{"href":"http:\/\/www.24baires.com\/index.php?rest_route=\/wp\/v2\/types\/post"}],"author":[{"embeddable":true,"href":"http:\/\/www.24baires.com\/index.php?rest_route=\/wp\/v2\/users\/4"}],"replies":[{"embeddable":true,"href":"http:\/\/www.24baires.com\/index.php?rest_route=%2Fwp%2Fv2%2Fcomments&post=72534"}],"version-history":[{"count":2,"href":"http:\/\/www.24baires.com\/index.php?rest_route=\/wp\/v2\/posts\/72534\/revisions"}],"predecessor-version":[{"id":72537,"href":"http:\/\/www.24baires.com\/index.php?rest_route=\/wp\/v2\/posts\/72534\/revisions\/72537"}],"wp:attachment":[{"href":"http:\/\/www.24baires.com\/index.php?rest_route=%2Fwp%2Fv2%2Fmedia&parent=72534"}],"wp:term":[{"taxonomy":"category","embeddable":true,"href":"http:\/\/www.24baires.com\/index.php?rest_route=%2Fwp%2Fv2%2Fcategories&post=72534"},{"taxonomy":"post_tag","embeddable":true,"href":"http:\/\/www.24baires.com\/index.php?rest_route=%2Fwp%2Fv2%2Ftags&post=72534"}],"curies":[{"name":"wp","href":"https:\/\/api.w.org\/{rel}","templated":true}]}}