{"id":72531,"date":"2015-09-22T21:43:33","date_gmt":"2015-09-23T00:43:33","guid":{"rendered":"http:\/\/www.24baires.com\/?p=72531"},"modified":"2015-09-22T21:43:33","modified_gmt":"2015-09-23T00:43:33","slug":"alicia-kirchner-tener-responsabilidades-politicas-es-jugarse-por-el-otro","status":"publish","type":"post","link":"http:\/\/www.24baires.com\/?p=72531","title":{"rendered":"Alicia Kirchner: \u201cTener responsabilidades pol\u00edticas es jugarse por el otro\u201d"},"content":{"rendered":"<p>La ministra de Desarrollo Social de la Naci\u00f3n, Alicia Kirchner, sostuvo que \u00abtener responsabilidades pol\u00edticas es jugarse por el otro y los desaf\u00edos que vienen nos tienen que encontrar siempre trabajando con compromiso\u00bb, al visitar este mediod\u00eda Punta Quilla en Puerto Santa Cruz y por la tarde encabezar un acto en el Centro Integrador Comunitario (CIC) de Puerto San Juli\u00e1n.<!--more--><\/p>\n<p>En Punta Quilla recorri\u00f3 las obras de la represa \u201cN\u00e9stor Kirchner\u201d y dialog\u00f3 con los trabajadores y los representantes de la Empresa Hanse &amp; C\u00eda, a quienes les expres\u00f3 que la obra \u00abdar\u00e1 vuelta la historia de la regi\u00f3n y del pa\u00eds\u00bb.<\/p>\n<p>\u00abComo santacruce\u00f1a siento un especial orgullo porque es la primera que est\u00e1 asentada sobre aguas enteramente argentinas\u201d, asegur\u00f3 la tambi\u00e9n candidata a gobernadora provincial por el Frente para la Victoria.<\/p>\n<p>Seg\u00fan consigna un comunicado, m\u00e1s tarde, la funcionaria nacional fue recibida por el intendente de San Juli\u00e1n, Nelson Gleadell, tras lo cual se reuni\u00f3 con representantes del Hospital Distrital \u201cDr. Miguel Lombardich\u201d e integrantes de su Asociaci\u00f3n Cooperadora.<\/p>\n<p>Posteriormente, en el CIC de Puerto San Juli\u00e1n, la titular de la cartera social entreg\u00f3 400 juegos de s\u00e1banas para los dispositivos socio-sanitarios locales.<\/p>\n<p>Asimismo, se efectivizaron \u00f3rdenes de pago para el fortalecimiento de instituciones de la comunidad como escuelas, clubes y organizaciones y para la compra de insumos y equipamiento del Hospital Distrital, con una inversi\u00f3n de m\u00e1s de $1.500.000.<\/p>\n<p>\u201cMuchos se equivocan en la aplicaci\u00f3n de las pol\u00edticas p\u00fablicas porque hablan de gasto social\u201d, se\u00f1al\u00f3 la funcionaria y agreg\u00f3: \u201cNosotros no hablamos de gasto, sino de inversi\u00f3n social y esta mirada implica hacernos cargo, tener convicciones, ir para adelante\u201d.<\/p>\n<p>\u00abTener responsabilidades pol\u00edticas es jugarse por el otro y los desaf\u00edos que vienen nos tienen que encontrar siempre trabajando, con compromiso, convicciones y al lado del otro\u00bb, subray\u00f3.<\/p>\n<p>Por \u00faltimo, Alicia Kirchner se traslad\u00f3 al Barrio G\u00fcemes, donde visit\u00f3 una escuela y recorri\u00f3 las obras que se est\u00e1n realizando en el polideportivo municipal.<\/p>\n<p>La comitiva estuvo integrada por el asesor de la Unidad Ministro, Claudio Garc\u00eda, el intendente de R\u00edo Turbio, Mat\u00edas Maz\u00fa, los diputados por el pueblo Federico Bodlovic (Comandante Piedrabuena), Leonardo \u00c1lvarez (San Juli\u00e1n) y Alejandro Victoria (Puerto Santa Cruz), los concejales Ignacio Su\u00e1rez More (San Juli\u00e1n) y Miriam Alonso (Puerto Deseado) y el responsable del Centro de Referencia, Ariel Fern\u00e1ndez.<\/p>\n","protected":false},"excerpt":{"rendered":"<p>La ministra de Desarrollo Social de la Naci\u00f3n, Alicia Kirchner, sostuvo que \u00abtener responsabilidades pol\u00edticas es jugarse por el otro y los desaf\u00edos que vienen nos tienen que encontrar siempre trabajando con compromiso\u00bb, al visitar este mediod\u00eda Punta Quilla en Puerto Santa Cruz y por la tarde encabezar un acto en el Centro Integrador Comunitario (CIC) de Puerto San Juli\u00e1n.<\/p>\n","protected":false},"author":8,"featured_media":0,"comment_status":"open","ping_status":"open","sticky":false,"template":"","format":"standard","meta":{"_jetpack_newsletter_access":"","_jetpack_dont_email_post_to_subs":false,"_jetpack_newsletter_tier_id":0,"_jetpack_memberships_contains_paywalled_content":false,"_jetpack_memberships_contains_paid_content":false,"footnotes":""},"categories":[51],"tags":[],"class_list":["post-72531","post","type-post","status-publish","format-standard","hentry","category-politica"],"jetpack_shortlink":"https:\/\/wp.me\/p2JWE0-iRR","jetpack-related-posts":[{"id":6330,"url":"http:\/\/www.24baires.com\/?p=6330","url_meta":{"origin":72531,"position":0},"title":"Alicia Kirchner inaugur\u00f3 un nuevo acceso a Magdalena","author":"AF","date":"22\/11\/2012","format":false,"excerpt":"El intendente Fernando Carballo, junto a la ministra de Desarrollo Social de la naci\u00f3n Alicia Kirchner, inauguraron el nuevo acceso al municipio de Magdalena denominado \"Presidente N\u00e9stor Kirchner\". En el marco del 236\u00b0 aniversario del distrito de Magdalena, la ministra de Desarrollo Social de la naci\u00f3n Alicia Kirchner, visit\u00f3 el\u2026","rel":"","context":"En \u00abLocales\u00bb","block_context":{"text":"Locales","link":"http:\/\/www.24baires.com\/?cat=38"},"img":{"alt_text":"","src":"https:\/\/i0.wp.com\/www.24baires.com\/wp-content\/uploads\/2012\/11\/kirchner-alicia.jpeg?resize=350%2C200","width":350,"height":200},"classes":[]},{"id":112689,"url":"http:\/\/www.24baires.com\/?p=112689","url_meta":{"origin":72531,"position":1},"title":"Vot\u00f3 Alberto y record\u00f3 a N\u00e9stor: \u201cestoy seguro que me est\u00e1 ayudando\u00bb","author":"GB","date":"27\/10\/2019","format":false,"excerpt":"El candidato a presidente del Frente de Todos emitir\u00e1 su voto en la mesa 68 de la Universidad Cat\u00f3lica Argentina (UCA), en Puerto Madero. En la previa, record\u00f3 a N\u00e9stor Kirchner al cumplirse nueve a\u00f1os de su fallecimiento. El candidato a presidente del Frente de Todos, Alberto Fern\u00e1ndez, emiti\u00f3 su\u2026","rel":"","context":"En \u00abELECCIONES 2019\u00bb","block_context":{"text":"ELECCIONES 2019","link":"http:\/\/www.24baires.com\/?cat=329"},"img":{"alt_text":"","src":"https:\/\/i0.wp.com\/www.24baires.com\/wp-content\/uploads\/2019\/10\/alberto.jpg?resize=350%2C200","width":350,"height":200,"srcset":"https:\/\/i0.wp.com\/www.24baires.com\/wp-content\/uploads\/2019\/10\/alberto.jpg?resize=350%2C200 1x, https:\/\/i0.wp.com\/www.24baires.com\/wp-content\/uploads\/2019\/10\/alberto.jpg?resize=525%2C300 1.5x"},"classes":[]},{"id":26241,"url":"http:\/\/www.24baires.com\/?p=26241","url_meta":{"origin":72531,"position":2},"title":"Alicia Kirchner: \u00abLa libertad es el pulm\u00f3n de los pueblos y la Justicia tiene que asegurarla\u00bb","author":"Grupo Sierra","date":"17\/06\/2013","format":false,"excerpt":"La Ministra de Desarrollo Social expres\u00f3 hoy en una jornada sobre \"Democratizaci\u00f3n de la Justicia\" que \"la libertad es el pulm\u00f3n de los pueblos y la Justicia tiene que asegurarla\", dando un en\u00e9rgico respaldo a la reforma judicial. \"A 30 a\u00f1os de la vuelta de la democracia todav\u00eda falta resolver\u2026","rel":"","context":"En \u00abPol\u00edtica\u00bb","block_context":{"text":"Pol\u00edtica","link":"http:\/\/www.24baires.com\/?cat=51"},"img":{"alt_text":"kirchner alicia","src":"https:\/\/i0.wp.com\/www.24baires.com\/wp-content\/uploads\/2012\/10\/kirchner-alicia.jpg?resize=350%2C200","width":350,"height":200,"srcset":"https:\/\/i0.wp.com\/www.24baires.com\/wp-content\/uploads\/2012\/10\/kirchner-alicia.jpg?resize=350%2C200 1x, https:\/\/i0.wp.com\/www.24baires.com\/wp-content\/uploads\/2012\/10\/kirchner-alicia.jpg?resize=525%2C300 1.5x"},"classes":[]},{"id":49764,"url":"http:\/\/www.24baires.com\/?p=49764","url_meta":{"origin":72531,"position":3},"title":"\u00abEntre todos vamos a demostrar al mundo que podemos\u201d, enfatiz\u00f3 Alicia Kirchner","author":"GB","date":"13\/07\/2014","format":false,"excerpt":"La ministra de Desarrollo Social de la Naci\u00f3n, Alicia Kirchner, sostuvo que \"lleg\u00f3 la hora de que todos, m\u00e1s all\u00e1 de nuestras identificaciones partidarias, apoyemos al pa\u00eds frente a los buitres\" y afirm\u00f3 que \"entre todos vamos a demostrarle al mundo que podemos\". En un art\u00edculo de opini\u00f3n publicado hoy\u2026","rel":"","context":"En \u00abPol\u00edtica\u00bb","block_context":{"text":"Pol\u00edtica","link":"http:\/\/www.24baires.com\/?cat=51"},"img":{"alt_text":"ALicia k","src":"https:\/\/i0.wp.com\/www.24baires.com\/wp-content\/uploads\/2013\/09\/ALicia-k-300x200.jpg?resize=350%2C200","width":350,"height":200},"classes":[]},{"id":106193,"url":"http:\/\/www.24baires.com\/?p=106193","url_meta":{"origin":72531,"position":4},"title":"Macri visitar\u00e1 Santa Cruz por primera vez desde que es Presidente","author":"AF","date":"03\/01\/2019","format":false,"excerpt":"Fuentes oficiales confirmaron el viaje, aunque no hay un dato certero de la fecha. Tambi\u00e9n ir\u00e1 a Tierra del Fuego, otra provincia con la que tiene una reuni\u00f3n tensa. No se sabe si se reunir\u00e1 con Alicia Kirchner. El presidente Mauricio Macri visitar\u00e1 pr\u00f3ximamente las dos \u00fanicas provincias en las\u2026","rel":"","context":"En \u00abPol\u00edtica\u00bb","block_context":{"text":"Pol\u00edtica","link":"http:\/\/www.24baires.com\/?cat=51"},"img":{"alt_text":"","src":"https:\/\/i0.wp.com\/www.24baires.com\/wp-content\/uploads\/2019\/01\/alicia-kirchner-macri.jpg?resize=350%2C200","width":350,"height":200,"srcset":"https:\/\/i0.wp.com\/www.24baires.com\/wp-content\/uploads\/2019\/01\/alicia-kirchner-macri.jpg?resize=350%2C200 1x, https:\/\/i0.wp.com\/www.24baires.com\/wp-content\/uploads\/2019\/01\/alicia-kirchner-macri.jpg?resize=525%2C300 1.5x"},"classes":[]},{"id":100442,"url":"http:\/\/www.24baires.com\/?p=100442","url_meta":{"origin":72531,"position":5},"title":"CFK: \u00abEl \u00fanico argumento es la persecuci\u00f3n pol\u00edtica\u00bb","author":"AF","date":"08\/02\/2018","format":false,"excerpt":"La ex presidenta atribuy\u00f3 la denuncia por \"da\u00f1os y perjuicios\" por 22.500 millones pesos de Javier Iguacel, titular de Vialidad, a la campa\u00f1a instrumentada en su contra por el Gobierno. Marc\u00f3 las contradicciones de la presentaci\u00f3n judicial y pidi\u00f3 que se cite como testigos a todos los que fueron jefes\u2026","rel":"","context":"En \u00abPol\u00edtica\u00bb","block_context":{"text":"Pol\u00edtica","link":"http:\/\/www.24baires.com\/?cat=51"},"img":{"alt_text":"","src":"https:\/\/i0.wp.com\/www.24baires.com\/wp-content\/uploads\/2017\/09\/cristina.jpg?resize=350%2C200","width":350,"height":200,"srcset":"https:\/\/i0.wp.com\/www.24baires.com\/wp-content\/uploads\/2017\/09\/cristina.jpg?resize=350%2C200 1x, https:\/\/i0.wp.com\/www.24baires.com\/wp-content\/uploads\/2017\/09\/cristina.jpg?resize=525%2C300 1.5x"},"classes":[]}],"jetpack_sharing_enabled":true,"jetpack_likes_enabled":true,"jetpack_featured_media_url":"","_links":{"self":[{"href":"http:\/\/www.24baires.com\/index.php?rest_route=\/wp\/v2\/posts\/72531","targetHints":{"allow":["GET"]}}],"collection":[{"href":"http:\/\/www.24baires.com\/index.php?rest_route=\/wp\/v2\/posts"}],"about":[{"href":"http:\/\/www.24baires.com\/index.php?rest_route=\/wp\/v2\/types\/post"}],"author":[{"embeddable":true,"href":"http:\/\/www.24baires.com\/index.php?rest_route=\/wp\/v2\/users\/8"}],"replies":[{"embeddable":true,"href":"http:\/\/www.24baires.com\/index.php?rest_route=%2Fwp%2Fv2%2Fcomments&post=72531"}],"version-history":[{"count":1,"href":"http:\/\/www.24baires.com\/index.php?rest_route=\/wp\/v2\/posts\/72531\/revisions"}],"predecessor-version":[{"id":72532,"href":"http:\/\/www.24baires.com\/index.php?rest_route=\/wp\/v2\/posts\/72531\/revisions\/72532"}],"wp:attachment":[{"href":"http:\/\/www.24baires.com\/index.php?rest_route=%2Fwp%2Fv2%2Fmedia&parent=72531"}],"wp:term":[{"taxonomy":"category","embeddable":true,"href":"http:\/\/www.24baires.com\/index.php?rest_route=%2Fwp%2Fv2%2Fcategories&post=72531"},{"taxonomy":"post_tag","embeddable":true,"href":"http:\/\/www.24baires.com\/index.php?rest_route=%2Fwp%2Fv2%2Ftags&post=72531"}],"curies":[{"name":"wp","href":"https:\/\/api.w.org\/{rel}","templated":true}]}}