{"id":72513,"date":"2015-09-22T19:10:06","date_gmt":"2015-09-22T22:10:06","guid":{"rendered":"http:\/\/www.24baires.com\/?p=72513"},"modified":"2015-09-22T19:10:06","modified_gmt":"2015-09-22T22:10:06","slug":"emitieron-dictamen-del-proyecto-que-protege-acciones-del-estado","status":"publish","type":"post","link":"http:\/\/www.24baires.com\/?p=72513","title":{"rendered":"Emitieron dictamen del proyecto que protege acciones del Estado"},"content":{"rendered":"<p><img data-recalc-dims=\"1\" loading=\"lazy\" decoding=\"async\" class=\"aligncenter size-full wp-image-54620\" src=\"https:\/\/i0.wp.com\/www.24baires.com\/wp-content\/uploads\/2014\/10\/c%C3%B3digo-civil-diputados-c%C3%A1mara.jpg?resize=560%2C373\" alt=\"c\u00f3digo civil diputados c\u00e1mara\" width=\"560\" height=\"373\" srcset=\"https:\/\/i0.wp.com\/www.24baires.com\/wp-content\/uploads\/2014\/10\/c%C3%B3digo-civil-diputados-c%C3%A1mara.jpg?w=560 560w, https:\/\/i0.wp.com\/www.24baires.com\/wp-content\/uploads\/2014\/10\/c%C3%B3digo-civil-diputados-c%C3%A1mara.jpg?resize=300%2C199 300w\" sizes=\"auto, (max-width: 560px) 100vw, 560px\" \/>La iniciativa apunta a garantizar que no se puedan vender en el futuro las acciones que posee el Estado de empresas privadas sin el consenso de los dos tercios de ambos cuerpos del Parlamento.<br \/>\n<!--more--><\/p>\n<p>La decisi\u00f3n se adopt\u00f3 en un plenario de la comisi\u00f3n, que preside Roberto Feletti, en cuyo transcurso el oficialismo y sus aliados del Frente C\u00edvico de Santiago del Estero, Partido Solidario Si y el Movimiento Popular Neuquino respaldaron esta iniciativa que fue rechazada por la mayor\u00eda de la oposici\u00f3n.<\/p>\n<p>Fundamentos. La propuesta sostiene la necesidad de \u00abpromover el rol activo del Estado en la coordinaci\u00f3n de la gesti\u00f3n de los directores que representan al Estado Nacional o al FGS, para que la realizaci\u00f3n del inter\u00e9s societario se lleve a cabo resguardando el inter\u00e9s p\u00fablico comprometido en las participaciones societarias\u00bb.<\/p>\n<p>Tambi\u00e9n se crea la Agencia Nacional de Participaciones Estatales en Empresas (Anpee), que tendr\u00e1 a su cargo entender en la ejecuci\u00f3n de las pol\u00edticas y acciones que hacen al ejercicio de los derechos societarios de las participaciones accionarias o de capital de las empresas comprendidas en el proyecto.<\/p>\n<p>El proyecto apunta a \u00abcontribuir a la coordinaci\u00f3n estrat\u00e9gica de la pol\u00edtica econ\u00f3mica del Estado Nacional, orientada a la administraci\u00f3n unificada e integral de las empresas en que participa en forma minoritaria\u00bb a trav\u00e9s del FGS o del Ministerio de Econom\u00eda.<\/p>\n<p>Direcci\u00f3n de un nuevo organismo. Este nuevo organismo se conformar\u00e1 con un directorio y un consejo consultivo, previendo la conformaci\u00f3n de una Comisi\u00f3n Bicameral Permanente de Participaci\u00f3n Estatal en Empresas conformada por ocho miembros de Diputados y ocho del Senado.<\/p>\n<p>El directorio estar\u00e1 conformado por un presidente, ejercido por el Director Ejecutivo de la Anses, dos directores designados por el PEN (uno ser\u00e1 el Ministro de Econom\u00eda y el otro el Ministro de Industria), dos directores propuestos por la Comisi\u00f3n Bicameral: uno por la mayor\u00eda o primera minor\u00eda y otro por la primera minor\u00eda o segunda minor\u00eda.<\/p>\n<p>Adem\u00e1s, crea un consejo consultivo como asesor del Directorio que estar\u00e1 integrado por un representante del Ministerio de Econom\u00eda, uno del Ministerio de Industria, un integrante de la Anses y uno de la CGT.<\/p>\n<p>Los directores durar\u00e1n cuatro a\u00f1os en sus cargos y podr\u00e1n ser reelegidos por otro per\u00edodo, y s\u00f3lo podr\u00e1n ser removidos por mayor\u00eda simple si la causa de la remoci\u00f3n es una situaci\u00f3n de ilegalidad vinculada con una infracci\u00f3n a la Ley de \u00c9tica P\u00fablica.<\/p>\n<p>&nbsp;<\/p>\n<p>&nbsp;<\/p>\n<p>&nbsp;<\/p>\n<p>&nbsp;<\/p>\n<p>&nbsp;<\/p>\n<p>&nbsp;<\/p>\n<p>&nbsp;<\/p>\n<p>&nbsp;<\/p>\n<p>&nbsp;<\/p>\n<p>&nbsp;<\/p>\n","protected":false},"excerpt":{"rendered":"<p>La iniciativa apunta a garantizar que no se puedan vender en el futuro las acciones que posee el Estado de empresas privadas sin el consenso de los dos tercios de ambos cuerpos del Parlamento.<\/p>\n","protected":false},"author":8,"featured_media":0,"comment_status":"open","ping_status":"open","sticky":false,"template":"","format":"standard","meta":{"_jetpack_newsletter_access":"","_jetpack_dont_email_post_to_subs":false,"_jetpack_newsletter_tier_id":0,"_jetpack_memberships_contains_paywalled_content":false,"_jetpack_memberships_contains_paid_content":false,"footnotes":""},"categories":[51],"tags":[],"class_list":["post-72513","post","type-post","status-publish","format-standard","hentry","category-politica"],"jetpack_shortlink":"https:\/\/wp.me\/p2JWE0-iRz","jetpack-related-posts":[{"id":101685,"url":"http:\/\/www.24baires.com\/?p=101685","url_meta":{"origin":72513,"position":0},"title":"Quintana vender\u00e1 acciones de Farmacity tras dictamen de Procurador","author":"AF","date":"18\/04\/2018","format":false,"excerpt":"Tras la resoluci\u00f3n del procurador interino de la Corte que habilita el desembarco de Farmacity en la provincia, el vicejefe de Gabinete Mario Quintana reiter\u00f3 que \"antes de fin de a\u00f1o\" se desprender\u00e1 completamente de las acciones de esa compa\u00f1\u00eda, una participaci\u00f3n societaria que le genera cuestionamientos por posibles conflictos\u2026","rel":"","context":"En \u00abJUDICIALES\u00bb","block_context":{"text":"JUDICIALES","link":"http:\/\/www.24baires.com\/?cat=68"},"img":{"alt_text":"","src":"https:\/\/i0.wp.com\/www.24baires.com\/wp-content\/uploads\/2017\/10\/farmacity.jpg?resize=350%2C200","width":350,"height":200,"srcset":"https:\/\/i0.wp.com\/www.24baires.com\/wp-content\/uploads\/2017\/10\/farmacity.jpg?resize=350%2C200 1x, https:\/\/i0.wp.com\/www.24baires.com\/wp-content\/uploads\/2017\/10\/farmacity.jpg?resize=525%2C300 1.5x"},"classes":[]},{"id":100705,"url":"http:\/\/www.24baires.com\/?p=100705","url_meta":{"origin":72513,"position":1},"title":"Acusan a Flybondi por violaci\u00f3n de correspondencia","author":"AF","date":"23\/02\/2018","format":false,"excerpt":"La abogada que present\u00f3 recurso de amparo por irregularidades en el Aeropuerto de El Palomar, denunci\u00f3 a la empresa low cost. La abogada Claudia Sambro Merlo denunci\u00f3 en el Juzgado Nacional en lo Criminal y Correccional Federal N\u00b0 10, a cargo de Juli\u00e1n Ercolini a la empresa Fly Bondi. \"A\u2026","rel":"","context":"En \u00abSociedad\u00bb","block_context":{"text":"Sociedad","link":"http:\/\/www.24baires.com\/?cat=1"},"img":{"alt_text":"","src":"https:\/\/i0.wp.com\/www.24baires.com\/wp-content\/uploads\/2018\/02\/flybondi.jpg?resize=350%2C200","width":350,"height":200,"srcset":"https:\/\/i0.wp.com\/www.24baires.com\/wp-content\/uploads\/2018\/02\/flybondi.jpg?resize=350%2C200 1x, https:\/\/i0.wp.com\/www.24baires.com\/wp-content\/uploads\/2018\/02\/flybondi.jpg?resize=525%2C300 1.5x"},"classes":[]},{"id":63022,"url":"http:\/\/www.24baires.com\/?p=63022","url_meta":{"origin":72513,"position":2},"title":"La Corte orden\u00f3 una multa millonaria para Telef\u00f3nica","author":"Grupo Sierra","date":"11\/03\/2015","format":false,"excerpt":"Se confirm\u00f3 este mi\u00e9rcoles una multa aplicada Telef\u00f3nica y otras empresas que participaron de la denominada \"Operaci\u00f3n Telco\", con la que conformaron un grupo societario que hab\u00eda pasado a controlar a Telecom. En su fallo, el m\u00e1ximo tribunal del pa\u00eds se remiti\u00f3 a los fundamentos expuestos por la Procuradora General\u2026","rel":"","context":"En \u00abJUDICIALES\u00bb","block_context":{"text":"JUDICIALES","link":"http:\/\/www.24baires.com\/?cat=68"},"img":{"alt_text":"telefnica","src":"https:\/\/i0.wp.com\/www.24baires.com\/wp-content\/uploads\/2013\/12\/telefnica.jpg?resize=350%2C200","width":350,"height":200,"srcset":"https:\/\/i0.wp.com\/www.24baires.com\/wp-content\/uploads\/2013\/12\/telefnica.jpg?resize=350%2C200 1x, https:\/\/i0.wp.com\/www.24baires.com\/wp-content\/uploads\/2013\/12\/telefnica.jpg?resize=525%2C300 1.5x"},"classes":[]},{"id":46502,"url":"http:\/\/www.24baires.com\/?p=46502","url_meta":{"origin":72513,"position":3},"title":"\u00abEstamos estudiando que no haya v\u00ednculo societario entre las unidades en que se dividi\u00f3 Clar\u00edn\u00bb","author":"AF","date":"22\/05\/2014","format":false,"excerpt":"El titular de la Autoridad Federal de Servicios de Comunicaci\u00f3n Audiovisual (Afsca), Mart\u00edn Sabbatella, asegur\u00f3 que el organismo estudia el plan de adecuaci\u00f3n presentado por el Grupo Clar\u00edn para verificar que \"no haya v\u00ednculo societario\" entre las diferentes unidades empresariales que debieron conformarse en cumplimiento de la Ley de Medios.\u2026","rel":"","context":"En \u00abMedios\u00bb","block_context":{"text":"Medios","link":"http:\/\/www.24baires.com\/?cat=54"},"img":{"alt_text":"sabbatella","src":"https:\/\/i0.wp.com\/www.24baires.com\/wp-content\/uploads\/2012\/09\/sabbatella.jpg?resize=350%2C200","width":350,"height":200,"srcset":"https:\/\/i0.wp.com\/www.24baires.com\/wp-content\/uploads\/2012\/09\/sabbatella.jpg?resize=350%2C200 1x, https:\/\/i0.wp.com\/www.24baires.com\/wp-content\/uploads\/2012\/09\/sabbatella.jpg?resize=525%2C300 1.5x"},"classes":[]},{"id":83538,"url":"http:\/\/www.24baires.com\/?p=83538","url_meta":{"origin":72513,"position":4},"title":"Sabbatella denunci\u00f3 penalmente a Macri por evasi\u00f3n y defraudaci\u00f3n a la administraci\u00f3n p\u00fablica","author":"GB","date":"06\/06\/2016","format":false,"excerpt":"El ex titular de AFSCA present\u00f3 dos denuncias contra el Presidente de la Naci\u00f3n por su participaci\u00f3 societaria en el fideicomiso \"Caminito\". Lo acusa de haberlo beneficiado con una eximici\u00f3n tributaria cuando era jefe de Gobierno porte\u00f1o. Mart\u00edn Sabbatella present\u00f3 dos denuncias penales contra Mauricio Macri por su participaci\u00f3n societaria\u2026","rel":"","context":"En \u00abPol\u00edtica\u00bb","block_context":{"text":"Pol\u00edtica","link":"http:\/\/www.24baires.com\/?cat=51"},"img":{"alt_text":"sabbatella","src":"https:\/\/i0.wp.com\/www.24baires.com\/wp-content\/uploads\/2016\/01\/sabbatella.jpg?resize=350%2C200","width":350,"height":200,"srcset":"https:\/\/i0.wp.com\/www.24baires.com\/wp-content\/uploads\/2016\/01\/sabbatella.jpg?resize=350%2C200 1x, https:\/\/i0.wp.com\/www.24baires.com\/wp-content\/uploads\/2016\/01\/sabbatella.jpg?resize=525%2C300 1.5x"},"classes":[]},{"id":28032,"url":"http:\/\/www.24baires.com\/?p=28032","url_meta":{"origin":72513,"position":5},"title":"Impugnan la asamblea del Grupo Clar\u00edn en nombre del 9% de las acciones del Estado","author":"Grupo Sierra","date":"11\/07\/2013","format":false,"excerpt":"El secretario de Pol\u00edtica Econ\u00f3mica, Axel Kicillof, y el secretario de Comercio Interior, Guillermo Moreno, solicitaron ante la Justicia la nulidad de la \u00faltima Asamblea General Anual Ordinaria de Accionistas del Grupo Clar\u00edn, al fundamentar irregularidades que \u201cvulneraron los derechos de la minor\u00eda representada por la Anses\u201d. En la presentaci\u00f3n\u2026","rel":"","context":"En \u00abMedios\u00bb","block_context":{"text":"Medios","link":"http:\/\/www.24baires.com\/?cat=54"},"img":{"alt_text":"","src":"","width":0,"height":0},"classes":[]}],"jetpack_sharing_enabled":true,"jetpack_likes_enabled":true,"jetpack_featured_media_url":"","_links":{"self":[{"href":"http:\/\/www.24baires.com\/index.php?rest_route=\/wp\/v2\/posts\/72513","targetHints":{"allow":["GET"]}}],"collection":[{"href":"http:\/\/www.24baires.com\/index.php?rest_route=\/wp\/v2\/posts"}],"about":[{"href":"http:\/\/www.24baires.com\/index.php?rest_route=\/wp\/v2\/types\/post"}],"author":[{"embeddable":true,"href":"http:\/\/www.24baires.com\/index.php?rest_route=\/wp\/v2\/users\/8"}],"replies":[{"embeddable":true,"href":"http:\/\/www.24baires.com\/index.php?rest_route=%2Fwp%2Fv2%2Fcomments&post=72513"}],"version-history":[{"count":1,"href":"http:\/\/www.24baires.com\/index.php?rest_route=\/wp\/v2\/posts\/72513\/revisions"}],"predecessor-version":[{"id":72514,"href":"http:\/\/www.24baires.com\/index.php?rest_route=\/wp\/v2\/posts\/72513\/revisions\/72514"}],"wp:attachment":[{"href":"http:\/\/www.24baires.com\/index.php?rest_route=%2Fwp%2Fv2%2Fmedia&parent=72513"}],"wp:term":[{"taxonomy":"category","embeddable":true,"href":"http:\/\/www.24baires.com\/index.php?rest_route=%2Fwp%2Fv2%2Fcategories&post=72513"},{"taxonomy":"post_tag","embeddable":true,"href":"http:\/\/www.24baires.com\/index.php?rest_route=%2Fwp%2Fv2%2Ftags&post=72513"}],"curies":[{"name":"wp","href":"https:\/\/api.w.org\/{rel}","templated":true}]}}