{"id":72500,"date":"2015-09-22T16:00:05","date_gmt":"2015-09-22T19:00:05","guid":{"rendered":"http:\/\/www.24baires.com\/?p=72500"},"modified":"2015-09-23T11:04:57","modified_gmt":"2015-09-23T14:04:57","slug":"ni-un-paraiso-financiero-ni-un-paraiso-fiscal-quiero-un-paraiso-productivo","status":"publish","type":"post","link":"http:\/\/www.24baires.com\/?p=72500","title":{"rendered":"\u00abNi un para\u00edso financiero ni un para\u00edso fiscal, quiero un para\u00edso productivo\u00bb"},"content":{"rendered":"<p><img data-recalc-dims=\"1\" loading=\"lazy\" decoding=\"async\" class=\"aligncenter size-full wp-image-72134\" src=\"https:\/\/i0.wp.com\/www.24baires.com\/wp-content\/uploads\/2015\/09\/scioli1.jpg?resize=560%2C357\" alt=\"scioli\" width=\"560\" height=\"357\" srcset=\"https:\/\/i0.wp.com\/www.24baires.com\/wp-content\/uploads\/2015\/09\/scioli1.jpg?w=560 560w, https:\/\/i0.wp.com\/www.24baires.com\/wp-content\/uploads\/2015\/09\/scioli1.jpg?resize=300%2C191 300w\" sizes=\"auto, (max-width: 560px) 100vw, 560px\" \/>El candidato a presidente del FpV, Daniel Scioli, dijo que quiere de la Argentina \u00abun para\u00edso productivo\u00bb y adelant\u00f3 que con los fondos buitre \u00abno se negocia como sea, sino buscando un acuerdo justo\u00bb.<!--more--><\/p>\n<p>\u00abYa hemos visto los estragos que han hecho en las econom\u00edas reales con sus comportamientos especulativos\u00bb, enfatiz\u00f3 el actual gobernador de la provincia de Buenos Aires en declaraciones realizadas a Radio Mitre.<\/p>\n<p>Tambi\u00e9n en el orden econ\u00f3mico, Scioli se refiri\u00f3 al denominado por la prensa como \u00abcepo cambiario\u00bb y reflexion\u00f3 que \u00abcuando hablan de cepo tienen que mirar las reservas y el baj\u00edsimo nivel de deuda del pa\u00eds que es lo que nos da grandes posibilidades de obtener cr\u00e9ditos para, por ejemplo, construir un mill\u00f3n de viviendas\u00bb.<\/p>\n<p>En ese marco, Scioli adelant\u00f3 que ya esta buscando \u00abposibles inversores\u00bb sobretodo para el sector energ\u00e9tico ya que consider\u00f3 que eso \u00abva a descomprimir la necesidad de dolares para importar combustible y vamos a tener cada vez mas d\u00f3lares para el circuito productivo y eso es lo importante\u00bb destac\u00f3 el candidato oficialista y subray\u00f3 que la prioridad es \u00abel mercado y abastecimiento interno\u00bb.<\/p>\n<p>Por otro lado, adelant\u00f3 que de llegar a la m\u00e1xima magistratura habr\u00e1 \u00abm\u00e1s de un gobernador en su gabinete\u00bb y se mostr\u00f3 convencido que \u00ablas elecciones se definir\u00e1n en primera vuelta\u00bb.<\/p>\n<p>\u00abTengo en mente qu\u00e9 objetivos quiero que se cumplan en cada una de las \u00e1reas y le dar\u00e9 al gabinete un esp\u00edritu profundamente federal\u00bb, afirm\u00f3 en di\u00e1logo con Radio La Red el candidato.<\/p>\n<p>Scioli -quien present\u00f3 ayer su plan de gobierno en el Teatro \u00d3pera- insisti\u00f3 en que va a trabajar \u00abpara bajar gradualmente la inflaci\u00f3n\u00bb y que lo har\u00e1 \u00absin ajuste, aumentando la oferta y sin reducir la demanda\u00bb a la vez que aclar\u00f3 que no caer\u00e1 \u00aben las viejas recetas del pasado que proponen desde otros sectores\u00bb.<\/p>\n<p>Adem\u00e1s, contextualiz\u00f3 que \u00ablos argentinos vamos a ir a votar el 25 de octubre con la tasa m\u00e1s baja de deuda, con el porcentaje m\u00e1s bajo de desocupaci\u00f3n y mortalidad infantil, y el nivel m\u00e1s estable de reservas\u00bb.<\/p>\n<p>En otro orden, Scioli rechaz\u00f3 los \u00abrumores e hip\u00f3tesis pol\u00edticas retorcidas\u00bb que trascendieron en algunos medios y que sosten\u00edan que hab\u00eda mantenido una reuni\u00f3n con el candidato presidencial de UNA, Sergio Massa, y dijo que no se ocupa de \u00ablo que hacen los otros\u00bb sino que pone su esfuerzo en \u00abpreparar su proyecto y que sus ideas lleguen con claridad a la gente\u00bb.<\/p>\n<p>El bonaerense se defini\u00f3, adem\u00e1s, como un referente pol\u00edtico \u00abcapaz de integrar un amplio abanico de sectores que abarca empresarios, organizaciones gremiales, gobernadores, legisladores y l\u00edderes de la regi\u00f3n\u00bb y defini\u00f3 a este colectivo que lo acompa\u00f1a como \u00abel c\u00edrculo celeste y blanco\u00bb.<\/p>\n<p>En referencia a la posibilidad de participar del debate entre los diferentes candidatos presidenciales, el gobernador propuso que se institucionalice \u00abbajo una ley en el marco del Congreso de la Naci\u00f3n tal como est\u00e1 implementado en Brasil\u00bb.<\/p>\n","protected":false},"excerpt":{"rendered":"<p>El candidato a presidente del FpV, Daniel Scioli, dijo que quiere de la Argentina \u00abun para\u00edso productivo\u00bb y adelant\u00f3 que con los fondos buitre \u00abno se negocia como sea, sino buscando un acuerdo justo\u00bb.<\/p>\n","protected":false},"author":8,"featured_media":0,"comment_status":"open","ping_status":"open","sticky":false,"template":"","format":"standard","meta":{"_jetpack_newsletter_access":"","_jetpack_dont_email_post_to_subs":false,"_jetpack_newsletter_tier_id":0,"_jetpack_memberships_contains_paywalled_content":false,"_jetpack_memberships_contains_paid_content":false,"footnotes":""},"categories":[51],"tags":[],"class_list":["post-72500","post","type-post","status-publish","format-standard","hentry","category-politica"],"jetpack_shortlink":"https:\/\/wp.me\/p2JWE0-iRm","jetpack-related-posts":[{"id":74853,"url":"http:\/\/www.24baires.com\/?p=74853","url_meta":{"origin":72500,"position":0},"title":"\u00abQuiero un para\u00edso productivo, no un para\u00edso financiero\u00bb, asegur\u00f3 Daniel Scioli","author":"GB","date":"10\/11\/2015","format":false,"excerpt":"El candidato a presidente del FpV, Daniel Scioli, expres\u00f3 hoy su deseo de que el debate que mantendr\u00e1 el domingo con el candidato de Cambiemos Mauricio Macri sea \"una oportunidad de poner claridad\" sobre los diferentes temas que se discuten y las visiones que cada uno llevar\u00e1 a una eventual\u2026","rel":"","context":"En \u00abPol\u00edtica\u00bb","block_context":{"text":"Pol\u00edtica","link":"http:\/\/www.24baires.com\/?cat=51"},"img":{"alt_text":"scioli plataforma","src":"https:\/\/i0.wp.com\/www.24baires.com\/wp-content\/uploads\/2015\/11\/scioli-plataforma.jpg?resize=350%2C200","width":350,"height":200,"srcset":"https:\/\/i0.wp.com\/www.24baires.com\/wp-content\/uploads\/2015\/11\/scioli-plataforma.jpg?resize=350%2C200 1x, https:\/\/i0.wp.com\/www.24baires.com\/wp-content\/uploads\/2015\/11\/scioli-plataforma.jpg?resize=525%2C300 1.5x"},"classes":[]},{"id":74995,"url":"http:\/\/www.24baires.com\/?p=74995","url_meta":{"origin":72500,"position":1},"title":"\u201cEllos quieren ajustar y nivelar para abajo y yo quiero nivelar para arriba\u201d","author":"GB","date":"13\/11\/2015","format":false,"excerpt":"El candidato presidencial del FpV fustig\u00f3 hoy las pol\u00edticas econ\u00f3micas de Cambiemos que plantean ajustes para que \u201clos n\u00fameros cierren como sea\u201d. \u201cNo caigamos otra vez en la devaluaci\u00f3n ni en las recetas ortodoxas del FMI\u201d, pidi\u00f3. En di\u00e1logo con radio Mitre, el gobernador bonaerense recalc\u00f3 que mientras que a\u2026","rel":"","context":"En \u00abPol\u00edtica\u00bb","block_context":{"text":"Pol\u00edtica","link":"http:\/\/www.24baires.com\/?cat=51"},"img":{"alt_text":"scioli campa\u00f1a","src":"https:\/\/i0.wp.com\/www.24baires.com\/wp-content\/uploads\/2015\/11\/scioli-campa%C3%B1a.jpg?resize=350%2C200","width":350,"height":200,"srcset":"https:\/\/i0.wp.com\/www.24baires.com\/wp-content\/uploads\/2015\/11\/scioli-campa%C3%B1a.jpg?resize=350%2C200 1x, https:\/\/i0.wp.com\/www.24baires.com\/wp-content\/uploads\/2015\/11\/scioli-campa%C3%B1a.jpg?resize=525%2C300 1.5x"},"classes":[]},{"id":72456,"url":"http:\/\/www.24baires.com\/?p=72456","url_meta":{"origin":72500,"position":2},"title":"Scioli: \u00abHagamos de Argentina un para\u00edso productivo\u00bb","author":"AF","date":"21\/09\/2015","format":false,"excerpt":"Lo afirm\u00f3 el gobernador bonaerense y candidato a presidente por el FpV en el lanzamiento de su campa\u00f1a de cara a las elecciones generales del 25 de octubre. A un poco m\u00e1s de un mes de los comicios, Scioli presenta un paquete de medidas de \u201calto impacto\u201d con el objetivo\u2026","rel":"","context":"En \u00abPol\u00edtica\u00bb","block_context":{"text":"Pol\u00edtica","link":"http:\/\/www.24baires.com\/?cat=51"},"img":{"alt_text":"scioli cierre campa\u00f1a","src":"https:\/\/i0.wp.com\/www.24baires.com\/wp-content\/uploads\/2015\/08\/scioli-cierre-campa%C3%B1a.jpg?resize=350%2C200","width":350,"height":200,"srcset":"https:\/\/i0.wp.com\/www.24baires.com\/wp-content\/uploads\/2015\/08\/scioli-cierre-campa%C3%B1a.jpg?resize=350%2C200 1x, https:\/\/i0.wp.com\/www.24baires.com\/wp-content\/uploads\/2015\/08\/scioli-cierre-campa%C3%B1a.jpg?resize=525%2C300 1.5x"},"classes":[]},{"id":101122,"url":"http:\/\/www.24baires.com\/?p=101122","url_meta":{"origin":72500,"position":3},"title":"Indagar\u00e1n a Scioli por irregularidades en la construcci\u00f3n de las UPA 24","author":"AF","date":"17\/03\/2018","format":false,"excerpt":"El ex gobernador Daniel Scioli y quien fuera su ministro de Salud, Alejandro Collia, fueron imputados y citados a prestar declaraci\u00f3n indagatoria en el marco de una causa que investiga presuntas irregularidades en la adjudicaci\u00f3n de ocho Unidades de Pronta Atenci\u00f3n (UPA 24) para las que se destinaron m\u00e1s de\u2026","rel":"","context":"En \u00abJUDICIALES\u00bb","block_context":{"text":"JUDICIALES","link":"http:\/\/www.24baires.com\/?cat=68"},"img":{"alt_text":"","src":"https:\/\/i0.wp.com\/www.24baires.com\/wp-content\/uploads\/2014\/05\/Daniel-Scioli.jpg?resize=350%2C200","width":350,"height":200,"srcset":"https:\/\/i0.wp.com\/www.24baires.com\/wp-content\/uploads\/2014\/05\/Daniel-Scioli.jpg?resize=350%2C200 1x, https:\/\/i0.wp.com\/www.24baires.com\/wp-content\/uploads\/2014\/05\/Daniel-Scioli.jpg?resize=525%2C300 1.5x"},"classes":[]},{"id":108387,"url":"http:\/\/www.24baires.com\/?p=108387","url_meta":{"origin":72500,"position":4},"title":"Scioli ratific\u00f3 su candidatura presidencial","author":"GB","date":"25\/05\/2019","format":false,"excerpt":"El exgobernador de la Provincia de Buenos Aires particip\u00f3 del Congreso Educativo de Ajedrez que se realiz\u00f3 en la ciudad balnearia y manifest\u00f3 sus deseos de ser el primer mandatario del pa\u00eds despu\u00e9s del 10 de diciembre, sin embargo aclar\u00f3: \u201cVer\u00e9 como peronista en qu\u00e9 lugar puedo hacer mi mayor\u2026","rel":"","context":"En \u00abPol\u00edtica\u00bb","block_context":{"text":"Pol\u00edtica","link":"http:\/\/www.24baires.com\/?cat=51"},"img":{"alt_text":"","src":"https:\/\/i0.wp.com\/www.24baires.com\/wp-content\/uploads\/2019\/05\/scioli-mar-del.jpg?resize=350%2C200","width":350,"height":200,"srcset":"https:\/\/i0.wp.com\/www.24baires.com\/wp-content\/uploads\/2019\/05\/scioli-mar-del.jpg?resize=350%2C200 1x, https:\/\/i0.wp.com\/www.24baires.com\/wp-content\/uploads\/2019\/05\/scioli-mar-del.jpg?resize=525%2C300 1.5x"},"classes":[]},{"id":120226,"url":"http:\/\/www.24baires.com\/?p=120226","url_meta":{"origin":72500,"position":5},"title":"Cristina recibi\u00f3 a Scioli: \u201cA seguir trabajando, que es lo que hay que hacer\u201d","author":"AF","date":"28\/06\/2023","format":false,"excerpt":"\"Hablamos mucho, con sinceridad y con el respeto de siempre. Me transmiti\u00f3 que su vocaci\u00f3n es ayudar y colaborar como un compa\u00f1ero m\u00e1s\", asegur\u00f3 a trav\u00e9s de las redes sociales la Vicepresidenta sobre el encuentro. La Vicepresidenta Cristina Fern\u00e1ndez de Kirchner public\u00f3 en redes sociales una foto con el embajador\u2026","rel":"","context":"En \u00abPol\u00edtica\u00bb","block_context":{"text":"Pol\u00edtica","link":"http:\/\/www.24baires.com\/?cat=51"},"img":{"alt_text":"","src":"https:\/\/i0.wp.com\/www.24baires.com\/wp-content\/uploads\/2023\/06\/WhatsApp-Image-2023-06-28-at-23.30.42.jpeg?resize=350%2C200","width":350,"height":200,"srcset":"https:\/\/i0.wp.com\/www.24baires.com\/wp-content\/uploads\/2023\/06\/WhatsApp-Image-2023-06-28-at-23.30.42.jpeg?resize=350%2C200 1x, https:\/\/i0.wp.com\/www.24baires.com\/wp-content\/uploads\/2023\/06\/WhatsApp-Image-2023-06-28-at-23.30.42.jpeg?resize=525%2C300 1.5x, https:\/\/i0.wp.com\/www.24baires.com\/wp-content\/uploads\/2023\/06\/WhatsApp-Image-2023-06-28-at-23.30.42.jpeg?resize=700%2C400 2x"},"classes":[]}],"jetpack_sharing_enabled":true,"jetpack_likes_enabled":true,"jetpack_featured_media_url":"","_links":{"self":[{"href":"http:\/\/www.24baires.com\/index.php?rest_route=\/wp\/v2\/posts\/72500","targetHints":{"allow":["GET"]}}],"collection":[{"href":"http:\/\/www.24baires.com\/index.php?rest_route=\/wp\/v2\/posts"}],"about":[{"href":"http:\/\/www.24baires.com\/index.php?rest_route=\/wp\/v2\/types\/post"}],"author":[{"embeddable":true,"href":"http:\/\/www.24baires.com\/index.php?rest_route=\/wp\/v2\/users\/8"}],"replies":[{"embeddable":true,"href":"http:\/\/www.24baires.com\/index.php?rest_route=%2Fwp%2Fv2%2Fcomments&post=72500"}],"version-history":[{"count":1,"href":"http:\/\/www.24baires.com\/index.php?rest_route=\/wp\/v2\/posts\/72500\/revisions"}],"predecessor-version":[{"id":72501,"href":"http:\/\/www.24baires.com\/index.php?rest_route=\/wp\/v2\/posts\/72500\/revisions\/72501"}],"wp:attachment":[{"href":"http:\/\/www.24baires.com\/index.php?rest_route=%2Fwp%2Fv2%2Fmedia&parent=72500"}],"wp:term":[{"taxonomy":"category","embeddable":true,"href":"http:\/\/www.24baires.com\/index.php?rest_route=%2Fwp%2Fv2%2Fcategories&post=72500"},{"taxonomy":"post_tag","embeddable":true,"href":"http:\/\/www.24baires.com\/index.php?rest_route=%2Fwp%2Fv2%2Ftags&post=72500"}],"curies":[{"name":"wp","href":"https:\/\/api.w.org\/{rel}","templated":true}]}}