{"id":72469,"date":"2015-09-21T21:35:55","date_gmt":"2015-09-22T00:35:55","guid":{"rendered":"http:\/\/www.24baires.com\/?p=72469"},"modified":"2015-09-21T21:35:55","modified_gmt":"2015-09-22T00:35:55","slug":"segun-una-encuesta-el-54-cree-que-macri-es-responsable-en-el-caso-niembro","status":"publish","type":"post","link":"http:\/\/www.24baires.com\/?p=72469","title":{"rendered":"Seg\u00fan una encuesta, el 54% cree que Macri es responsable en el caso Niembro"},"content":{"rendered":"<p><img data-recalc-dims=\"1\" loading=\"lazy\" decoding=\"async\" class=\"aligncenter size-full wp-image-71593\" src=\"https:\/\/i0.wp.com\/www.24baires.com\/wp-content\/uploads\/2015\/09\/macri-niembro.jpg?resize=560%2C317\" alt=\"macri niembro\" width=\"560\" height=\"317\" srcset=\"https:\/\/i0.wp.com\/www.24baires.com\/wp-content\/uploads\/2015\/09\/macri-niembro.jpg?w=560 560w, https:\/\/i0.wp.com\/www.24baires.com\/wp-content\/uploads\/2015\/09\/macri-niembro.jpg?resize=300%2C170 300w\" sizes=\"auto, (max-width: 560px) 100vw, 560px\" \/>Una encuesta asegura que m\u00e1s de la mitad de los argentinos considera que el jefe de Gobierno porte\u00f1o y candidato presidencial de la alianza Cambiemos, Mauricio Macri, tiene \u201calg\u00fan grado de responsabilidad\u201d en el caso de las contrataciones por m\u00e1s de 21 millones de pesos entre la Usina, la consultora del periodista Fernando Niembro, y el Gobierno de la Ciudad.<!--more--><\/p>\n<p>Se trata de un trabajo elaborado por la consultora Gonz\u00e1lez y Valladares, con opiniones recolectadas a nivel nacional, y que revel\u00f3 que m\u00e1s del 50 por ciento de los consultados \u201cest\u00e1n informados\u201d sobre las razones que motivaron la renuncia de Niembro como postulante a diputado nacional por Cambiemos en la provincia de Buenos Aires.<\/p>\n<p>Al ser inquiridos sobre cu\u00e1nto sab\u00edan sobre el caso en el que estaba involucrado el ex comentarista de la cadena FOX, un 22,1% de los encuestados respondi\u00f3 \u00abmucho\u00bb; un 35,8% \u00abalgo\u00bb y otro 23,5% adujo que \u00abpoco\u00bb.<\/p>\n<p>En tanto, apenas un 18,6% de los relevados aseguraron \u201cno saber nada\u00bb sobre las denuncias que acapar\u00f3 las principales coberturas de los medios de comunicaci\u00f3n durante las \u00faltimas dos semanas.<\/p>\n<p>En este marco, un 45,1% de las personas consider\u00f3 que las acusaciones contra el periodista deportivo son ciertas, mientras que un 23,2% estima que son falsas y un 31,7% no supo qu\u00e9 responder.<\/p>\n<p>Otra de las indagaciones apunt\u00f3 al grado de responsabilidad que se le puede atribuir por el caso a Macri; a la vicejefa, Mar\u00eda Eugenia Vidal, y al actual jefe de Gabinete porte\u00f1o, Horacio Rodr\u00edguez Larreta.<\/p>\n<p>El grueso de los encuestados respondi\u00f3 que la mayor responsabilidad la tuvo Macri, seguido por Larreta y Vidal, mientras que un 38,1% se\u00f1al\u00f3 que el l\u00edder del PRO tuvo \u00abmucha\u00bb responsabilidad en el caso.<\/p>\n<p>Si se le suma el 16,3% que opin\u00f3 que solo tuvo \u00abalg\u00fan\u00bb nivel de compromiso totaliza 54,4%, m\u00e1s de la mitad.<\/p>\n<p>En el caso de la responsabilidad de Larreta, con las opciones \u00abmucha\u00bb y \u00abalguna\u00bb sumadas, re\u00fane 47,5%, y para un 41,2% Vidal fue responsable.<\/p>\n<p>S\u00f3lo el 18,6% de los relevados contest\u00f3 que Macri no tiene \u00abning\u00fan\u00bb tipo de responsabilidad; el 22,5% exculp\u00f3 a la Larreta y 33,1% a Vidal.<\/p>\n<p>El sondeo titulado \u00abValoraci\u00f3n e impacto del caso Niembro\u00bb y publicado hoy en varios medios, tambi\u00e9n revel\u00f3 que la mitad de las personas conf\u00edan en los dichos de Vidal, quien desliz\u00f3 que se trata de una \u00abpresunta operaci\u00f3n pol\u00edtica\u00bb orquestada por el Gobierno contra Cambiemos.<\/p>\n<p>Sin embargo, otro 42,1% afirm\u00f3 que lo que dice la postulante a gobernadora de la provincia de Buenos Aires es cierto, mientras que un 42,7% observ\u00f3 que la funcionaria de Macri \u00abdefiende algo indefendible\u00bb.<\/p>\n<p>El informe se realiz\u00f3 entre el 16 y 19 de septiembre, sobre 1.000 casos a nivel nacional e incluy\u00f3 encuestas presenciales en el conurbano bonaerense y telef\u00f3nicas en el resto del pa\u00eds, y posee un nivel de error que oscila en el 3,16% y un \u00edndice de confianza que alcanza el 95,5%.<\/p>\n","protected":false},"excerpt":{"rendered":"<p>Una encuesta asegura que m\u00e1s de la mitad de los argentinos considera que el jefe de Gobierno porte\u00f1o y candidato presidencial de la alianza Cambiemos, Mauricio Macri, tiene \u201calg\u00fan grado de responsabilidad\u201d en el caso de las contrataciones por m\u00e1s de 21 millones de pesos entre la Usina, la consultora del periodista Fernando Niembro, y el Gobierno de la Ciudad.<\/p>\n","protected":false},"author":4,"featured_media":0,"comment_status":"open","ping_status":"open","sticky":false,"template":"","format":"standard","meta":{"_jetpack_newsletter_access":"","_jetpack_dont_email_post_to_subs":false,"_jetpack_newsletter_tier_id":0,"_jetpack_memberships_contains_paywalled_content":false,"_jetpack_memberships_contains_paid_content":false,"footnotes":""},"categories":[51],"tags":[],"class_list":["post-72469","post","type-post","status-publish","format-standard","hentry","category-politica"],"jetpack_shortlink":"https:\/\/wp.me\/p2JWE0-iQR","jetpack-related-posts":[{"id":71821,"url":"http:\/\/www.24baires.com\/?p=71821","url_meta":{"origin":72469,"position":0},"title":"\u00abQue Niembro d\u00e9 explicaciones o que Macri y Vidal no hablen m\u00e1s de corrupci\u00f3n\u00bb","author":"GB","date":"08\/09\/2015","format":false,"excerpt":"El candidato a gobernador bonaerense por UNA carg\u00f3 contra los principales referentes del macrismo en medio del mutismo que ese espacio adopt\u00f3 luego de que estallara el esc\u00e1ndalo que involucra a uno de sus candidatos. El candidato a gobernador bonerense por el frente Unidos por una Nueva Alternativa (UNA), Felipe\u2026","rel":"","context":"En \u00abPol\u00edtica\u00bb","block_context":{"text":"Pol\u00edtica","link":"http:\/\/www.24baires.com\/?cat=51"},"img":{"alt_text":"felipe sol\u00e1","src":"https:\/\/i0.wp.com\/www.24baires.com\/wp-content\/uploads\/2014\/07\/felipe-sol%C3%A1.jpg?resize=350%2C200","width":350,"height":200,"srcset":"https:\/\/i0.wp.com\/www.24baires.com\/wp-content\/uploads\/2014\/07\/felipe-sol%C3%A1.jpg?resize=350%2C200 1x, https:\/\/i0.wp.com\/www.24baires.com\/wp-content\/uploads\/2014\/07\/felipe-sol%C3%A1.jpg?resize=525%2C300 1.5x"},"classes":[]},{"id":71886,"url":"http:\/\/www.24baires.com\/?p=71886","url_meta":{"origin":72469,"position":1},"title":"Stolbizer contra Macri: \u00ab\u00bfCu\u00e1ntos Niembros m\u00e1s tiene la Ciudad?\u00bb","author":"GB","date":"09\/09\/2015","format":false,"excerpt":"\"\u00bfCu\u00e1ntos Niembros m\u00e1s tiene el gobierno de CABA?\", se pregunt\u00f3 la candidata a presidenta de Progresistas, en referencia al acuerdo electoral que tienen Carri\u00f3 y el radicalismo con el PRO y las irregularidades como las detectadas en los contratos que involucraron al gobierno de la ciudad y al periodista. La\u2026","rel":"","context":"En \u00abElecciones 2015\u00bb","block_context":{"text":"Elecciones 2015","link":"http:\/\/www.24baires.com\/?cat=74"},"img":{"alt_text":"Stolbizer2","src":"https:\/\/i0.wp.com\/www.24baires.com\/wp-content\/uploads\/2014\/08\/Stolbizer2.jpg?resize=350%2C200","width":350,"height":200,"srcset":"https:\/\/i0.wp.com\/www.24baires.com\/wp-content\/uploads\/2014\/08\/Stolbizer2.jpg?resize=350%2C200 1x, https:\/\/i0.wp.com\/www.24baires.com\/wp-content\/uploads\/2014\/08\/Stolbizer2.jpg?resize=525%2C300 1.5x"},"classes":[]},{"id":71748,"url":"http:\/\/www.24baires.com\/?p=71748","url_meta":{"origin":72469,"position":2},"title":"Allanaron dependencias del gobierno porte\u00f1o y de la empresa vinculada a Niembro","author":"GB","date":"07\/09\/2015","format":false,"excerpt":"Los allanamientos, llevados a cabo por la fiscal\u00eda de instrucci\u00f3n n\u00famero 43, a cargo del fiscal Carlos Velarde, fueron realizados en las \u00faltimas horas en oficinas del Ejecutivo porte\u00f1o y de La Usina Producciones, firma del periodista y candidato por Cambiemos El fiscal a cargo de la causa que investiga\u2026","rel":"","context":"En \u00abJUDICIALES\u00bb","block_context":{"text":"JUDICIALES","link":"http:\/\/www.24baires.com\/?cat=68"},"img":{"alt_text":"macri niembro","src":"https:\/\/i0.wp.com\/www.24baires.com\/wp-content\/uploads\/2015\/09\/macri-niembro.jpg?resize=350%2C200","width":350,"height":200,"srcset":"https:\/\/i0.wp.com\/www.24baires.com\/wp-content\/uploads\/2015\/09\/macri-niembro.jpg?resize=350%2C200 1x, https:\/\/i0.wp.com\/www.24baires.com\/wp-content\/uploads\/2015\/09\/macri-niembro.jpg?resize=525%2C300 1.5x"},"classes":[]},{"id":72215,"url":"http:\/\/www.24baires.com\/?p=72215","url_meta":{"origin":72469,"position":3},"title":"Finalmente Niembro declin\u00f3 su candidatura","author":"GB","date":"16\/09\/2015","format":false,"excerpt":"El periodista ya no se postular\u00e1 por el frente Cambiemos en la provincia de Buenos Aires, luego de que presentara este mediod\u00eda su renuncia en medio del esc\u00e1ndalo de las contrataciones millonarias entre una productora de su propiedad y el gobierno porte\u00f1o. El periodista deportivo Fernando Niembro renunci\u00f3 a su\u2026","rel":"","context":"En \u00abElecciones 2015\u00bb","block_context":{"text":"Elecciones 2015","link":"http:\/\/www.24baires.com\/?cat=74"},"img":{"alt_text":"fernando_niembro","src":"https:\/\/i0.wp.com\/www.24baires.com\/wp-content\/uploads\/2015\/07\/fernando_niembro.jpg?resize=350%2C200","width":350,"height":200,"srcset":"https:\/\/i0.wp.com\/www.24baires.com\/wp-content\/uploads\/2015\/07\/fernando_niembro.jpg?resize=350%2C200 1x, https:\/\/i0.wp.com\/www.24baires.com\/wp-content\/uploads\/2015\/07\/fernando_niembro.jpg?resize=525%2C300 1.5x"},"classes":[]},{"id":71795,"url":"http:\/\/www.24baires.com\/?p=71795","url_meta":{"origin":72469,"position":4},"title":"Piden que Niembro baje su candidatura por el esc\u00e1ndalo de La Usina","author":"AF","date":"08\/09\/2015","format":false,"excerpt":"El legislador bonaerense, del FpV, Guido Lorenzino, consider\u00f3 que \"lo m\u00e1s digno ser\u00eda\" que el periodista y candidato a diputado nacional de la provincia de Buenos Aires por Cambiemos desista de su postulaci\u00f3n. As\u00ed se manifest\u00f3 Lorenzino en declaraciones a FM Delta, tras calificar dichos contratos como un \"esc\u00e1ndalo\", luego\u2026","rel":"","context":"En \u00abElecciones 2015\u00bb","block_context":{"text":"Elecciones 2015","link":"http:\/\/www.24baires.com\/?cat=74"},"img":{"alt_text":"","src":"https:\/\/i0.wp.com\/www.24baires.com\/wp-content\/uploads\/2015\/09\/niembro.jpg?resize=350%2C200","width":350,"height":200,"srcset":"https:\/\/i0.wp.com\/www.24baires.com\/wp-content\/uploads\/2015\/09\/niembro.jpg?resize=350%2C200 1x, https:\/\/i0.wp.com\/www.24baires.com\/wp-content\/uploads\/2015\/09\/niembro.jpg?resize=525%2C300 1.5x"},"classes":[]},{"id":97760,"url":"http:\/\/www.24baires.com\/?p=97760","url_meta":{"origin":72469,"position":5},"title":"Revocaron el sobreseimiento dictado en favor de Fernando Niembro","author":"AF","date":"28\/09\/2017","format":false,"excerpt":"Lo hizo la C\u00e1mara Nacional en lo Criminal que consider\u00f3 que se pudo haber cometido un \"fraude\" millonario en la causa penal por supuestos il\u00edcitos con millonarios contratos de publicidad con el Gobierno de la Ciudad de Buenos Aires. La C\u00e1mara Nacional en lo Criminal consider\u00f3 que se pudo haber\u2026","rel":"","context":"En \u00abJUDICIALES\u00bb","block_context":{"text":"JUDICIALES","link":"http:\/\/www.24baires.com\/?cat=68"},"img":{"alt_text":"","src":"https:\/\/i0.wp.com\/www.24baires.com\/wp-content\/uploads\/2015\/09\/niembro.jpg?resize=350%2C200","width":350,"height":200,"srcset":"https:\/\/i0.wp.com\/www.24baires.com\/wp-content\/uploads\/2015\/09\/niembro.jpg?resize=350%2C200 1x, https:\/\/i0.wp.com\/www.24baires.com\/wp-content\/uploads\/2015\/09\/niembro.jpg?resize=525%2C300 1.5x"},"classes":[]}],"jetpack_sharing_enabled":true,"jetpack_likes_enabled":true,"jetpack_featured_media_url":"","_links":{"self":[{"href":"http:\/\/www.24baires.com\/index.php?rest_route=\/wp\/v2\/posts\/72469","targetHints":{"allow":["GET"]}}],"collection":[{"href":"http:\/\/www.24baires.com\/index.php?rest_route=\/wp\/v2\/posts"}],"about":[{"href":"http:\/\/www.24baires.com\/index.php?rest_route=\/wp\/v2\/types\/post"}],"author":[{"embeddable":true,"href":"http:\/\/www.24baires.com\/index.php?rest_route=\/wp\/v2\/users\/4"}],"replies":[{"embeddable":true,"href":"http:\/\/www.24baires.com\/index.php?rest_route=%2Fwp%2Fv2%2Fcomments&post=72469"}],"version-history":[{"count":1,"href":"http:\/\/www.24baires.com\/index.php?rest_route=\/wp\/v2\/posts\/72469\/revisions"}],"predecessor-version":[{"id":72470,"href":"http:\/\/www.24baires.com\/index.php?rest_route=\/wp\/v2\/posts\/72469\/revisions\/72470"}],"wp:attachment":[{"href":"http:\/\/www.24baires.com\/index.php?rest_route=%2Fwp%2Fv2%2Fmedia&parent=72469"}],"wp:term":[{"taxonomy":"category","embeddable":true,"href":"http:\/\/www.24baires.com\/index.php?rest_route=%2Fwp%2Fv2%2Fcategories&post=72469"},{"taxonomy":"post_tag","embeddable":true,"href":"http:\/\/www.24baires.com\/index.php?rest_route=%2Fwp%2Fv2%2Ftags&post=72469"}],"curies":[{"name":"wp","href":"https:\/\/api.w.org\/{rel}","templated":true}]}}