{"id":72446,"date":"2015-09-21T18:00:56","date_gmt":"2015-09-21T21:00:56","guid":{"rendered":"http:\/\/www.24baires.com\/?p=72446"},"modified":"2015-09-21T17:21:45","modified_gmt":"2015-09-21T20:21:45","slug":"macri-quiere-volver-a-implementar-viejas-recetas-terrorificas","status":"publish","type":"post","link":"http:\/\/www.24baires.com\/?p=72446","title":{"rendered":"\u201cMacri quiere volver a implementar viejas recetas terror\u00edficas\u00bb"},"content":{"rendered":"<p><img data-recalc-dims=\"1\" loading=\"lazy\" decoding=\"async\" class=\"aligncenter size-full wp-image-70257\" src=\"https:\/\/i0.wp.com\/www.24baires.com\/wp-content\/uploads\/2015\/08\/zanini2.jpg?resize=560%2C314\" alt=\"zanini2\" width=\"560\" height=\"314\" srcset=\"https:\/\/i0.wp.com\/www.24baires.com\/wp-content\/uploads\/2015\/08\/zanini2.jpg?w=560 560w, https:\/\/i0.wp.com\/www.24baires.com\/wp-content\/uploads\/2015\/08\/zanini2.jpg?resize=300%2C168 300w\" sizes=\"auto, (max-width: 560px) 100vw, 560px\" \/>Lo afirm\u00f3 el secretario Legal y T\u00e9cnico de la Presidencia y candidato a vicepresidente del FpV, Carlos Zannini.<!--more--><\/p>\n<p>\u00abUna superdevaluaci\u00f3n ser\u00eda negativa, no s\u00f3lo para los que trabajan, sino tambi\u00e9n para los supuestos beneficiarios de la medida. No van a poder ganar mercado con eso\u00bb, dijo Zannini, quien volvi\u00f3 a criticar al PRO.<\/p>\n<p>Para el compa\u00f1ero de f\u00f3rmula de Daniel Scioli, \u00abno se va a encontrar ninguna soluci\u00f3n que apele a un viejo m\u00e9todo\u00bb.<\/p>\n<p>En ese marco, Zannini indic\u00f3 que Macri \u00abtrae envuelto en nuevos papeles y rodeado de globos la misma idea que ya se aplic\u00f3 en Argentina\u00bb, y agreg\u00f3 que \u00abviene con una vieja receta que fue terror\u00edfica y termin\u00f3 con 25 por ciento de desocupaci\u00f3n y 45 por ciento de pobreza\u00bb.<\/p>\n<p>\u00abNos quieren convencer de que esas ideas nos van a hacer integrar al mundo desarrollado\u00bb, sostuvo el candidato a vicepresidente.<\/p>\n<p>\u201cScioli es la continuidad\u201d. Por otra parte, con vistas a las elecciones del 25 de octubre, Zannini dijo que Scioli representa la \u00abcontinuidad del proyecto, de los planes que tenemos\u00bb y a\u00f1adi\u00f3: \u00abEsto no puede terminar ac\u00e1, tenemos que avanzar hacia el futuro de la mejor manera posible\u00bb.<\/p>\n<p>\u00abScioli es la posibilidad de continuar por el mismo camino. Juntos componemos una f\u00f3rmula que mezcla experiencias y estilos en cuestiones de gobierno. Y yo puedo ayudar a que la continuidad sea lo mejor posible\u00bb, afirm\u00f3.<\/p>\n<p>&nbsp;<\/p>\n<p>&nbsp;<\/p>\n<p>&nbsp;<\/p>\n<p>&nbsp;<\/p>\n<p>&nbsp;<\/p>\n<p>&nbsp;<\/p>\n<p>&nbsp;<\/p>\n<p>&nbsp;<\/p>\n<p>&nbsp;<\/p>\n<p>&nbsp;<\/p>\n<p>&nbsp;<\/p>\n<p>&nbsp;<\/p>\n<p>&nbsp;<\/p>\n<p>&nbsp;<\/p>\n<p>&nbsp;<\/p>\n","protected":false},"excerpt":{"rendered":"<p>Lo afirm\u00f3 el secretario Legal y T\u00e9cnico de la Presidencia y candidato a vicepresidente del FpV, Carlos Zannini.<\/p>\n","protected":false},"author":8,"featured_media":0,"comment_status":"open","ping_status":"open","sticky":false,"template":"","format":"standard","meta":{"_jetpack_newsletter_access":"","_jetpack_dont_email_post_to_subs":false,"_jetpack_newsletter_tier_id":0,"_jetpack_memberships_contains_paywalled_content":false,"_jetpack_memberships_contains_paid_content":false,"footnotes":""},"categories":[51],"tags":[],"class_list":["post-72446","post","type-post","status-publish","format-standard","hentry","category-politica"],"jetpack_shortlink":"https:\/\/wp.me\/p2JWE0-iQu","jetpack-related-posts":[{"id":75148,"url":"http:\/\/www.24baires.com\/?p=75148","url_meta":{"origin":72446,"position":0},"title":"Zannini: \u00abEn este balotaje se juegan dos pa\u00edses posibles\u00bb","author":"AF","date":"17\/11\/2015","format":false,"excerpt":"El candidato a vicepresidente por el Frente para la Victoria, Carlos Zannini, sostuvo que en el balotaje de este domingo \"se juegan dos pa\u00edses posibles\" que son el que propone el kirchnerismo a trav\u00e9s de Daniel Scioli o \"cambiar de rumbo, ir para otro lado, rendirse ante los buitres y\u2026","rel":"","context":"En \u00abElecciones 2015\u00bb","block_context":{"text":"Elecciones 2015","link":"http:\/\/www.24baires.com\/?cat=74"},"img":{"alt_text":"zannini senado","src":"https:\/\/i0.wp.com\/www.24baires.com\/wp-content\/uploads\/2015\/02\/zannini-senado.jpg?resize=350%2C200","width":350,"height":200,"srcset":"https:\/\/i0.wp.com\/www.24baires.com\/wp-content\/uploads\/2015\/02\/zannini-senado.jpg?resize=350%2C200 1x, https:\/\/i0.wp.com\/www.24baires.com\/wp-content\/uploads\/2015\/02\/zannini-senado.jpg?resize=525%2C300 1.5x"},"classes":[]},{"id":111654,"url":"http:\/\/www.24baires.com\/?p=111654","url_meta":{"origin":72446,"position":1},"title":"Carri\u00f3: \u00ab\u00a1De Olivos nos van a sacar muertos!\u00bb","author":"AF","date":"15\/08\/2019","format":false,"excerpt":"En la reuni\u00f3n del gabinete ampliado, Elisa Carri\u00f3 atribuy\u00f3 la derrota electoral de Macri a que \"hay muchos tentados en volver a la comodidad del dictador. Del Fara\u00f3n. O la Faraona\". Despu\u00e9s dijo que Alberto Fern\u00e1ndez es \"ordinario\". Tambi\u00e9n se despach\u00f3 contra los miembros del oficialismo: \"No se borren, los\u2026","rel":"","context":"En \u00abPol\u00edtica\u00bb","block_context":{"text":"Pol\u00edtica","link":"http:\/\/www.24baires.com\/?cat=51"},"img":{"alt_text":"","src":"https:\/\/i0.wp.com\/www.24baires.com\/wp-content\/uploads\/2019\/08\/carrio.jpg?resize=350%2C200","width":350,"height":200,"srcset":"https:\/\/i0.wp.com\/www.24baires.com\/wp-content\/uploads\/2019\/08\/carrio.jpg?resize=350%2C200 1x, https:\/\/i0.wp.com\/www.24baires.com\/wp-content\/uploads\/2019\/08\/carrio.jpg?resize=525%2C300 1.5x"},"classes":[]},{"id":101255,"url":"http:\/\/www.24baires.com\/?p=101255","url_meta":{"origin":72446,"position":2},"title":"La Justicia orden\u00f3 la excarcelaci\u00f3n de Carlos Zannini y Luis D\u00b4El\u00eda","author":"GB","date":"24\/03\/2018","format":false,"excerpt":"El ex funcionario kirchnerista Carlos Zannini y el ex legislador Luis D\u00b4El\u00eda recuperar\u00e1n la libertad en las pr\u00f3ximas horas. Se encuentran detenidos por decisi\u00f3n del juez Claudio Bonadio en el penal de Ezeiza. El exsecretario de Legal y T\u00e9cnica de la Presidencia y el dirigente piquetero recuperar\u00e1n la libertad en\u2026","rel":"","context":"En \u00abPol\u00edtica\u00bb","block_context":{"text":"Pol\u00edtica","link":"http:\/\/www.24baires.com\/?cat=51"},"img":{"alt_text":"","src":"https:\/\/i0.wp.com\/www.24baires.com\/wp-content\/uploads\/2018\/03\/zanini.jpg?resize=350%2C200","width":350,"height":200,"srcset":"https:\/\/i0.wp.com\/www.24baires.com\/wp-content\/uploads\/2018\/03\/zanini.jpg?resize=350%2C200 1x, https:\/\/i0.wp.com\/www.24baires.com\/wp-content\/uploads\/2018\/03\/zanini.jpg?resize=525%2C300 1.5x"},"classes":[]},{"id":51506,"url":"http:\/\/www.24baires.com\/?p=51506","url_meta":{"origin":72446,"position":3},"title":"Para Zannini se est\u00e1 \u00abrestaurando la pol\u00edtica desde el bien com\u00fan\u201d","author":"GB","date":"09\/08\/2014","format":false,"excerpt":"El secretario Legal y T\u00e9cnico de la Presidencia, cerr\u00f3 hoy el plenario de Unidos y Organizados, donde recalc\u00f3 que \u201cN\u00e9stor jug\u00f3 un papel muy importante al dejar atr\u00e1s la vieja pol\u00edtica para poder reconciliar a la pol\u00edtica con la sociedad\u201d. Zannini destac\u00f3 que \"ac\u00e1 hay j\u00f3venes dispuestos a hacerse cargo\u2026","rel":"","context":"En \u00abPol\u00edtica\u00bb","block_context":{"text":"Pol\u00edtica","link":"http:\/\/www.24baires.com\/?cat=51"},"img":{"alt_text":"zanini","src":"https:\/\/i0.wp.com\/www.24baires.com\/wp-content\/uploads\/2014\/08\/zanini-300x200.jpg?resize=350%2C200","width":350,"height":200},"classes":[]},{"id":73964,"url":"http:\/\/www.24baires.com\/?p=73964","url_meta":{"origin":72446,"position":4},"title":"Zannini asegur\u00f3 que el FpV est\u00e1 llegando a m\u00e1s del 40% de los votos","author":"GB","date":"22\/10\/2015","format":false,"excerpt":"\"Estamos llegando a m\u00e1s del 40 por ciento, entonces empiezan a poner dudas por esto\", dijo Zannini al rechazar denuncias de un supuesto fraude en estos comicios. Para el postulante kirchnerista, \u201ctratan de echar dudas sobre el futuro resultado electoral, pero yo siento que ampliamos la diferencia de agosto\u201d. \u201c\"Fueron\u2026","rel":"","context":"En \u00abElecciones 2015\u00bb","block_context":{"text":"Elecciones 2015","link":"http:\/\/www.24baires.com\/?cat=74"},"img":{"alt_text":"zanini2","src":"https:\/\/i0.wp.com\/www.24baires.com\/wp-content\/uploads\/2015\/08\/zanini2.jpg?resize=350%2C200","width":350,"height":200,"srcset":"https:\/\/i0.wp.com\/www.24baires.com\/wp-content\/uploads\/2015\/08\/zanini2.jpg?resize=350%2C200 1x, https:\/\/i0.wp.com\/www.24baires.com\/wp-content\/uploads\/2015\/08\/zanini2.jpg?resize=525%2C300 1.5x"},"classes":[]},{"id":114110,"url":"http:\/\/www.24baires.com\/?p=114110","url_meta":{"origin":72446,"position":5},"title":"El Gobierno avala la intervenci\u00f3n de Correo Argentino","author":"AF","date":"12\/02\/2020","format":false,"excerpt":"Tras el pedido de la fiscal Gabriela Boquin, la Procuraci\u00f3n del Tesoro hizo una presentaci\u00f3n ante la Sala B de la C\u00e1mara Comercial a ra\u00edz de que el Estado Nacional es el principal acreedor de la empresa. La Procuraci\u00f3n del Tesoro, encabezada por Carlos Zannini, hizo una presentaci\u00f3n en la\u2026","rel":"","context":"En \u00abPol\u00edtica\u00bb","block_context":{"text":"Pol\u00edtica","link":"http:\/\/www.24baires.com\/?cat=51"},"img":{"alt_text":"","src":"https:\/\/i0.wp.com\/www.24baires.com\/wp-content\/uploads\/2014\/10\/correo-argentino.jpg?resize=350%2C200","width":350,"height":200,"srcset":"https:\/\/i0.wp.com\/www.24baires.com\/wp-content\/uploads\/2014\/10\/correo-argentino.jpg?resize=350%2C200 1x, https:\/\/i0.wp.com\/www.24baires.com\/wp-content\/uploads\/2014\/10\/correo-argentino.jpg?resize=525%2C300 1.5x"},"classes":[]}],"jetpack_sharing_enabled":true,"jetpack_likes_enabled":true,"jetpack_featured_media_url":"","_links":{"self":[{"href":"http:\/\/www.24baires.com\/index.php?rest_route=\/wp\/v2\/posts\/72446","targetHints":{"allow":["GET"]}}],"collection":[{"href":"http:\/\/www.24baires.com\/index.php?rest_route=\/wp\/v2\/posts"}],"about":[{"href":"http:\/\/www.24baires.com\/index.php?rest_route=\/wp\/v2\/types\/post"}],"author":[{"embeddable":true,"href":"http:\/\/www.24baires.com\/index.php?rest_route=\/wp\/v2\/users\/8"}],"replies":[{"embeddable":true,"href":"http:\/\/www.24baires.com\/index.php?rest_route=%2Fwp%2Fv2%2Fcomments&post=72446"}],"version-history":[{"count":1,"href":"http:\/\/www.24baires.com\/index.php?rest_route=\/wp\/v2\/posts\/72446\/revisions"}],"predecessor-version":[{"id":72447,"href":"http:\/\/www.24baires.com\/index.php?rest_route=\/wp\/v2\/posts\/72446\/revisions\/72447"}],"wp:attachment":[{"href":"http:\/\/www.24baires.com\/index.php?rest_route=%2Fwp%2Fv2%2Fmedia&parent=72446"}],"wp:term":[{"taxonomy":"category","embeddable":true,"href":"http:\/\/www.24baires.com\/index.php?rest_route=%2Fwp%2Fv2%2Fcategories&post=72446"},{"taxonomy":"post_tag","embeddable":true,"href":"http:\/\/www.24baires.com\/index.php?rest_route=%2Fwp%2Fv2%2Ftags&post=72446"}],"curies":[{"name":"wp","href":"https:\/\/api.w.org\/{rel}","templated":true}]}}