{"id":72427,"date":"2015-09-21T12:30:55","date_gmt":"2015-09-21T15:30:55","guid":{"rendered":"http:\/\/www.24baires.com\/?p=72427"},"modified":"2015-09-21T12:15:12","modified_gmt":"2015-09-21T15:15:12","slug":"scioli-le-pidio-a-macri-que-acepte-y-acate-el-fallo-de-la-corte-tucumana","status":"publish","type":"post","link":"http:\/\/www.24baires.com\/?p=72427","title":{"rendered":"Scioli le pidi\u00f3 a Macri que acepte y acate el fallo de la Corte tucumana"},"content":{"rendered":"<p><img data-recalc-dims=\"1\" loading=\"lazy\" decoding=\"async\" class=\"aligncenter size-full wp-image-72134\" src=\"https:\/\/i0.wp.com\/www.24baires.com\/wp-content\/uploads\/2015\/09\/scioli1.jpg?resize=560%2C357\" alt=\"scioli\" width=\"560\" height=\"357\" srcset=\"https:\/\/i0.wp.com\/www.24baires.com\/wp-content\/uploads\/2015\/09\/scioli1.jpg?w=560 560w, https:\/\/i0.wp.com\/www.24baires.com\/wp-content\/uploads\/2015\/09\/scioli1.jpg?resize=300%2C191 300w\" sizes=\"auto, (max-width: 560px) 100vw, 560px\" \/>El candidato a presidente del FpV solicit\u00f3 a su contrincante de Cambiemos que acepte el triunfo del oficialismo en Tucum\u00e1n y acate el fallo de la Corte Suprema de Justicia provincial que dio por v\u00e1lidos los comicios del 23 de agosto.<!--more--><\/p>\n<p>\u00abA buena hora que (el candidato opositor Jos\u00e9) Cano respeta y acata el fallo de la Justicia y espero que Macri haga lo mismo, porque fall\u00f3 la Corte, y eso es bueno para la convivencia democr\u00e1tica\u00bb, expres\u00f3 Scioli en declaraciones a radio Del Plata.<\/p>\n<p>El candidato presidencial del FpV destac\u00f3 la postura de la postulante opositora a la Gobernaci\u00f3n en Chaco, A\u00edda Ayala, que reconoci\u00f3 r\u00e1pidamente anoche el triunfo del candidato oficialista por el frente Chaco Merece M\u00e1s, Oscar Domingo Peppo, en los comicios que se celebraron en esa provincia.<\/p>\n<p>\u00abHabla de una dirigente a la altura, que respeta la voluntad popular, que mantiene su identidad opositora pero habla de colaboraci\u00f3n. Eso es lo que necesita la Argentina\u00bb, remarc\u00f3 el gobernador bonaerense sobre la actitud de Ayala, y pidi\u00f3 a la oposici\u00f3n en Tucum\u00e1n que \u00abtrabaje codo a codo\u00bb con el candidato triunfante del oficialismo Juan Manzur.<\/p>\n<p>En ese marco, y tras el fallo de la Corte tucumana que se conoci\u00f3 a la madrugada, Scioli indic\u00f3 que \u00abel pueblo tucumano ahora tiene que estar m\u00e1s unido que nunca y dejar atr\u00e1s la situaci\u00f3n de incertidumbre que se hab\u00eda generado\u00bb y agreg\u00f3: \u00abNunca dud\u00e9 del triunfo de Manzur\u00bb.<\/p>\n<p>\u00abLa gente est\u00e1 votando en el sentido claro: en las PASO, en Tucum\u00e1n, en Chaco. Tengo mucha confianza que el 25 de octubre la gente vaya a votar para adelante, a favor del pa\u00eds, con esperanza y tranquilidad\u00bb, sostuvo el mandatario bonaerense.<\/p>\n<p>Scioli manifest\u00f3 que \u00abno es momento para experimentos, ni para andar haciendo ensayos o pruebas en un contexto internacional de incertidumbre\u00bb y llam\u00f3 a \u00abfortalecer la previsibilidad\u00bb.<\/p>\n<p>\u00abLa gente va percibiendo con claridad que nuestro espacio pol\u00edtico es el que puede garantizar los logros y trabajar por lo que falta. Nosotros le podemos dar certidumbre, previsibilidad y experiencia de gobierno\u00bb, concluy\u00f3.<\/p>\n","protected":false},"excerpt":{"rendered":"<p>El candidato a presidente del FpV solicit\u00f3 a su contrincante de Cambiemos que acepte el triunfo del oficialismo en Tucum\u00e1n y acate el fallo de la Corte Suprema de Justicia provincial que dio por v\u00e1lidos los comicios del 23 de agosto.<\/p>\n","protected":false},"author":8,"featured_media":0,"comment_status":"open","ping_status":"open","sticky":false,"template":"","format":"standard","meta":{"_jetpack_newsletter_access":"","_jetpack_dont_email_post_to_subs":false,"_jetpack_newsletter_tier_id":0,"_jetpack_memberships_contains_paywalled_content":false,"_jetpack_memberships_contains_paid_content":false,"footnotes":""},"categories":[51],"tags":[],"class_list":["post-72427","post","type-post","status-publish","format-standard","hentry","category-politica"],"jetpack_shortlink":"https:\/\/wp.me\/p2JWE0-iQb","jetpack-related-posts":[{"id":72416,"url":"http:\/\/www.24baires.com\/?p=72416","url_meta":{"origin":72427,"position":0},"title":"Los c\u00f3mputos provisorios ratifican el amplio triunfo del Frente para la Victoria en Chaco","author":"GB","date":"21\/09\/2015","format":false,"excerpt":"El candidato a gobernador por el kirchnerismo obten\u00eda 356.203 votos (55,43%) sobre los 266.816 sufragios (42,30%) que sum\u00f3 A\u00edda Ayala, del Frente Vamos Chaco, escrutadas el 99,13% de las mesas tras los comicios celebrados ayer. El oficialista Frente Chaco Merece M\u00e1s se proclam\u00f3 ganador en las elecciones provinciales con el\u2026","rel":"","context":"En \u00abLocales\u00bb","block_context":{"text":"Locales","link":"http:\/\/www.24baires.com\/?cat=38"},"img":{"alt_text":"","src":"https:\/\/i0.wp.com\/www.24baires.com\/wp-content\/uploads\/2015\/09\/eleccion-chaco.jpg?resize=350%2C200","width":350,"height":200,"srcset":"https:\/\/i0.wp.com\/www.24baires.com\/wp-content\/uploads\/2015\/09\/eleccion-chaco.jpg?resize=350%2C200 1x, https:\/\/i0.wp.com\/www.24baires.com\/wp-content\/uploads\/2015\/09\/eleccion-chaco.jpg?resize=525%2C300 1.5x"},"classes":[]},{"id":72256,"url":"http:\/\/www.24baires.com\/?p=72256","url_meta":{"origin":72427,"position":1},"title":"Scioli: \u00abIntentan deslegitimar una elecci\u00f3n ganada por 100 mil votos\u00bb","author":"AF","date":"17\/09\/2015","format":false,"excerpt":"El candidato presidencial del Frente para la Victoria, Daniel Scioli, critic\u00f3 el fallo que anul\u00f3 los comicios en la provincia de Tucum\u00e1n y asever\u00f3 que \"la elecci\u00f3n se gan\u00f3 por m\u00e1s de 100 mil votos e intentan deslegitimarla\". En declaracioes radiales, pidi\u00f3 \"acatar la voluntad popular\" y sostuvo que es\u2026","rel":"","context":"En \u00abElecciones 2015\u00bb","block_context":{"text":"Elecciones 2015","link":"http:\/\/www.24baires.com\/?cat=74"},"img":{"alt_text":"scioli voto paso15","src":"https:\/\/i0.wp.com\/www.24baires.com\/wp-content\/uploads\/2015\/08\/scioli-voto-paso15.jpg?resize=350%2C200","width":350,"height":200,"srcset":"https:\/\/i0.wp.com\/www.24baires.com\/wp-content\/uploads\/2015\/08\/scioli-voto-paso15.jpg?resize=350%2C200 1x, https:\/\/i0.wp.com\/www.24baires.com\/wp-content\/uploads\/2015\/08\/scioli-voto-paso15.jpg?resize=525%2C300 1.5x"},"classes":[]},{"id":75439,"url":"http:\/\/www.24baires.com\/?p=75439","url_meta":{"origin":72427,"position":2},"title":"Scioli felicit\u00f3 a Mauricio Macri por su triunfo: \u00abEs el nuevo Presidente\u00bb","author":"GB","date":"22\/11\/2015","format":false,"excerpt":"\"Esperemos que Dios lo ilumine para poder mejorar el pa\u00eds que ha avanzado\", se\u00f1al\u00f3 el candidato del FpV al reconocer su derrota en los comicios. Prometi\u00f3 \"hasta el \u00faltimo suspiro\" seguir \"en esa vocaci\u00f3n de servicio para ayudar a los que m\u00e1s necesitan\". El gobernador bonaerense y candidato presidencial del\u2026","rel":"","context":"En \u00abElecciones 2015\u00bb","block_context":{"text":"Elecciones 2015","link":"http:\/\/www.24baires.com\/?cat=74"},"img":{"alt_text":"","src":"https:\/\/i0.wp.com\/www.24baires.com\/wp-content\/uploads\/2015\/11\/scioli-final.jpg?resize=350%2C200","width":350,"height":200,"srcset":"https:\/\/i0.wp.com\/www.24baires.com\/wp-content\/uploads\/2015\/11\/scioli-final.jpg?resize=350%2C200 1x, https:\/\/i0.wp.com\/www.24baires.com\/wp-content\/uploads\/2015\/11\/scioli-final.jpg?resize=525%2C300 1.5x"},"classes":[]},{"id":113042,"url":"http:\/\/www.24baires.com\/?p=113042","url_meta":{"origin":72427,"position":3},"title":"\u201cHubo un mecanismo que actu\u00f3 contra la democracia\u201d, dijo Coudannes","author":"GB","date":"19\/11\/2019","format":false,"excerpt":"En Maip\u00fa siguen sin conocer los resultados electorales. El M\u00e1ximo Tribunal admiti\u00f3 que hay irregulares en los comicios y estudia la nulidad de los comicios. \u201cTodo el mundo sabe lo que sucedi\u00f3. Nada tienen que ver con un acto a la democracia lo que vivimos los maipunenses\u201d, manifest\u00f3 el candidato\u2026","rel":"","context":"En \u00abMunicipios\u00bb","block_context":{"text":"Municipios","link":"http:\/\/www.24baires.com\/?cat=44"},"img":{"alt_text":"","src":"https:\/\/i0.wp.com\/www.24baires.com\/wp-content\/uploads\/2019\/11\/maipu.png?resize=350%2C200","width":350,"height":200,"srcset":"https:\/\/i0.wp.com\/www.24baires.com\/wp-content\/uploads\/2019\/11\/maipu.png?resize=350%2C200 1x, https:\/\/i0.wp.com\/www.24baires.com\/wp-content\/uploads\/2019\/11\/maipu.png?resize=525%2C300 1.5x"},"classes":[]},{"id":119654,"url":"http:\/\/www.24baires.com\/?p=119654","url_meta":{"origin":72427,"position":4},"title":"Kicillof: \u00abEl fallo de la Corte Suprema es una verdadera inmundicia\u00bb","author":"AF","date":"22\/12\/2022","format":false,"excerpt":"El mandatario bonaerense cuestion\u00f3 con dureza el fallo que favoreci\u00f3 a la Ciudad de Buenos Aires en la discusi\u00f3n en torno a los fondos coparticipables. \u201cTodos los gobernadores est\u00e1n de acuerdo, aunque algunos no lo dicen por restricciones pol\u00edticas\u201d, afirm\u00f3. El gobernador de la Provincia de Buenos Aires, Axel Kicillof,\u2026","rel":"","context":"En \u00abProvincia\u00bb","block_context":{"text":"Provincia","link":"http:\/\/www.24baires.com\/?cat=40"},"img":{"alt_text":"","src":"https:\/\/i0.wp.com\/www.24baires.com\/wp-content\/uploads\/2022\/07\/kicillof.jpg?resize=350%2C200","width":350,"height":200,"srcset":"https:\/\/i0.wp.com\/www.24baires.com\/wp-content\/uploads\/2022\/07\/kicillof.jpg?resize=350%2C200 1x, https:\/\/i0.wp.com\/www.24baires.com\/wp-content\/uploads\/2022\/07\/kicillof.jpg?resize=525%2C300 1.5x, https:\/\/i0.wp.com\/www.24baires.com\/wp-content\/uploads\/2022\/07\/kicillof.jpg?resize=700%2C400 2x"},"classes":[]},{"id":72452,"url":"http:\/\/www.24baires.com\/?p=72452","url_meta":{"origin":72427,"position":5},"title":"Este martes Manzur ser\u00e1 proclamado gobernador electo de Tucum\u00e1n","author":"AF","date":"21\/09\/2015","format":false,"excerpt":"La Junta Electoral de Tucum\u00e1n proclamar\u00e1 ma\u00f1ana como gobernador electo de la provincia al candidato del Frente para la Victoria Juan Manzur, luego de que la Corte Suprema tucumana diera por v\u00e1lidos los comicios de agosto, decisi\u00f3n que fue reconocida por el candidato del opositor Acuerdo por el Bicentenario, Jos\u00e9\u2026","rel":"","context":"En \u00abElecciones 2015\u00bb","block_context":{"text":"Elecciones 2015","link":"http:\/\/www.24baires.com\/?cat=74"},"img":{"alt_text":"manzur votando","src":"https:\/\/i0.wp.com\/www.24baires.com\/wp-content\/uploads\/2015\/08\/manzur-votando.jpg?resize=350%2C200","width":350,"height":200,"srcset":"https:\/\/i0.wp.com\/www.24baires.com\/wp-content\/uploads\/2015\/08\/manzur-votando.jpg?resize=350%2C200 1x, https:\/\/i0.wp.com\/www.24baires.com\/wp-content\/uploads\/2015\/08\/manzur-votando.jpg?resize=525%2C300 1.5x"},"classes":[]}],"jetpack_sharing_enabled":true,"jetpack_likes_enabled":true,"jetpack_featured_media_url":"","_links":{"self":[{"href":"http:\/\/www.24baires.com\/index.php?rest_route=\/wp\/v2\/posts\/72427","targetHints":{"allow":["GET"]}}],"collection":[{"href":"http:\/\/www.24baires.com\/index.php?rest_route=\/wp\/v2\/posts"}],"about":[{"href":"http:\/\/www.24baires.com\/index.php?rest_route=\/wp\/v2\/types\/post"}],"author":[{"embeddable":true,"href":"http:\/\/www.24baires.com\/index.php?rest_route=\/wp\/v2\/users\/8"}],"replies":[{"embeddable":true,"href":"http:\/\/www.24baires.com\/index.php?rest_route=%2Fwp%2Fv2%2Fcomments&post=72427"}],"version-history":[{"count":1,"href":"http:\/\/www.24baires.com\/index.php?rest_route=\/wp\/v2\/posts\/72427\/revisions"}],"predecessor-version":[{"id":72428,"href":"http:\/\/www.24baires.com\/index.php?rest_route=\/wp\/v2\/posts\/72427\/revisions\/72428"}],"wp:attachment":[{"href":"http:\/\/www.24baires.com\/index.php?rest_route=%2Fwp%2Fv2%2Fmedia&parent=72427"}],"wp:term":[{"taxonomy":"category","embeddable":true,"href":"http:\/\/www.24baires.com\/index.php?rest_route=%2Fwp%2Fv2%2Fcategories&post=72427"},{"taxonomy":"post_tag","embeddable":true,"href":"http:\/\/www.24baires.com\/index.php?rest_route=%2Fwp%2Fv2%2Ftags&post=72427"}],"curies":[{"name":"wp","href":"https:\/\/api.w.org\/{rel}","templated":true}]}}