{"id":72397,"date":"2015-09-20T18:23:17","date_gmt":"2015-09-20T21:23:17","guid":{"rendered":"http:\/\/www.24baires.com\/?p=72397"},"modified":"2015-09-20T18:23:17","modified_gmt":"2015-09-20T21:23:17","slug":"scioli-pidio-el-voto-de-los-indecisos-porque-la-argentina-necesita-ir-a-lo-seguro","status":"publish","type":"post","link":"http:\/\/www.24baires.com\/?p=72397","title":{"rendered":"Scioli pidi\u00f3 el voto de los \u00abindecisos\u00bb porque \u00abla Argentina necesita ir a lo seguro\u00bb"},"content":{"rendered":"<p><img data-recalc-dims=\"1\" loading=\"lazy\" decoding=\"async\" class=\"aligncenter size-full wp-image-72398\" src=\"https:\/\/i0.wp.com\/www.24baires.com\/wp-content\/uploads\/2015\/09\/scioli-jubilados.jpg?resize=560%2C370\" alt=\"scioli jubilados\" width=\"560\" height=\"370\" srcset=\"https:\/\/i0.wp.com\/www.24baires.com\/wp-content\/uploads\/2015\/09\/scioli-jubilados.jpg?w=560 560w, https:\/\/i0.wp.com\/www.24baires.com\/wp-content\/uploads\/2015\/09\/scioli-jubilados.jpg?resize=300%2C198 300w\" sizes=\"auto, (max-width: 560px) 100vw, 560px\" \/><strong>MAR DEL PLATA-<\/strong>El candidato presidencial asegur\u00f3 que \u201cla gente quiere seguir avanzando sobre los logros, lo previsible, lo confiable y la experiencia\u201d, durante un acto por el D\u00eda del Jubilado, en el teatro Auditorium de Mar del Plata.<!--more--><\/p>\n<p>En un acto por el D\u00eda del Jubilado, llevado a cabo en el teatro Auditorium de Mar del Pata, Scioli dijo que la Argentina \u201cno necesita improvisar, necesita ir a lo seguro, a la experiencia, a la certidumbre de que se va a cuidar el trabajo\u201d.<\/p>\n<p>Tambi\u00e9n habl\u00f3 sobre los indecisos a la hora de votar en las elecciones del 25 de octubre pr\u00f3ximo y se\u00f1al\u00f3 que \u201cno se puede ser indiferente\u201d y les pidi\u00f3 a los jubilados \u201cla oportunidad de seguir trabajando\u201d.<\/p>\n<p>Scioli indic\u00f3 que \u201cvoy a seguir poniendo todo mi esfuerzo en darle los motivos a los argentinos para que nos respalden y nos acompa\u00f1en\u201d y a\u00f1adi\u00f3 que \u201ctengo mucha confianza que la gente no quiere cambiar al pasado, quiere seguir avanzando sobre estos logros\u201d.<\/p>\n<p>\u201cHay una clase media muy exigente que est\u00e1 preocupada por la seguridad ciudadana\u201d, apunt\u00f3 el gobernador, y agreg\u00f3 que la semana pr\u00f3xima \u201csaldr\u00e1 la primera promoci\u00f3n de la polic\u00eda local\u201d del partido de General Pueyrredon.<\/p>\n<p>En el acto Scioli estuvo acompa\u00f1ado por el titular de la Administraci\u00f3n Nacional de Seguridad Social (ANSES) Diego Bossio y por el intendente de General Pueyrred\u00f3n, Gustavo Pulti.<\/p>\n","protected":false},"excerpt":{"rendered":"<p>MAR DEL PLATA-El candidato presidencial asegur\u00f3 que \u201cla gente quiere seguir avanzando sobre los logros, lo previsible, lo confiable y la experiencia\u201d, durante un acto por el D\u00eda del Jubilado, en el teatro Auditorium de Mar del Plata.<\/p>\n","protected":false},"author":8,"featured_media":0,"comment_status":"open","ping_status":"open","sticky":false,"template":"","format":"standard","meta":{"_jetpack_newsletter_access":"","_jetpack_dont_email_post_to_subs":false,"_jetpack_newsletter_tier_id":0,"_jetpack_memberships_contains_paywalled_content":false,"_jetpack_memberships_contains_paid_content":false,"footnotes":""},"categories":[51],"tags":[],"class_list":["post-72397","post","type-post","status-publish","format-standard","hentry","category-politica"],"jetpack_shortlink":"https:\/\/wp.me\/p2JWE0-iPH","jetpack-related-posts":[{"id":69711,"url":"http:\/\/www.24baires.com\/?p=69711","url_meta":{"origin":72397,"position":0},"title":"Scioli: \u00abMe comprometo a seguir ampliando derechos y a m\u00e1s inclusi\u00f3n jubilatoria\u00bb","author":"AF","date":"29\/07\/2015","format":false,"excerpt":"El gobernador bonaerense y candidato presidencial por el FPV, Daniel Scioli habl\u00f3 en un acto en Florencio Varela. \"Primero los jubilados, dice este proyecto, primero los ni\u00f1os. Esas fueron las prioridades fijadas por N\u00e9stor y por la presidenta Cristina Fern\u00e1ndez de Kirchner\", agreg\u00f3. El gobernador bonaerense y candidato presidencial por\u2026","rel":"","context":"En \u00abElecciones 2015\u00bb","block_context":{"text":"Elecciones 2015","link":"http:\/\/www.24baires.com\/?cat=74"},"img":{"alt_text":"","src":"https:\/\/i0.wp.com\/www.24baires.com\/wp-content\/uploads\/2015\/07\/scioli1.jpg?resize=350%2C200","width":350,"height":200,"srcset":"https:\/\/i0.wp.com\/www.24baires.com\/wp-content\/uploads\/2015\/07\/scioli1.jpg?resize=350%2C200 1x, https:\/\/i0.wp.com\/www.24baires.com\/wp-content\/uploads\/2015\/07\/scioli1.jpg?resize=525%2C300 1.5x"},"classes":[]},{"id":111107,"url":"http:\/\/www.24baires.com\/?p=111107","url_meta":{"origin":72397,"position":1},"title":"Alberto Fern\u00e1ndez: \u00abSi los argentinos quieren pobreza y ajuste, que voten a Macri\u00bb","author":"AF","date":"08\/07\/2019","format":false,"excerpt":"El precandidato a presidente por el Frente de Todos responsabiliz\u00f3 al Gobierno de \"apagar la econom\u00eda\" y pidi\u00f3 la ayuda de todos para \"cambiar este presente\". De visita en Mar del Plata, el precandidato presidencial por el Frente de Todos, Alberto Fern\u00e1ndez, critic\u00f3 duramente el modelo econ\u00f3mico del gobierno de\u2026","rel":"","context":"En \u00abPol\u00edtica\u00bb","block_context":{"text":"Pol\u00edtica","link":"http:\/\/www.24baires.com\/?cat=51"},"img":{"alt_text":"","src":"https:\/\/i0.wp.com\/www.24baires.com\/wp-content\/uploads\/2019\/07\/fernandez.jpg?resize=350%2C200","width":350,"height":200,"srcset":"https:\/\/i0.wp.com\/www.24baires.com\/wp-content\/uploads\/2019\/07\/fernandez.jpg?resize=350%2C200 1x, https:\/\/i0.wp.com\/www.24baires.com\/wp-content\/uploads\/2019\/07\/fernandez.jpg?resize=525%2C300 1.5x"},"classes":[]},{"id":77830,"url":"http:\/\/www.24baires.com\/?p=77830","url_meta":{"origin":72397,"position":2},"title":"Scioli e Insaurralde se mostraron juntos en Lomas de Zamora","author":"AF","date":"19\/01\/2016","format":false,"excerpt":"En el marco de una visita a los chicos que asisten a la colonia gratuita del Municipio de Lomas de Zamora en el Parque de Villa Albertina, el Intendente Mart\u00edn Insaurralde y Daniel Scioli compartieron un encuentro y destacaron la voluntad de trabajar juntos en la reconstrucci\u00f3n del peronismo. \u201cQueremos\u2026","rel":"","context":"En \u00abPol\u00edtica\u00bb","block_context":{"text":"Pol\u00edtica","link":"http:\/\/www.24baires.com\/?cat=51"},"img":{"alt_text":"insaurral scioli acto","src":"https:\/\/i0.wp.com\/www.24baires.com\/wp-content\/uploads\/2013\/07\/insaurral-scioli-acto.jpg?resize=350%2C200","width":350,"height":200,"srcset":"https:\/\/i0.wp.com\/www.24baires.com\/wp-content\/uploads\/2013\/07\/insaurral-scioli-acto.jpg?resize=350%2C200 1x, https:\/\/i0.wp.com\/www.24baires.com\/wp-content\/uploads\/2013\/07\/insaurral-scioli-acto.jpg?resize=525%2C300 1.5x"},"classes":[]},{"id":108387,"url":"http:\/\/www.24baires.com\/?p=108387","url_meta":{"origin":72397,"position":3},"title":"Scioli ratific\u00f3 su candidatura presidencial","author":"GB","date":"25\/05\/2019","format":false,"excerpt":"El exgobernador de la Provincia de Buenos Aires particip\u00f3 del Congreso Educativo de Ajedrez que se realiz\u00f3 en la ciudad balnearia y manifest\u00f3 sus deseos de ser el primer mandatario del pa\u00eds despu\u00e9s del 10 de diciembre, sin embargo aclar\u00f3: \u201cVer\u00e9 como peronista en qu\u00e9 lugar puedo hacer mi mayor\u2026","rel":"","context":"En \u00abPol\u00edtica\u00bb","block_context":{"text":"Pol\u00edtica","link":"http:\/\/www.24baires.com\/?cat=51"},"img":{"alt_text":"","src":"https:\/\/i0.wp.com\/www.24baires.com\/wp-content\/uploads\/2019\/05\/scioli-mar-del.jpg?resize=350%2C200","width":350,"height":200,"srcset":"https:\/\/i0.wp.com\/www.24baires.com\/wp-content\/uploads\/2019\/05\/scioli-mar-del.jpg?resize=350%2C200 1x, https:\/\/i0.wp.com\/www.24baires.com\/wp-content\/uploads\/2019\/05\/scioli-mar-del.jpg?resize=525%2C300 1.5x"},"classes":[]},{"id":14127,"url":"http:\/\/www.24baires.com\/?p=14127","url_meta":{"origin":72397,"position":4},"title":"El Teatro Aditorium super\u00f3 su propio r\u00e9cord en nominaciones a premios","author":"AF","date":"31\/01\/2013","format":false,"excerpt":"MAR DEL PLATA - As\u00ed lo confirm\u00f3 su director, Gustavo Giordano, quien afirm\u00f3 que \u201chab\u00edamos llegado a 25 y hoy tenemos 34 nominaciones\u201d en el premio Estrella de Mar. El teatro Auditorium de Mar del Plata bati\u00f3 el record de nominaciones en los premios \u201cEstrella de Mar\u201d. Este a\u00f1o cuenta\u2026","rel":"","context":"En \u00abSociedad\u00bb","block_context":{"text":"Sociedad","link":"http:\/\/www.24baires.com\/?cat=1"},"img":{"alt_text":"","src":"https:\/\/i0.wp.com\/www.24baires.com\/wp-content\/uploads\/2013\/01\/auditorium.jpg?resize=350%2C200","width":350,"height":200,"srcset":"https:\/\/i0.wp.com\/www.24baires.com\/wp-content\/uploads\/2013\/01\/auditorium.jpg?resize=350%2C200 1x, https:\/\/i0.wp.com\/www.24baires.com\/wp-content\/uploads\/2013\/01\/auditorium.jpg?resize=525%2C300 1.5x"},"classes":[]},{"id":120614,"url":"http:\/\/www.24baires.com\/?p=120614","url_meta":{"origin":72397,"position":5},"title":"Massa buscar\u00e1 darles \u00abuna jubilaci\u00f3n digna\u00bb a las \u00abv\u00edctimas del sistema AFJP\u00bb","author":"AF","date":"02\/11\/2023","format":false,"excerpt":"El ministro de Econom\u00eda y candidato presidencial de Uni\u00f3n por la Patria llam\u00f3 a \"defender el sistema de jubilaci\u00f3n solidario y la posibilidad de tener entre generaciones un pacto\". Particip\u00f3 junto con la titular de Anses de un seminario con jubilados en Mar del Plata. l ministro de Econom\u00eda y\u2026","rel":"","context":"En \u00abPol\u00edtica\u00bb","block_context":{"text":"Pol\u00edtica","link":"http:\/\/www.24baires.com\/?cat=51"},"img":{"alt_text":"","src":"https:\/\/i0.wp.com\/www.24baires.com\/wp-content\/uploads\/2023\/11\/WhatsApp-Image-2023-11-03-at-00.24.50.jpeg?resize=350%2C200","width":350,"height":200,"srcset":"https:\/\/i0.wp.com\/www.24baires.com\/wp-content\/uploads\/2023\/11\/WhatsApp-Image-2023-11-03-at-00.24.50.jpeg?resize=350%2C200 1x, https:\/\/i0.wp.com\/www.24baires.com\/wp-content\/uploads\/2023\/11\/WhatsApp-Image-2023-11-03-at-00.24.50.jpeg?resize=525%2C300 1.5x"},"classes":[]}],"jetpack_sharing_enabled":true,"jetpack_likes_enabled":true,"jetpack_featured_media_url":"","_links":{"self":[{"href":"http:\/\/www.24baires.com\/index.php?rest_route=\/wp\/v2\/posts\/72397","targetHints":{"allow":["GET"]}}],"collection":[{"href":"http:\/\/www.24baires.com\/index.php?rest_route=\/wp\/v2\/posts"}],"about":[{"href":"http:\/\/www.24baires.com\/index.php?rest_route=\/wp\/v2\/types\/post"}],"author":[{"embeddable":true,"href":"http:\/\/www.24baires.com\/index.php?rest_route=\/wp\/v2\/users\/8"}],"replies":[{"embeddable":true,"href":"http:\/\/www.24baires.com\/index.php?rest_route=%2Fwp%2Fv2%2Fcomments&post=72397"}],"version-history":[{"count":1,"href":"http:\/\/www.24baires.com\/index.php?rest_route=\/wp\/v2\/posts\/72397\/revisions"}],"predecessor-version":[{"id":72399,"href":"http:\/\/www.24baires.com\/index.php?rest_route=\/wp\/v2\/posts\/72397\/revisions\/72399"}],"wp:attachment":[{"href":"http:\/\/www.24baires.com\/index.php?rest_route=%2Fwp%2Fv2%2Fmedia&parent=72397"}],"wp:term":[{"taxonomy":"category","embeddable":true,"href":"http:\/\/www.24baires.com\/index.php?rest_route=%2Fwp%2Fv2%2Fcategories&post=72397"},{"taxonomy":"post_tag","embeddable":true,"href":"http:\/\/www.24baires.com\/index.php?rest_route=%2Fwp%2Fv2%2Ftags&post=72397"}],"curies":[{"name":"wp","href":"https:\/\/api.w.org\/{rel}","templated":true}]}}