{"id":72392,"date":"2015-09-20T14:00:58","date_gmt":"2015-09-20T17:00:58","guid":{"rendered":"http:\/\/www.24baires.com\/?p=72392"},"modified":"2015-09-21T11:29:58","modified_gmt":"2015-09-21T14:29:58","slug":"cristina-asistio-junto-a-raul-castro-a-la-misa-del-papa-en-la-habana","status":"publish","type":"post","link":"http:\/\/www.24baires.com\/?p=72392","title":{"rendered":"Cristina asisti\u00f3 junto a Ra\u00fal Castro a la misa del Papa en La Habana"},"content":{"rendered":"<p><img data-recalc-dims=\"1\" loading=\"lazy\" decoding=\"async\" class=\"aligncenter size-full wp-image-72393\" src=\"https:\/\/i0.wp.com\/www.24baires.com\/wp-content\/uploads\/2015\/09\/cristina-raul.jpg?resize=560%2C372\" alt=\"cristina raul\" width=\"560\" height=\"372\" srcset=\"https:\/\/i0.wp.com\/www.24baires.com\/wp-content\/uploads\/2015\/09\/cristina-raul.jpg?w=560 560w, https:\/\/i0.wp.com\/www.24baires.com\/wp-content\/uploads\/2015\/09\/cristina-raul.jpg?resize=300%2C199 300w\" sizes=\"auto, (max-width: 560px) 100vw, 560px\" \/>La presidenta de la Naci\u00f3n, Cristina Fern\u00e1ndez de Kirchner, particip\u00f3 esta ma\u00f1ana de la hist\u00f3rica misa celebrada en la Plaza de la Revoluci\u00f3n de la ciudad de La Habana, donde una vez terminada la ceremonia salud\u00f3 e intercambi\u00f3 unas breves palabras con el papa Francisco.<!--more--><\/p>\n<p>La mandataria argentina particip\u00f3 esta ma\u00f1ana de la misa celebrada por el papa Francisco en la Plaza de Revoluci\u00f3n, junto al presidente de Cuba Ra\u00fal Castro y la delegaci\u00f3n oficial que est\u00e1 encabezada por el canciller argentino H\u00e9ctor Timerman.<\/p>\n<p>Una vez concluida la multitudinaria ceremonia, que se extendi\u00f3 por m\u00e1s de una hora y media bajo un intenso calor en la capital cubana, la presidenta intercambi\u00f3 saludos y algunas palabras con Francisco, quien momentos antes tambi\u00e9n hab\u00eda saludado al mandatario cubano.<\/p>\n<p>Posteriormente, Cristina se dirigi\u00f3 al Hotel Nacional de donde se espera que se retire para retornar al pa\u00eds despu\u00e9s del mediod\u00eda.<\/p>\n","protected":false},"excerpt":{"rendered":"<p>La presidenta de la Naci\u00f3n, Cristina Fern\u00e1ndez de Kirchner, particip\u00f3 esta ma\u00f1ana de la hist\u00f3rica misa celebrada en la Plaza de la Revoluci\u00f3n de la ciudad de La Habana, donde una vez terminada la ceremonia salud\u00f3 e intercambi\u00f3 unas breves palabras con el papa Francisco.<\/p>\n","protected":false},"author":8,"featured_media":0,"comment_status":"open","ping_status":"open","sticky":false,"template":"","format":"standard","meta":{"_jetpack_newsletter_access":"","_jetpack_dont_email_post_to_subs":false,"_jetpack_newsletter_tier_id":0,"_jetpack_memberships_contains_paywalled_content":false,"_jetpack_memberships_contains_paid_content":false,"footnotes":""},"categories":[51],"tags":[],"class_list":["post-72392","post","type-post","status-publish","format-standard","hentry","category-politica"],"jetpack_shortlink":"https:\/\/wp.me\/p2JWE0-iPC","jetpack-related-posts":[{"id":18801,"url":"http:\/\/www.24baires.com\/?p=18801","url_meta":{"origin":72392,"position":0},"title":"Emotiva asunci\u00f3n de Francisco: ya comenz\u00f3 oficialmente su papado","author":"AF","date":"19\/03\/2013","format":false,"excerpt":"Francisco, el primer papa latinoamericano y jesuita de la historia, comenz\u00f3 su pontificado con una multitudinaria misa en la plaza San Pedro, ante l\u00edderes pol\u00edticos y religiosos de todo el mundo. Francisco, el primer papa latinoamericano y jesuita de la historia, dio hoy el puntapi\u00e9 inicial a su pontificado con\u2026","rel":"","context":"En \u00abSociedad\u00bb","block_context":{"text":"Sociedad","link":"http:\/\/www.24baires.com\/?cat=1"},"img":{"alt_text":"","src":"https:\/\/i0.wp.com\/www.24baires.com\/wp-content\/uploads\/2013\/03\/bergoglio-asunci%C3%B3n.jpg?resize=350%2C200","width":350,"height":200,"srcset":"https:\/\/i0.wp.com\/www.24baires.com\/wp-content\/uploads\/2013\/03\/bergoglio-asunci%C3%B3n.jpg?resize=350%2C200 1x, https:\/\/i0.wp.com\/www.24baires.com\/wp-content\/uploads\/2013\/03\/bergoglio-asunci%C3%B3n.jpg?resize=525%2C300 1.5x"},"classes":[]},{"id":29066,"url":"http:\/\/www.24baires.com\/?p=29066","url_meta":{"origin":72392,"position":1},"title":"Cristina y otros l\u00edderes suramericanos participaron del cierre papal en Brasil","author":"Grupo Sierra","date":"28\/07\/2013","format":false,"excerpt":"La presidenta Cristina Fern\u00e1ndez de Kirchner particip\u00f3 hoy junto a sus pares de Brasil y Bolivia, Dilma Rousseff y Evo Morales, de la misa de cierre de la Jornada Mundial de la Juventud que se celebra desde el pasado lunes en R\u00edo de Janeiro. La Presidenta se ubic\u00f3 a metros\u2026","rel":"","context":"En \u00abSociedad\u00bb","block_context":{"text":"Sociedad","link":"http:\/\/www.24baires.com\/?cat=1"},"img":{"alt_text":"","src":"https:\/\/i0.wp.com\/www.24baires.com\/wp-content\/uploads\/2013\/07\/cristina-papa-brasil.jpg?resize=350%2C200","width":350,"height":200,"srcset":"https:\/\/i0.wp.com\/www.24baires.com\/wp-content\/uploads\/2013\/07\/cristina-papa-brasil.jpg?resize=350%2C200 1x, https:\/\/i0.wp.com\/www.24baires.com\/wp-content\/uploads\/2013\/07\/cristina-papa-brasil.jpg?resize=525%2C300 1.5x"},"classes":[]},{"id":68950,"url":"http:\/\/www.24baires.com\/?p=68950","url_meta":{"origin":72392,"position":2},"title":"Cristina salud\u00f3 al Papa tras la misa en Paraguay","author":"AF","date":"12\/07\/2015","format":false,"excerpt":"La Presidenta asisti\u00f3 a la multitudinaria misa celebrada por Francisco en el parque \u00d1u Guas\u00fa y, concluida la ceremonia, salud\u00f3 al sumo pont\u00edfice y le entreg\u00f3 un obsequio. La misa coron\u00f3 la gira del Papa por Ecuador, Bolivia y Paraguay. La misa en el Parque \u00d1u Guasu, en cercan\u00edas de\u2026","rel":"","context":"En \u00abLocales\u00bb","block_context":{"text":"Locales","link":"http:\/\/www.24baires.com\/?cat=38"},"img":{"alt_text":"","src":"","width":0,"height":0},"classes":[]},{"id":107283,"url":"http:\/\/www.24baires.com\/?p=107283","url_meta":{"origin":72392,"position":3},"title":"Cristina se reuni\u00f3 en Cuba con Ra\u00fal Castro","author":"AF","date":"19\/03\/2019","format":false,"excerpt":"De viaje en Cuba para acompa\u00f1ar a su hija Florencia Kirchner, la ex presidenta Cristina Fern\u00e1ndez se reuni\u00f3 con su colega Ra\u00fal Castro, ex presidente y l\u00edder del partido comunista. El encuentro se produjo mientras en argentina la justicia dictaba un nuevo procesamiento con prisi\u00f3n preventiva contra la actual senadora,\u2026","rel":"","context":"En \u00abPol\u00edtica\u00bb","block_context":{"text":"Pol\u00edtica","link":"http:\/\/www.24baires.com\/?cat=51"},"img":{"alt_text":"","src":"https:\/\/i0.wp.com\/www.24baires.com\/wp-content\/uploads\/2019\/03\/cristina-ra%C3%BAl-castro.jpg?resize=350%2C200","width":350,"height":200,"srcset":"https:\/\/i0.wp.com\/www.24baires.com\/wp-content\/uploads\/2019\/03\/cristina-ra%C3%BAl-castro.jpg?resize=350%2C200 1x, https:\/\/i0.wp.com\/www.24baires.com\/wp-content\/uploads\/2019\/03\/cristina-ra%C3%BAl-castro.jpg?resize=525%2C300 1.5x"},"classes":[]},{"id":72433,"url":"http:\/\/www.24baires.com\/?p=72433","url_meta":{"origin":72392,"position":4},"title":"El Papa recorre Holgu\u00edn, su segunda escala en Cuba","author":"GB","date":"21\/09\/2015","format":false,"excerpt":"El Papa recorre esa ciudad oriental de la isla, que recibe por primera vez la visita de un pont\u00edfice. Francisco oficiar\u00e1 luego otra misa multitudinaria en ese pa\u00eds, del que se despedir\u00e1 ma\u00f1ana ya que continuar\u00e1 su gira por Estados Unidos. All\u00ed le recibieron el primer vicepresidente cubano Miguel D\u00edaz-Canel;\u2026","rel":"","context":"En \u00abSociedad\u00bb","block_context":{"text":"Sociedad","link":"http:\/\/www.24baires.com\/?cat=1"},"img":{"alt_text":"","src":"https:\/\/i0.wp.com\/www.24baires.com\/wp-content\/uploads\/2015\/09\/papa-cuba.jpg?resize=350%2C200","width":350,"height":200,"srcset":"https:\/\/i0.wp.com\/www.24baires.com\/wp-content\/uploads\/2015\/09\/papa-cuba.jpg?resize=350%2C200 1x, https:\/\/i0.wp.com\/www.24baires.com\/wp-content\/uploads\/2015\/09\/papa-cuba.jpg?resize=525%2C300 1.5x"},"classes":[]},{"id":18634,"url":"http:\/\/www.24baires.com\/?p=18634","url_meta":{"origin":72392,"position":5},"title":"El Papa Francisco rez\u00f3 su primer Angelus, \u201cLa misericordia cambia al mundo\u201d dijo","author":"Grupo Sierra","date":"17\/03\/2013","format":false,"excerpt":"Una multitud de fieles particip\u00f3 del tradicional rezo del Angelus que realiz\u00f3 por primera vez el Papa Francisco, con un mensaje en el que destac\u00f3 que \"Dios no se cansa de perdonar\". Una multitud de fieles particip\u00f3 este mediod\u00eda del tradicional rezo del Angelus que realiz\u00f3 por primera vez el\u2026","rel":"","context":"En \u00abSociedad\u00bb","block_context":{"text":"Sociedad","link":"http:\/\/www.24baires.com\/?cat=1"},"img":{"alt_text":"","src":"https:\/\/i0.wp.com\/www.24baires.com\/wp-content\/uploads\/2013\/03\/papa-angelus.jpg?resize=350%2C200","width":350,"height":200},"classes":[]}],"jetpack_sharing_enabled":true,"jetpack_likes_enabled":true,"jetpack_featured_media_url":"","_links":{"self":[{"href":"http:\/\/www.24baires.com\/index.php?rest_route=\/wp\/v2\/posts\/72392","targetHints":{"allow":["GET"]}}],"collection":[{"href":"http:\/\/www.24baires.com\/index.php?rest_route=\/wp\/v2\/posts"}],"about":[{"href":"http:\/\/www.24baires.com\/index.php?rest_route=\/wp\/v2\/types\/post"}],"author":[{"embeddable":true,"href":"http:\/\/www.24baires.com\/index.php?rest_route=\/wp\/v2\/users\/8"}],"replies":[{"embeddable":true,"href":"http:\/\/www.24baires.com\/index.php?rest_route=%2Fwp%2Fv2%2Fcomments&post=72392"}],"version-history":[{"count":1,"href":"http:\/\/www.24baires.com\/index.php?rest_route=\/wp\/v2\/posts\/72392\/revisions"}],"predecessor-version":[{"id":72394,"href":"http:\/\/www.24baires.com\/index.php?rest_route=\/wp\/v2\/posts\/72392\/revisions\/72394"}],"wp:attachment":[{"href":"http:\/\/www.24baires.com\/index.php?rest_route=%2Fwp%2Fv2%2Fmedia&parent=72392"}],"wp:term":[{"taxonomy":"category","embeddable":true,"href":"http:\/\/www.24baires.com\/index.php?rest_route=%2Fwp%2Fv2%2Fcategories&post=72392"},{"taxonomy":"post_tag","embeddable":true,"href":"http:\/\/www.24baires.com\/index.php?rest_route=%2Fwp%2Fv2%2Ftags&post=72392"}],"curies":[{"name":"wp","href":"https:\/\/api.w.org\/{rel}","templated":true}]}}