{"id":72389,"date":"2015-09-20T16:00:25","date_gmt":"2015-09-20T19:00:25","guid":{"rendered":"http:\/\/www.24baires.com\/?p=72389"},"modified":"2015-09-20T13:58:42","modified_gmt":"2015-09-20T16:58:42","slug":"afsca-revelo-nuevas-irregularidades-en-la-productora-de-fernando-niembro","status":"publish","type":"post","link":"http:\/\/www.24baires.com\/?p=72389","title":{"rendered":"AFSCA revel\u00f3 nuevas irregularidades en la productora de Fernando Niembro"},"content":{"rendered":"<p><img data-recalc-dims=\"1\" loading=\"lazy\" decoding=\"async\" class=\"aligncenter size-full wp-image-69268\" src=\"https:\/\/i0.wp.com\/www.24baires.com\/wp-content\/uploads\/2015\/07\/fernando_niembro.jpg?resize=560%2C314\" alt=\"fernando_niembro\" width=\"560\" height=\"314\" srcset=\"https:\/\/i0.wp.com\/www.24baires.com\/wp-content\/uploads\/2015\/07\/fernando_niembro.jpg?w=560 560w, https:\/\/i0.wp.com\/www.24baires.com\/wp-content\/uploads\/2015\/07\/fernando_niembro.jpg?resize=300%2C168 300w\" sizes=\"auto, (max-width: 560px) 100vw, 560px\" \/>La empresa que el gobierno de Mauricio Macri contrat\u00f3 de manera directa por montos superiores a los 22 millones de pesos no cumpli\u00f3 con el requisito m\u00e1s b\u00e1sico para habilitar su funcionamiento como la obligatoriedad de estar inscripta ante la Autoridad de Comunicaci\u00f3n.<!--more--><\/p>\n<p>Mientras la Justicia avanzaba este viernes en la imputaci\u00f3n de Fernando Niembro y su socio en \u00abLa Usina Producciones\u00bb, Atilio Alberto Meza, por presunto lavado de dinero, la Autoridad Federal de Servicios de Comunicaci\u00f3n Audiovisual (AFSCA) denunci\u00f3 que la empresa viol\u00f3 la ley de Medios de la democracia.<\/p>\n<p>A instancias de un pedido del fiscal Carlos Velarde que lleva adelante la causa por defraudaci\u00f3n a la administraci\u00f3n p\u00fablica, la AFSCA inform\u00f3 este viernes al fiscal a cargo de la causa por administraci\u00f3n fraudulenta que \u00abLa Usina Producciones\u00bb no est\u00e1 inscripta en el Registro P\u00fablico de Agencias de Publicidad y Productoras Publicitarias.<\/p>\n<p>\u00abLa Usina no est\u00e1 registrada en la AFSCA ni como agencia de publicidad ni como productora proveedora de publicidad\u00bb, explicaron a minutouno.com fuentes de la AFSCA. De esta manera la empresa que se vio beneficiada por millonarias contrataciones directas por parte del gobierno de la ciudad de Buenos Aires tambi\u00e9n viol\u00f3 la ley de Servicios de Comunicaci\u00f3n Audiovisual.<\/p>\n<p>De acuerdo con el art\u00edculo 59 de la ley de Medios, \u00abla Autoridad Federal de Servicios de Comunicaci\u00f3n Audiovisual, llevar\u00e1 el Registro P\u00fablico de Agencias de Publicidad y Productoras Publicitarias, cuya inscripci\u00f3n ser\u00e1 obligatoria para la comercializaci\u00f3n de espacios en los servicios de radiodifusi\u00f3n. La reglamentaci\u00f3n determinar\u00e1 los datos registrales a completar por las mismas y cu\u00e1les deber\u00e1n ser p\u00fablicos. El registro incluir\u00e1:<br \/>\na) Las agencias de publicidad que cursen publicidad en los servicios regidos por esta ley;<br \/>\nb) Las empresas que intermedien en la comercializaci\u00f3n de publicidad de los servicios regidos por esta ley\u00bb.<\/p>\n<p>En tanto, el juez federal Sebasti\u00e1n Casanello orden\u00f3 las medidas solicitadas por el fiscal Ramiro Gonz\u00e1lez quien este viernes imput\u00f3 formalmente al periodista y ex candidato del PRO Fernando Niembro y su socio por supuestas maniobras de la lavado de activos.<\/p>\n<p>Fuentes judiciales confirmaron a minutouno.com que el juez hizo lugar al pedido del fiscal Gonz\u00e1lez y este mediod\u00eda libr\u00f3 oficios a distintos organismos, como la AFIP, Registros de Propiedades , al Banco Central y entidades crediticias para recabar informaci\u00f3n sobre los sospechosos y la empresa La Usina Producciones.<\/p>\n<p>&nbsp;<\/p>\n<p>&nbsp;<\/p>\n<p>&nbsp;<\/p>\n<p>&nbsp;<\/p>\n<p>&nbsp;<\/p>\n<p>&nbsp;<\/p>\n<p>&nbsp;<\/p>\n<p>&nbsp;<\/p>\n<p>&nbsp;<\/p>\n<p>&nbsp;<\/p>\n<p>&nbsp;<\/p>\n<p>&nbsp;<\/p>\n<p>&nbsp;<\/p>\n<p>&nbsp;<\/p>\n<p>&nbsp;<\/p>\n<p>&nbsp;<\/p>\n","protected":false},"excerpt":{"rendered":"<p>La empresa que el gobierno de Mauricio Macri contrat\u00f3 de manera directa por montos superiores a los 22 millones de pesos no cumpli\u00f3 con el requisito m\u00e1s b\u00e1sico para habilitar su funcionamiento como la obligatoriedad de estar inscripta ante la Autoridad de Comunicaci\u00f3n.<\/p>\n","protected":false},"author":8,"featured_media":0,"comment_status":"open","ping_status":"open","sticky":false,"template":"","format":"standard","meta":{"_jetpack_newsletter_access":"","_jetpack_dont_email_post_to_subs":false,"_jetpack_newsletter_tier_id":0,"_jetpack_memberships_contains_paywalled_content":false,"_jetpack_memberships_contains_paid_content":false,"footnotes":""},"categories":[51],"tags":[],"class_list":["post-72389","post","type-post","status-publish","format-standard","hentry","category-politica"],"jetpack_shortlink":"https:\/\/wp.me\/p2JWE0-iPz","jetpack-related-posts":[{"id":71748,"url":"http:\/\/www.24baires.com\/?p=71748","url_meta":{"origin":72389,"position":0},"title":"Allanaron dependencias del gobierno porte\u00f1o y de la empresa vinculada a Niembro","author":"GB","date":"07\/09\/2015","format":false,"excerpt":"Los allanamientos, llevados a cabo por la fiscal\u00eda de instrucci\u00f3n n\u00famero 43, a cargo del fiscal Carlos Velarde, fueron realizados en las \u00faltimas horas en oficinas del Ejecutivo porte\u00f1o y de La Usina Producciones, firma del periodista y candidato por Cambiemos El fiscal a cargo de la causa que investiga\u2026","rel":"","context":"En \u00abJUDICIALES\u00bb","block_context":{"text":"JUDICIALES","link":"http:\/\/www.24baires.com\/?cat=68"},"img":{"alt_text":"macri niembro","src":"https:\/\/i0.wp.com\/www.24baires.com\/wp-content\/uploads\/2015\/09\/macri-niembro.jpg?resize=350%2C200","width":350,"height":200,"srcset":"https:\/\/i0.wp.com\/www.24baires.com\/wp-content\/uploads\/2015\/09\/macri-niembro.jpg?resize=350%2C200 1x, https:\/\/i0.wp.com\/www.24baires.com\/wp-content\/uploads\/2015\/09\/macri-niembro.jpg?resize=525%2C300 1.5x"},"classes":[]},{"id":97760,"url":"http:\/\/www.24baires.com\/?p=97760","url_meta":{"origin":72389,"position":1},"title":"Revocaron el sobreseimiento dictado en favor de Fernando Niembro","author":"AF","date":"28\/09\/2017","format":false,"excerpt":"Lo hizo la C\u00e1mara Nacional en lo Criminal que consider\u00f3 que se pudo haber cometido un \"fraude\" millonario en la causa penal por supuestos il\u00edcitos con millonarios contratos de publicidad con el Gobierno de la Ciudad de Buenos Aires. La C\u00e1mara Nacional en lo Criminal consider\u00f3 que se pudo haber\u2026","rel":"","context":"En \u00abJUDICIALES\u00bb","block_context":{"text":"JUDICIALES","link":"http:\/\/www.24baires.com\/?cat=68"},"img":{"alt_text":"","src":"https:\/\/i0.wp.com\/www.24baires.com\/wp-content\/uploads\/2015\/09\/niembro.jpg?resize=350%2C200","width":350,"height":200,"srcset":"https:\/\/i0.wp.com\/www.24baires.com\/wp-content\/uploads\/2015\/09\/niembro.jpg?resize=350%2C200 1x, https:\/\/i0.wp.com\/www.24baires.com\/wp-content\/uploads\/2015\/09\/niembro.jpg?resize=525%2C300 1.5x"},"classes":[]},{"id":71713,"url":"http:\/\/www.24baires.com\/?p=71713","url_meta":{"origin":72389,"position":2},"title":"Banco Ciudad y el gobierno porte\u00f1o, \u00fanicos clientes de La Usina Producciones","author":"GB","date":"06\/09\/2015","format":false,"excerpt":"La empresa vinculada al candidato a diputado del Pro Fernando Niembro le factur\u00f3 $21 millones al gobierno porte\u00f1o con procedimientos irregulares y firm\u00f3 un contrato con el banco para difundir publicidad. Hoy se conocieron m\u00e1s datos sobre los movimientos contractuales y facturaci\u00f3n de \"La Usina Producciones\", la empresa cuya titularidad\u2026","rel":"","context":"En \u00abPol\u00edtica\u00bb","block_context":{"text":"Pol\u00edtica","link":"http:\/\/www.24baires.com\/?cat=51"},"img":{"alt_text":"macri niembro","src":"https:\/\/i0.wp.com\/www.24baires.com\/wp-content\/uploads\/2015\/09\/macri-niembro.jpg?resize=350%2C200","width":350,"height":200,"srcset":"https:\/\/i0.wp.com\/www.24baires.com\/wp-content\/uploads\/2015\/09\/macri-niembro.jpg?resize=350%2C200 1x, https:\/\/i0.wp.com\/www.24baires.com\/wp-content\/uploads\/2015\/09\/macri-niembro.jpg?resize=525%2C300 1.5x"},"classes":[]},{"id":71780,"url":"http:\/\/www.24baires.com\/?p=71780","url_meta":{"origin":72389,"position":3},"title":"El socio de Niembro en La Usina tambi\u00e9n es candidato de Cambiemos por la Provincia","author":"AF","date":"07\/09\/2015","format":false,"excerpt":"Atilio Alberto Meza, quien qued\u00f3 al frente de la empresa tras la salida del periodista y primer candidato a diputado del macrismo, ocupa el puesto de suplente n\u00famero 13 en la boleta en la provincia de Buenos Aires. El socio de Fernando Niembro en La Usina Producciones, Alberto Atilio Meza,\u2026","rel":"","context":"En \u00abElecciones 2015\u00bb","block_context":{"text":"Elecciones 2015","link":"http:\/\/www.24baires.com\/?cat=74"},"img":{"alt_text":"","src":"","width":0,"height":0},"classes":[]},{"id":95304,"url":"http:\/\/www.24baires.com\/?p=95304","url_meta":{"origin":72389,"position":4},"title":"Apelaron el sobreseimiento de Niembro","author":"GB","date":"19\/06\/2017","format":false,"excerpt":"A una semana de la coincidencia entre su retorno a la radio y la decisi\u00f3n judicial de dejarlo libre de culpa y cargo por las irregularidades en los millonarios contratos entre su productora y el gobierno porte\u00f1o, el fiscal de instrucci\u00f3n recurri\u00f3 la absoluci\u00f3n al considerarla \"prematura\" y basada s\u00f3lo\u2026","rel":"","context":"En \u00abPol\u00edtica\u00bb","block_context":{"text":"Pol\u00edtica","link":"http:\/\/www.24baires.com\/?cat=51"},"img":{"alt_text":"","src":"https:\/\/i0.wp.com\/www.24baires.com\/wp-content\/uploads\/2015\/09\/macri-niembro.jpg?resize=350%2C200","width":350,"height":200,"srcset":"https:\/\/i0.wp.com\/www.24baires.com\/wp-content\/uploads\/2015\/09\/macri-niembro.jpg?resize=350%2C200 1x, https:\/\/i0.wp.com\/www.24baires.com\/wp-content\/uploads\/2015\/09\/macri-niembro.jpg?resize=525%2C300 1.5x"},"classes":[]},{"id":71842,"url":"http:\/\/www.24baires.com\/?p=71842","url_meta":{"origin":72389,"position":5},"title":"Niembro decidi\u00f3 no renunciar a su candidatura","author":"GB","date":"08\/09\/2015","format":false,"excerpt":"El periodista deportivo y candidato a diputado del PRO en Provincia, Fernando Niembro, consider\u00f3 a Radio 10 que la denuncia por supuestas contrataciones irregulares forma parte de una \"campa\u00f1a sucia\" que se hace contra \u00e9l y recalc\u00f3 que no va a renunciar a su candidatura. \"No tengo nada que ocultar\",\u2026","rel":"","context":"En \u00abElecciones 2015\u00bb","block_context":{"text":"Elecciones 2015","link":"http:\/\/www.24baires.com\/?cat=74"},"img":{"alt_text":"niembro","src":"https:\/\/i0.wp.com\/www.24baires.com\/wp-content\/uploads\/2015\/09\/niembro.jpg?resize=350%2C200","width":350,"height":200,"srcset":"https:\/\/i0.wp.com\/www.24baires.com\/wp-content\/uploads\/2015\/09\/niembro.jpg?resize=350%2C200 1x, https:\/\/i0.wp.com\/www.24baires.com\/wp-content\/uploads\/2015\/09\/niembro.jpg?resize=525%2C300 1.5x"},"classes":[]}],"jetpack_sharing_enabled":true,"jetpack_likes_enabled":true,"jetpack_featured_media_url":"","_links":{"self":[{"href":"http:\/\/www.24baires.com\/index.php?rest_route=\/wp\/v2\/posts\/72389","targetHints":{"allow":["GET"]}}],"collection":[{"href":"http:\/\/www.24baires.com\/index.php?rest_route=\/wp\/v2\/posts"}],"about":[{"href":"http:\/\/www.24baires.com\/index.php?rest_route=\/wp\/v2\/types\/post"}],"author":[{"embeddable":true,"href":"http:\/\/www.24baires.com\/index.php?rest_route=\/wp\/v2\/users\/8"}],"replies":[{"embeddable":true,"href":"http:\/\/www.24baires.com\/index.php?rest_route=%2Fwp%2Fv2%2Fcomments&post=72389"}],"version-history":[{"count":1,"href":"http:\/\/www.24baires.com\/index.php?rest_route=\/wp\/v2\/posts\/72389\/revisions"}],"predecessor-version":[{"id":72391,"href":"http:\/\/www.24baires.com\/index.php?rest_route=\/wp\/v2\/posts\/72389\/revisions\/72391"}],"wp:attachment":[{"href":"http:\/\/www.24baires.com\/index.php?rest_route=%2Fwp%2Fv2%2Fmedia&parent=72389"}],"wp:term":[{"taxonomy":"category","embeddable":true,"href":"http:\/\/www.24baires.com\/index.php?rest_route=%2Fwp%2Fv2%2Fcategories&post=72389"},{"taxonomy":"post_tag","embeddable":true,"href":"http:\/\/www.24baires.com\/index.php?rest_route=%2Fwp%2Fv2%2Ftags&post=72389"}],"curies":[{"name":"wp","href":"https:\/\/api.w.org\/{rel}","templated":true}]}}