{"id":72372,"date":"2015-09-19T15:00:51","date_gmt":"2015-09-19T18:00:51","guid":{"rendered":"http:\/\/www.24baires.com\/?p=72372"},"modified":"2015-09-19T14:22:08","modified_gmt":"2015-09-19T17:22:08","slug":"scioli-argentina-no-necesita-ninguna-politica-de-shock-ni-de-ajuste","status":"publish","type":"post","link":"http:\/\/www.24baires.com\/?p=72372","title":{"rendered":"Scioli: \u00abArgentina no necesita ninguna pol\u00edtica de shock ni de ajuste\u00bb"},"content":{"rendered":"<p><img data-recalc-dims=\"1\" loading=\"lazy\" decoding=\"async\" class=\"aligncenter  wp-image-68427\" src=\"https:\/\/i0.wp.com\/www.24baires.com\/wp-content\/uploads\/2015\/07\/scioli.jpg?resize=560%2C314\" alt=\"scioli\" width=\"560\" height=\"314\" srcset=\"https:\/\/i0.wp.com\/www.24baires.com\/wp-content\/uploads\/2015\/07\/scioli.jpg?w=510 510w, https:\/\/i0.wp.com\/www.24baires.com\/wp-content\/uploads\/2015\/07\/scioli.jpg?resize=300%2C168 300w\" sizes=\"auto, (max-width: 560px) 100vw, 560px\" \/>El candidato a presidente por el FpV explic\u00f3 que el pa\u00eds necesita \u00abir abordando responsablemente cada uno de los temas sin afectar el eje central que es el poder adquisitivo de los trabajadores\u00bb.<!--more--><\/p>\n<p>El candidato a presidente por el Frente para la Victoria (FpV), Daniel Scioli, sostuvo que el pa\u00eds \u00abno necesita ninguna pol\u00edtica de shock ni de ajuste\u00bb sino \u00abir abordando responsablemente cada uno de los temas sin afectar el eje central que es el poder adquisitivo de los trabajadores\u00bb.<\/p>\n<p>En di\u00e1logo con Cadena 3, el mandatario bonaerense envi\u00f3 un mensaje al electorado cordob\u00e9s y sostuvo que si resulta electo presidente va a trabajar en forma conjunta con el gobernador electo Juan Schiaretti, \u00abpara solucionar los problemas\u00bb de la provincia mediterr\u00e1nea.<\/p>\n<p>Scioli se diferenci\u00f3, tambi\u00e9n, de quienes proponen una devaluaci\u00f3n del peso: \u00absabemos que la gran devaluaci\u00f3n que propone (Mauricio) Macri genera un ajuste en el salario real y yo lo que voy a buscar es fortalecer cada vez m\u00e1s el poder adquisitivo de los trabajadores y el mercado interno\u00bb.<\/p>\n<p>En cuanto a la relaci\u00f3n que mantendr\u00e1 con C\u00f3rdoba Scioli sostuvo que su acercamiento con la provincia \u00abes algo personal\u00bb ya que siempre ha tenido \u00abun afecto muy especial\u00bb con la provincia.<\/p>\n<p>\u00abNo tengan dudas -a\u00f1adi\u00f3-, que cuando llegue el momento, Schiaretti y yo nos vamos a entender bien, m\u00e1s all\u00e1 de nuestras posturas pol\u00edticas y quiero que entiendan los cordobeses mi inquebrantable voluntad de trabajar para solucionarles los problemas\u00bb.<\/p>\n<p>En otro orden le pidi\u00f3 \u00abal pueblo tucumano tranquilidad, unidad, paz y un poco de paciencia\u00bb porque el conflicto relacionado con los comicios provinciales \u00abse va terminar resolviendo en los m\u00e1ximos tribunales con la legitimidad del triunfo de Juan Manzur\u00bb.<\/p>\n<p>\u00abYo conf\u00edo en los instrumentos previstos para una circunstancia como \u00e9sta, donde con m\u00e1s de 110 mil votos de diferencia el el gobernador electo va a ser ratificado a su tiempo por las m\u00e1ximas instancias judiciales\u00bb.<\/p>\n<p>Scioli descart\u00f3 la necesidad de intervenir la provincia o el poder judicial tucumano, porque \u00abes un proceso electoral, y m\u00e1s all\u00e1 de las circunstancias de violencia y algunos casos conocidos, hay m\u00e1s de 110 mil votos de diferencia que fueron ratificados en el \u00faltimo recuento lo que le da un triunfo a Juan Manzur que es coherente con lo que ya hab\u00eda sucedido en las PASO\u00bb.<\/p>\n<p>\u00abEl pueblo tucumano no quiere ir para atr\u00e1s, quiere ir para delante y estoy seguro que Manzur va a gobernar para todos los tucumanos, tenemos que dejar atr\u00e1s la ceguera y solucionar este conflicto y yo, como pueda, voy a colaborar para eso\u00bb, concluy\u00f3.<\/p>\n","protected":false},"excerpt":{"rendered":"<p>El candidato a presidente por el FpV explic\u00f3 que el pa\u00eds necesita \u00abir abordando responsablemente cada uno de los temas sin afectar el eje central que es el poder adquisitivo de los trabajadores\u00bb.<\/p>\n","protected":false},"author":4,"featured_media":0,"comment_status":"open","ping_status":"open","sticky":false,"template":"","format":"standard","meta":{"_jetpack_newsletter_access":"","_jetpack_dont_email_post_to_subs":false,"_jetpack_newsletter_tier_id":0,"_jetpack_memberships_contains_paywalled_content":false,"_jetpack_memberships_contains_paid_content":false,"footnotes":""},"categories":[51],"tags":[],"class_list":["post-72372","post","type-post","status-publish","format-standard","hentry","category-politica"],"jetpack_shortlink":"https:\/\/wp.me\/p2JWE0-iPi","jetpack-related-posts":[{"id":119056,"url":"http:\/\/www.24baires.com\/?p=119056","url_meta":{"origin":72372,"position":0},"title":"\u00abSeguramente habr\u00e1 algunas modificaciones\u00bb en las revisiones del acuerdo con el FMI","author":"AF","date":"05\/07\/2022","format":false,"excerpt":"La flamante ministra de Econom\u00eda afirm\u00f3 que se debe \"trabajar de manera conjunta\" para cumplir con el acuerdo. \"Viendo las metas de cada revisi\u00f3n, seguramente habr\u00e1 algunas modificaciones\", remarc\u00f3. La flamante ministra de Econom\u00eda, Silvina Batakis, que \"seguramente habr\u00e1 algunas modificaciones\" en las pr\u00f3ximas revisiones del acuerdo con el Fondo\u2026","rel":"","context":"En \u00abEconom\u00eda\u00bb","block_context":{"text":"Econom\u00eda","link":"http:\/\/www.24baires.com\/?cat=45"},"img":{"alt_text":"","src":"https:\/\/i0.wp.com\/www.24baires.com\/wp-content\/uploads\/2022\/07\/62c35d28a345d_900.jpg?resize=350%2C200","width":350,"height":200,"srcset":"https:\/\/i0.wp.com\/www.24baires.com\/wp-content\/uploads\/2022\/07\/62c35d28a345d_900.jpg?resize=350%2C200 1x, https:\/\/i0.wp.com\/www.24baires.com\/wp-content\/uploads\/2022\/07\/62c35d28a345d_900.jpg?resize=525%2C300 1.5x, https:\/\/i0.wp.com\/www.24baires.com\/wp-content\/uploads\/2022\/07\/62c35d28a345d_900.jpg?resize=700%2C400 2x"},"classes":[]},{"id":66551,"url":"http:\/\/www.24baires.com\/?p=66551","url_meta":{"origin":72372,"position":1},"title":"Scioli asegur\u00f3 que ser\u00e1 el presidente de \u00abla producci\u00f3n y la inversi\u00f3n\u00bb","author":"GB","date":"26\/05\/2015","format":false,"excerpt":"El gobernador bonaerense y precandidato presidencial por el FpV, dijo ante la UIA que mantiene \"serias diferencias\" con Mauricio Macri y asegur\u00f3 que en el caso de llegar a la primera magistratura a trav\u00e9s del voto popular ser\u00e1 el Presidente de la \"producci\u00f3n y la inversi\u00f3n\". Daniel Scioli realiz\u00f3 esta\u2026","rel":"","context":"En \u00abPol\u00edtica\u00bb","block_context":{"text":"Pol\u00edtica","link":"http:\/\/www.24baires.com\/?cat=51"},"img":{"alt_text":"scioli 1","src":"https:\/\/i0.wp.com\/www.24baires.com\/wp-content\/uploads\/2015\/01\/scioli-1.jpg?resize=350%2C200","width":350,"height":200,"srcset":"https:\/\/i0.wp.com\/www.24baires.com\/wp-content\/uploads\/2015\/01\/scioli-1.jpg?resize=350%2C200 1x, https:\/\/i0.wp.com\/www.24baires.com\/wp-content\/uploads\/2015\/01\/scioli-1.jpg?resize=525%2C300 1.5x"},"classes":[]},{"id":69226,"url":"http:\/\/www.24baires.com\/?p=69226","url_meta":{"origin":72372,"position":2},"title":"Scioli consider\u00f3 en San Juan que la miner\u00eda generar\u00e1 millones de d\u00f3lares y trabajo","author":"Grupo Sierra","date":"17\/07\/2015","format":false,"excerpt":"El candidato a presidente por el FpV, Daniel Scioli, junto a su compa\u00f1ero de f\u00f3rmula Carlos Zannini, afirm\u00f3 que \"la actividad minera tiene la capacidad de generar 30 mil millones de d\u00f3lares en los pr\u00f3ximos cuatro a\u00f1os y cientos de puestos de trabajo\", al participar de un seminario en San\u2026","rel":"","context":"En \u00abElecciones 2015\u00bb","block_context":{"text":"Elecciones 2015","link":"http:\/\/www.24baires.com\/?cat=74"},"img":{"alt_text":"","src":"https:\/\/i0.wp.com\/www.24baires.com\/wp-content\/uploads\/2015\/07\/scioli-gioja.jpg?resize=350%2C200","width":350,"height":200,"srcset":"https:\/\/i0.wp.com\/www.24baires.com\/wp-content\/uploads\/2015\/07\/scioli-gioja.jpg?resize=350%2C200 1x, https:\/\/i0.wp.com\/www.24baires.com\/wp-content\/uploads\/2015\/07\/scioli-gioja.jpg?resize=525%2C300 1.5x"},"classes":[]},{"id":70987,"url":"http:\/\/www.24baires.com\/?p=70987","url_meta":{"origin":72372,"position":3},"title":"Scioli: \u201cYo quiero ser el presidente Pyme\u201d","author":"Grupo Sierra","date":"22\/08\/2015","format":false,"excerpt":"El candidato a presidente por el FpV prometi\u00f3 implementar instrumentos crediticios para nuevos emprendimientos, y se diferenci\u00f3 de las iniciativas econ\u00f3micas planteadas por la oposici\u00f3n a las que calific\u00f3 de \u201cinquietantes\u201d. En el acto por el D\u00eda del Empresario Nacional realizado en el Paseo La Plaza, Scioli se comprometi\u00f3 frente\u2026","rel":"","context":"En \u00abPol\u00edtica\u00bb","block_context":{"text":"Pol\u00edtica","link":"http:\/\/www.24baires.com\/?cat=51"},"img":{"alt_text":"","src":"https:\/\/i0.wp.com\/www.24baires.com\/wp-content\/uploads\/2015\/08\/frances-2.jpg?resize=350%2C200","width":350,"height":200},"classes":[]},{"id":120181,"url":"http:\/\/www.24baires.com\/?p=120181","url_meta":{"origin":72372,"position":4},"title":"El Frente de Todos pasa a llamarse \u00abUni\u00f3n por la Patria\u00bb","author":"AF","date":"14\/06\/2023","format":false,"excerpt":"Los distintos sectores que componen el frente oficialista mantienen reuniones para definir, entre otras cosas, la constituci\u00f3n de su junta partidaria y el reglamento electoral que fijar\u00e1 pisos y porcentajes para la integraci\u00f3n de listas. El Frente de Todos (FdT) se llamar\u00e1 Uni\u00f3n por la Patria (UxP) en las pr\u00f3ximas\u2026","rel":"","context":"En \u00abPol\u00edtica\u00bb","block_context":{"text":"Pol\u00edtica","link":"http:\/\/www.24baires.com\/?cat=51"},"img":{"alt_text":"","src":"https:\/\/i0.wp.com\/www.24baires.com\/wp-content\/uploads\/2023\/06\/cfk-25-5.png?resize=350%2C200","width":350,"height":200,"srcset":"https:\/\/i0.wp.com\/www.24baires.com\/wp-content\/uploads\/2023\/06\/cfk-25-5.png?resize=350%2C200 1x, https:\/\/i0.wp.com\/www.24baires.com\/wp-content\/uploads\/2023\/06\/cfk-25-5.png?resize=525%2C300 1.5x, https:\/\/i0.wp.com\/www.24baires.com\/wp-content\/uploads\/2023\/06\/cfk-25-5.png?resize=700%2C400 2x, https:\/\/i0.wp.com\/www.24baires.com\/wp-content\/uploads\/2023\/06\/cfk-25-5.png?resize=1050%2C600 3x"},"classes":[]},{"id":101122,"url":"http:\/\/www.24baires.com\/?p=101122","url_meta":{"origin":72372,"position":5},"title":"Indagar\u00e1n a Scioli por irregularidades en la construcci\u00f3n de las UPA 24","author":"AF","date":"17\/03\/2018","format":false,"excerpt":"El ex gobernador Daniel Scioli y quien fuera su ministro de Salud, Alejandro Collia, fueron imputados y citados a prestar declaraci\u00f3n indagatoria en el marco de una causa que investiga presuntas irregularidades en la adjudicaci\u00f3n de ocho Unidades de Pronta Atenci\u00f3n (UPA 24) para las que se destinaron m\u00e1s de\u2026","rel":"","context":"En \u00abJUDICIALES\u00bb","block_context":{"text":"JUDICIALES","link":"http:\/\/www.24baires.com\/?cat=68"},"img":{"alt_text":"","src":"https:\/\/i0.wp.com\/www.24baires.com\/wp-content\/uploads\/2014\/05\/Daniel-Scioli.jpg?resize=350%2C200","width":350,"height":200,"srcset":"https:\/\/i0.wp.com\/www.24baires.com\/wp-content\/uploads\/2014\/05\/Daniel-Scioli.jpg?resize=350%2C200 1x, https:\/\/i0.wp.com\/www.24baires.com\/wp-content\/uploads\/2014\/05\/Daniel-Scioli.jpg?resize=525%2C300 1.5x"},"classes":[]}],"jetpack_sharing_enabled":true,"jetpack_likes_enabled":true,"jetpack_featured_media_url":"","_links":{"self":[{"href":"http:\/\/www.24baires.com\/index.php?rest_route=\/wp\/v2\/posts\/72372","targetHints":{"allow":["GET"]}}],"collection":[{"href":"http:\/\/www.24baires.com\/index.php?rest_route=\/wp\/v2\/posts"}],"about":[{"href":"http:\/\/www.24baires.com\/index.php?rest_route=\/wp\/v2\/types\/post"}],"author":[{"embeddable":true,"href":"http:\/\/www.24baires.com\/index.php?rest_route=\/wp\/v2\/users\/4"}],"replies":[{"embeddable":true,"href":"http:\/\/www.24baires.com\/index.php?rest_route=%2Fwp%2Fv2%2Fcomments&post=72372"}],"version-history":[{"count":1,"href":"http:\/\/www.24baires.com\/index.php?rest_route=\/wp\/v2\/posts\/72372\/revisions"}],"predecessor-version":[{"id":72373,"href":"http:\/\/www.24baires.com\/index.php?rest_route=\/wp\/v2\/posts\/72372\/revisions\/72373"}],"wp:attachment":[{"href":"http:\/\/www.24baires.com\/index.php?rest_route=%2Fwp%2Fv2%2Fmedia&parent=72372"}],"wp:term":[{"taxonomy":"category","embeddable":true,"href":"http:\/\/www.24baires.com\/index.php?rest_route=%2Fwp%2Fv2%2Fcategories&post=72372"},{"taxonomy":"post_tag","embeddable":true,"href":"http:\/\/www.24baires.com\/index.php?rest_route=%2Fwp%2Fv2%2Ftags&post=72372"}],"curies":[{"name":"wp","href":"https:\/\/api.w.org\/{rel}","templated":true}]}}